{"id":37541,"date":"2023-10-18T22:23:53","date_gmt":"2023-10-18T22:23:53","guid":{"rendered":"http:\/\/historiografija.hr\/?p=37541"},"modified":"2023-10-18T22:23:53","modified_gmt":"2023-10-18T22:23:53","slug":"izlozba-izmedu-slave-i-zaborava-lea-deutsch-cudo-od-djeteta-i-zrtva-holokausta-u-krakovu","status":"publish","type":"post","link":"https:\/\/historiografija.hr\/?p=37541","title":{"rendered":"Izlo\u017eba &#8220;Izme\u0111u slave i zaborava. Lea Deutsch, \u010dudo od djeteta i \u017ertva Holokausta&#8221; u Krakovu"},"content":{"rendered":"\n<p>U Institutu za slavensku filologiju Jagelonskog sveu\u010dili\u0161ta u Krakovu otvorena je 16. listopada 2023. gostuju\u0107a izlo\u017eba &#8220;Izme\u0111u slave i zaborava. Lea Deutsch, \u010dudo od djeteta i \u017ertva Holokausta&#8221;.<\/p>\n\n\n\n<p>Otvorenje je popra\u0107eno razgovorom u kojem su sudjelovali:<\/p>\n\n\n\n<p>Martina Bitunjac, Sveu\u010dili\u0161te u Potsdamu<\/p>\n\n\n\n<p>Damir Agi\u010di\u0107, Sveu\u010dili\u0161te u Zagrebu<\/p>\n\n\n\n<p>Magdalena-Najbar Agi\u010di\u0107, Sveu\u010dili\u0161te Sjever u Koprivnici<\/p>\n\n\n\n<p>Maciej Czerwinski, Jagelonsko sveu\u010dili\u0161te u Krakovu.<\/p>\n\n\n\n<hr class=\"wp-block-separator\"\/>\n\n\n\n<p>Fotogalerija i dodatne obavijesti:<\/p>\n\n\n\n<p><a href=\"https:\/\/www.facebook.com\/profile.php?id=100064795953767\">https:\/\/www.facebook.com\/profile.php?id=100064795953767<\/a><\/p>\n\n\n\n<hr class=\"wp-block-separator\"\/>\n","protected":false},"excerpt":{"rendered":"","protected":false},"author":2,"featured_media":37542,"comment_status":"open","ping_status":"open","sticky":false,"template":"","format":"standard","meta":{"_acf_changed":false,"jetpack_post_was_ever_published":false,"_jetpack_newsletter_access":"","_jetpack_dont_email_post_to_subs":false,"_jetpack_newsletter_tier_id":0,"_jetpack_memberships_contains_paywalled_content":false,"_jetpack_memberships_contains_paid_content":false,"footnotes":"","jetpack_publicize_message":"","jetpack_publicize_feature_enabled":true,"jetpack_social_post_already_shared":true,"jetpack_social_options":{"image_generator_settings":{"template":"highway","default_image_id":0,"font":"","enabled":false},"version":2}},"categories":[10,3],"tags":[],"class_list":["post-37541","post","type-post","status-publish","format-standard","has-post-thumbnail","hentry","category-izlozbe","category-novosti"],"acf":{"facebook_opis":""},"jetpack_publicize_connections":[],"jetpack_featured_media_url":"https:\/\/i0.wp.com\/historiografija.hr\/wp-content\/uploads\/2023\/10\/Krakov.jpg?fit=2048%2C1366&ssl=1","jetpack_sharing_enabled":true,"jetpack-related-posts":[],"_links":{"self":[{"href":"https:\/\/historiografija.hr\/index.php?rest_route=\/wp\/v2\/posts\/37541","targetHints":{"allow":["GET"]}}],"collection":[{"href":"https:\/\/historiografija.hr\/index.php?rest_route=\/wp\/v2\/posts"}],"about":[{"href":"https:\/\/historiografija.hr\/index.php?rest_route=\/wp\/v2\/types\/post"}],"author":[{"embeddable":true,"href":"https:\/\/historiografija.hr\/index.php?rest_route=\/wp\/v2\/users\/2"}],"replies":[{"embeddable":true,"href":"https:\/\/historiografija.hr\/index.php?rest_route=%2Fwp%2Fv2%2Fcomments&post=37541"}],"version-history":[{"count":1,"href":"https:\/\/historiografija.hr\/index.php?rest_route=\/wp\/v2\/posts\/37541\/revisions"}],"predecessor-version":[{"id":37543,"href":"https:\/\/historiografija.hr\/index.php?rest_route=\/wp\/v2\/posts\/37541\/revisions\/37543"}],"wp:featuredmedia":[{"embeddable":true,"href":"https:\/\/historiografija.hr\/index.php?rest_route=\/wp\/v2\/media\/37542"}],"wp:attachment":[{"href":"https:\/\/historiografija.hr\/index.php?rest_route=%2Fwp%2Fv2%2Fmedia&parent=37541"}],"wp:term":[{"taxonomy":"category","embeddable":true,"href":"https:\/\/historiografija.hr\/index.php?rest_route=%2Fwp%2Fv2%2Fcategories&post=37541"},{"taxonomy":"post_tag","embeddable":true,"href":"https:\/\/historiografija.hr\/index.php?rest_route=%2Fwp%2Fv2%2Ftags&post=37541"}],"curies":[{"name":"wp","href":"https:\/\/api.w.org\/{rel}","templated":true}]}}