{"id":37533,"date":"2023-10-17T22:48:45","date_gmt":"2023-10-17T22:48:45","guid":{"rendered":"http:\/\/historiografija.hr\/?p=37533"},"modified":"2023-10-17T22:48:45","modified_gmt":"2023-10-17T22:48:45","slug":"poziv-za-sudjelovanje-u-seminaru-ucimo-o-proslosti-djelujemo-za-buducnost","status":"publish","type":"post","link":"https:\/\/historiografija.hr\/?p=37533","title":{"rendered":"Poziv za sudjelovanje u seminaru \u201eU\u010dimo o pro\u0161losti, djelujemo za budu\u0107nost\u201c"},"content":{"rendered":"\n<p>Institut Olga Lengyel i <em>Documenta <\/em>\u2013 Centar za suo\u010davanje s pro\u0161lo\u0161\u0107u u periodu od <strong>17. do 21. studenog 2023.<\/strong> u Zagrebu organiziraju drugi godi\u0161nji seminar <strong>\u201eU\u010dimo o pro\u0161losti, djelujemo za budu\u0107nost\u201c<\/strong>, na temu Holokausta i ljudskih prava.<\/p>\n\n\n\n<p>Za sudionike smo pripremili pet radnih dana punih sadr\u017eaja, predavanja, radionica i razmjene korisnih metoda i na\u010dina rada, koje \u0107e mo\u0107i primijeniti u radu sa svojim u\u010denicima. Osim toga, ove godine \u0107emo posjetiti Spomen-podru\u010dje Jasenovac te Romski memorijal u U\u0161tici.<\/p>\n\n\n\n<p>Sudjelovanje na seminaru je besplatno. Smje\u0161taj i hrana pokriveni su od strane organizatora za \u010ditavog trajanja seminara. Putni tro\u0161kovi nisu pokriveni. Sudionici bi sami trebali organizirati dolazak i odlazak, i to tako da su u mogu\u0107nosti sudjelovati za cijelog trajanja seminara.<\/p>\n\n\n\n<p>Radni jezik seminara je hrvatski, a sva predavanja stranih govornika bit \u0107e prevo\u0111ena.<\/p>\n\n\n\n<p>Svi zainteresirani u\u010ditelji pozivaju se da popune <strong>prijavni obrazac<\/strong> koji se nalazi na sljede\u0107oj poveznici: <a href=\"https:\/\/forms.gle\/A8H2PVH8EFR959Kn8\">https:\/\/forms.gle\/A8H2PVH8EFR959Kn8<\/a> do 06. studenog 2023.<\/p>\n\n\n\n<p>U slu\u010daju bilo kakvih dodatnih pitanja, pi\u0161ite na email: tbanjeglav@tolinstitute.org<\/p>\n\n\n\n<p>Broj sudionika je ograni\u010den, pa vas molimo da svoje prijave po\u0161aljete \u0161to prije. U slu\u010daju velikog broja prijava, obavijest o tome jeste li odabrani za sudjelovanje dobit \u0107ete nekoliko dana nakon roka za prijave.<\/p>\n\n\n\n<p>Vi\u0161e detalja o cijelom programu nalazi se u prilogu.<\/p>\n\n\n\n<hr class=\"wp-block-separator\"\/>\n\n\n\n<p>Izvor:<\/p>\n\n\n\n<figure class=\"wp-block-embed-wordpress wp-block-embed is-type-wp-embed is-provider-documenta\"><div class=\"wp-block-embed__wrapper\">\n<blockquote class=\"wp-embedded-content\" data-secret=\"m0N1nYsLPI\"><a href=\"https:\/\/documenta.hr\/novosti\/poziv-za-sudjelovanje-u-seminaru-ucimo-o-proslosti-djelujemo-za-buducnost\/\">Poziv za sudjelovanje u seminaru \u201eU\u010dimo o pro\u0161losti, djelujemo za budu\u0107nost\u201c<\/a><\/blockquote><iframe loading=\"lazy\" class=\"wp-embedded-content\" sandbox=\"allow-scripts\" security=\"restricted\" style=\"position: absolute; clip: rect(1px, 1px, 1px, 1px);\" title=\"&#8220;Poziv za sudjelovanje u seminaru \u201eU\u010dimo o pro\u0161losti, djelujemo za budu\u0107nost\u201c&#8221; &#8212; Documenta\" src=\"https:\/\/documenta.hr\/novosti\/poziv-za-sudjelovanje-u-seminaru-ucimo-o-proslosti-djelujemo-za-buducnost\/embed\/#?secret=m0N1nYsLPI\" data-secret=\"m0N1nYsLPI\" width=\"600\" height=\"338\" frameborder=\"0\" marginwidth=\"0\" marginheight=\"0\" scrolling=\"no\"><\/iframe>\n<\/div><\/figure>\n\n\n\n<hr class=\"wp-block-separator\"\/>\n","protected":false},"excerpt":{"rendered":"","protected":false},"author":2,"featured_media":37534,"comment_status":"open","ping_status":"open","sticky":false,"template":"","format":"standard","meta":{"_acf_changed":false,"jetpack_post_was_ever_published":false,"_jetpack_newsletter_access":"","_jetpack_dont_email_post_to_subs":false,"_jetpack_newsletter_tier_id":0,"_jetpack_memberships_contains_paywalled_content":false,"_jetpack_memberships_contains_paid_content":false,"footnotes":"","jetpack_publicize_message":"","jetpack_publicize_feature_enabled":true,"jetpack_social_post_already_shared":true,"jetpack_social_options":{"image_generator_settings":{"template":"highway","default_image_id":0,"font":"","enabled":false},"version":2}},"categories":[3,9],"tags":[],"class_list":["post-37533","post","type-post","status-publish","format-standard","has-post-thumbnail","hentry","category-novosti","category-skupovi"],"acf":{"facebook_opis":""},"jetpack_publicize_connections":[],"jetpack_featured_media_url":"https:\/\/i0.wp.com\/historiografija.hr\/wp-content\/uploads\/2023\/10\/Poziv-seminar.jpg?fit=937%2C701&ssl=1","jetpack_sharing_enabled":true,"jetpack-related-posts":[],"_links":{"self":[{"href":"https:\/\/historiografija.hr\/index.php?rest_route=\/wp\/v2\/posts\/37533","targetHints":{"allow":["GET"]}}],"collection":[{"href":"https:\/\/historiografija.hr\/index.php?rest_route=\/wp\/v2\/posts"}],"about":[{"href":"https:\/\/historiografija.hr\/index.php?rest_route=\/wp\/v2\/types\/post"}],"author":[{"embeddable":true,"href":"https:\/\/historiografija.hr\/index.php?rest_route=\/wp\/v2\/users\/2"}],"replies":[{"embeddable":true,"href":"https:\/\/historiografija.hr\/index.php?rest_route=%2Fwp%2Fv2%2Fcomments&post=37533"}],"version-history":[{"count":1,"href":"https:\/\/historiografija.hr\/index.php?rest_route=\/wp\/v2\/posts\/37533\/revisions"}],"predecessor-version":[{"id":37535,"href":"https:\/\/historiografija.hr\/index.php?rest_route=\/wp\/v2\/posts\/37533\/revisions\/37535"}],"wp:featuredmedia":[{"embeddable":true,"href":"https:\/\/historiografija.hr\/index.php?rest_route=\/wp\/v2\/media\/37534"}],"wp:attachment":[{"href":"https:\/\/historiografija.hr\/index.php?rest_route=%2Fwp%2Fv2%2Fmedia&parent=37533"}],"wp:term":[{"taxonomy":"category","embeddable":true,"href":"https:\/\/historiografija.hr\/index.php?rest_route=%2Fwp%2Fv2%2Fcategories&post=37533"},{"taxonomy":"post_tag","embeddable":true,"href":"https:\/\/historiografija.hr\/index.php?rest_route=%2Fwp%2Fv2%2Ftags&post=37533"}],"curies":[{"name":"wp","href":"https:\/\/api.w.org\/{rel}","templated":true}]}}