{"id":37530,"date":"2023-10-17T22:39:13","date_gmt":"2023-10-17T22:39:13","guid":{"rendered":"http:\/\/historiografija.hr\/?p=37530"},"modified":"2023-10-17T22:40:07","modified_gmt":"2023-10-17T22:40:07","slug":"otvorenje-izlozbe-pedeset-godina-muzeja-seljackih-buna","status":"publish","type":"post","link":"https:\/\/historiografija.hr\/?p=37530","title":{"rendered":"Otvorenje izlo\u017ebe \u201cPedeset godina Muzeja selja\u010dkih buna\u201d"},"content":{"rendered":"\n<p>Prije pedeset godina, povodom 400. obljetnice Selja\u010dke bune otvoren je na\u0161 Muzej. Otvorenje Muzeja i monumentalnog Augustin\u010di\u0107evog spomenika okupilo je tada\u0161nju jugoslavensku i hrvatsku dru\u0161tvenu i politi\u010dku elitu, ali i desetke tisu\u0107a gra\u0111ana.<\/p>\n\n\n\n<p>Izlo\u017eba 50 godina Muzeja selja\u010dkih buna tek je mali podsjetnik na dio onoga \u0161to smo radili u proteklom razdoblju i na ono \u0161to \u010dini na\u0161 Muzej. Iako muzej prije svega obilje\u017eavaju njegove zbirke, i u slu\u010daju kao \u0161to je na\u0161, doga\u0111aj kojem je posve\u0107en, jednako tako muzej \u010dine i ljudi. Stoga ovom izlo\u017ebom \u017eelimo pokazati \u0161to smo prikupili tijekom godina koje su iza nas, prisjetiti se izlo\u017eaba i ostalih aktivnosti koje smo organizirali, ali isto tako, ljudi koji su stajali i stoje iza njih. Ovo je prilika da se publika zajedno s nama prisjeti u kojim smo se sve prilikama dru\u017eili, ali i da vidi predmete koje rijetko imamo priliku pokazati. Iza nas je 160 izlo\u017eaba, dva stalna postava, brojna doga\u0111anja o\u017eivljene povijesti, edukativni programi, ali i mno\u0161tvo dokumentacije koju smo stvorili, a publici nije vidljiva. Nadamo se da \u0107e nam uvid u pro\u0161lost pomo\u0107i da se bolje pripremimo za predstoje\u0107u obnovu dvorca i budu\u0107i novi stalni postav.<\/p>\n\n\n\n<p>Otvorenje izlo\u017ebe je u petak, 20. listopada u 19 sati.<\/p>\n\n\n\n<hr class=\"wp-block-separator\"\/>\n\n\n\n<p>Izvor:<\/p>\n\n\n\n<figure class=\"wp-block-embed-wordpress wp-block-embed is-type-wp-embed is-provider-muzej-seljackih-buna\"><div class=\"wp-block-embed__wrapper\">\n<blockquote class=\"wp-embedded-content\" data-secret=\"kurJLC1BA7\"><a href=\"https:\/\/msb.mhz.hr\/aktualno\/otvorenje-izlozbe-pedeset-godina-muzeja-seljackih-buna\/\">Otvorenje izlo\u017ebe &#8220;Pedeset godina Muzeja selja\u010dkih buna&#8221;<\/a><\/blockquote><iframe loading=\"lazy\" class=\"wp-embedded-content\" sandbox=\"allow-scripts\" security=\"restricted\" style=\"position: absolute; clip: rect(1px, 1px, 1px, 1px);\" title=\"&#8220;Otvorenje izlo\u017ebe &#8220;Pedeset godina Muzeja selja\u010dkih buna&#8221;&#8221; &#8212; Muzej selja\u010dkih buna\" src=\"https:\/\/msb.mhz.hr\/aktualno\/otvorenje-izlozbe-pedeset-godina-muzeja-seljackih-buna\/embed\/#?secret=vdR0y282Gi#?secret=kurJLC1BA7\" data-secret=\"kurJLC1BA7\" width=\"600\" height=\"338\" frameborder=\"0\" marginwidth=\"0\" marginheight=\"0\" scrolling=\"no\"><\/iframe>\n<\/div><\/figure>\n\n\n\n<hr class=\"wp-block-separator\"\/>\n","protected":false},"excerpt":{"rendered":"","protected":false},"author":2,"featured_media":37531,"comment_status":"open","ping_status":"open","sticky":false,"template":"","format":"standard","meta":{"_acf_changed":false,"jetpack_post_was_ever_published":false,"_jetpack_newsletter_access":"","_jetpack_dont_email_post_to_subs":false,"_jetpack_newsletter_tier_id":0,"_jetpack_memberships_contains_paywalled_content":false,"_jetpack_memberships_contains_paid_content":false,"footnotes":"","jetpack_publicize_message":"","jetpack_publicize_feature_enabled":true,"jetpack_social_post_already_shared":true,"jetpack_social_options":{"image_generator_settings":{"template":"highway","default_image_id":0,"font":"","enabled":false},"version":2}},"categories":[10,3],"tags":[],"class_list":["post-37530","post","type-post","status-publish","format-standard","has-post-thumbnail","hentry","category-izlozbe","category-novosti"],"acf":{"facebook_opis":""},"jetpack_publicize_connections":[],"jetpack_featured_media_url":"https:\/\/i0.wp.com\/historiografija.hr\/wp-content\/uploads\/2023\/10\/Pedeset-godina-Muzeja-seljackih-buna.jpg?fit=1024%2C503&ssl=1","jetpack_sharing_enabled":true,"jetpack-related-posts":[],"_links":{"self":[{"href":"https:\/\/historiografija.hr\/index.php?rest_route=\/wp\/v2\/posts\/37530","targetHints":{"allow":["GET"]}}],"collection":[{"href":"https:\/\/historiografija.hr\/index.php?rest_route=\/wp\/v2\/posts"}],"about":[{"href":"https:\/\/historiografija.hr\/index.php?rest_route=\/wp\/v2\/types\/post"}],"author":[{"embeddable":true,"href":"https:\/\/historiografija.hr\/index.php?rest_route=\/wp\/v2\/users\/2"}],"replies":[{"embeddable":true,"href":"https:\/\/historiografija.hr\/index.php?rest_route=%2Fwp%2Fv2%2Fcomments&post=37530"}],"version-history":[{"count":1,"href":"https:\/\/historiografija.hr\/index.php?rest_route=\/wp\/v2\/posts\/37530\/revisions"}],"predecessor-version":[{"id":37532,"href":"https:\/\/historiografija.hr\/index.php?rest_route=\/wp\/v2\/posts\/37530\/revisions\/37532"}],"wp:featuredmedia":[{"embeddable":true,"href":"https:\/\/historiografija.hr\/index.php?rest_route=\/wp\/v2\/media\/37531"}],"wp:attachment":[{"href":"https:\/\/historiografija.hr\/index.php?rest_route=%2Fwp%2Fv2%2Fmedia&parent=37530"}],"wp:term":[{"taxonomy":"category","embeddable":true,"href":"https:\/\/historiografija.hr\/index.php?rest_route=%2Fwp%2Fv2%2Fcategories&post=37530"},{"taxonomy":"post_tag","embeddable":true,"href":"https:\/\/historiografija.hr\/index.php?rest_route=%2Fwp%2Fv2%2Ftags&post=37530"}],"curies":[{"name":"wp","href":"https:\/\/api.w.org\/{rel}","templated":true}]}}