{"id":37521,"date":"2023-10-17T22:12:50","date_gmt":"2023-10-17T22:12:50","guid":{"rendered":"http:\/\/historiografija.hr\/?p=37521"},"modified":"2023-10-17T22:12:50","modified_gmt":"2023-10-17T22:12:50","slug":"medunarodni-znanstveni-skup-otkrivanje-dalmacije-ix-zenski-pogled-na-umjetnicku-bastinu-dalmacije-u-putopisnim-narativima-od-18-do-20-stoljeca","status":"publish","type":"post","link":"https:\/\/historiografija.hr\/?p=37521","title":{"rendered":"Me\u0111unarodni znanstveni skup \u201eOtkrivanje Dalmacije IX\u201c: \u017denski pogled na umjetni\u010dku ba\u0161tinu Dalmacije u putopisnim narativima od 18. do 20. stolje\u0107a"},"content":{"rendered":"\n<p><strong>OTKRIVANJE DALMACIJE IX<\/strong><\/p>\n\n\n\n<p>S me\u0111unarodnim znanstvenim skupom<\/p>\n\n\n\n<p><strong>\u017denski pogled na umjetni\u010dku ba\u0161tinu Dalmacije u putopisnim narativima od 18. do 20. stolje\u0107a<\/strong><\/p>\n\n\n\n<p>Split, 19.\u201322. listopada 2023.<\/p>\n\n\n\n<hr class=\"wp-block-separator\"\/>\n\n\n\n<p>Znanstveni skup u sklopu godi\u0161njeg programa <em>Otkrivanje Dalmacije IX<\/em>, potaknut je pitanjem: \u201eKako kroz knjige, dokumente (pisma, rukopise, dnevnike, crte\u017ee, fotografije) i umjetni\u010dka djela od 18. do 20. stolje\u0107a istra\u017eiti specifi\u010dno \u017eenski pogled na umjetni\u010dku ba\u0161tinu Dalmacije?\u201c<\/p>\n\n\n\n<p>Istra\u017eivanje \u017eenskih putopisnih narativa po ovoj regiji geografski smje\u0161tenoj na granici Istoka i Zapada, gdje su se kroz povijest intenzivno dodirivali kr\u0161\u0107anski i islamski kulturni pojasevi koji su ostajali zabilje\u017eeni u bogatom umjetni\u010dkom naslije\u0111u, ulazi tako po prvi put u fokus interdisciplinarnih istra\u017eivanja.<\/p>\n\n\n\n<p>Putopisu se prilazi kao \u017eanru za preno\u0161enje informacija o drugim kulturama, testiraju\u0107i ga pritom kao \u017eanr \u017eenske emancipacije te istra\u017euju\u0107i prirodu i opseg \u017eenske stru\u010dnosti. Usredoto\u010duju\u0107i se na putovanja u Dalmaciju (ali ne isklju\u010divo na njih) ovim se skupom \u017eeli doprinijeti istra\u017eivanju i razumijevanju specifi\u010dnosti \u017eenskog pogleda na umjetni\u010dku ba\u0161tinu Dalmacije, kao i puta kojim su se \u017eene etablirale kao cijenjene autorice, po\u010dev\u0161i od 18. stolje\u0107a, kada su njihova prava bila ozbiljno osporavana, kroz okupljene studije slu\u010daja.<\/p>\n\n\n\n<p>U sklopu ovogodi\u0161njeg programa \u0107e se odr\u017eati i javno predavanje japanske suvremene umjetnice Saeri Kiritani, koja od nedavno \u017eivi u Splitu, pod naslovom <em>Celebration of Multiculturalism<\/em>, te predstavljanje knjige <em>Contributions to the Hypermapping of Diocletian\u2019s Palace. Layered Space and Conceptions of Place<\/em> (Institut za povijest umjetnosti, Zagreb, 2023.), koja sadr\u017ei eseje Damira Gamulina, Leslie Lok, Ane \u0160verko i Sase Zivkovica, a uredile su je An\u010di Leburi\u0107, Leslie Lok i Ana \u0160verko. Radi se o studiji koja Dioklecijanovu pala\u010du u Splitu vra\u0107a u fokus teorije i disciplina kreativnog planiranja.<\/p>\n\n\n\n<p>Tako\u0111er, u program \u0107e biti uklju\u010den i posjet izlo\u017ebi <em>Napoleonova cesta u Dalmaciji \u2013 doprinos francuske uprave u razvoju cestogradnje u Dalmaciji po\u010detkom 19. stolje\u0107a<\/em>, koja je postavljena u Pala\u010di Milesi (Zavod za znanstveni i umjetni\u010dki rad HAZU), a \u010diji su autori vi\u0161i arhivist Denis Martinovi\u0107 i arhivistica Karolina Ra\u017eov iz Dr\u017eavnog arhiva u Zadru.<\/p>\n\n\n\n<p>Sretni smo da su nam se u organizaciji programa pridru\u017eili ugledni splitski muzeji: Etnografski muzej, Galerija umjetnina i Galerija Me\u0161trovi\u0107, koji su nam otvorili vrata svojih prekrasnih prostora i postava i koji na ovaj na\u010din, ba\u0161 kao i svojom redovitom djelatnosti, kontinuirano pridonose \u201eotkrivanju Dalmacije\u201c.<\/p>\n\n\n\n<p><strong>Znanstveni odbor<\/strong><br>Jo\u0161ko Belamari\u0107<br>Mateo Bratani\u0107<br>Katrina O\u2019Loughlin<br>Cvijeta Pavlovi\u0107<br>Marko \u0160piki\u0107<br>Ana \u0160verko<br>Elke Katharina Wittich<\/p>\n\n\n\n<p><strong>Organizacijski odbor<\/strong><br>Jo\u0161ko Belamari\u0107<br>Tomislav Bosni\u0107<br>Ana \u0106uri\u0107<br>Ana \u0160verko<\/p>\n\n\n\n<hr class=\"wp-block-separator\"\/>\n\n\n\n<p><strong>Izvor, program i knji\u017eica sa\u017eetaka:<\/strong><\/p>\n\n\n\n<p><a href=\"https:\/\/www.ipu.hr\/article\/hr\/1559\/otkrivanje-dalmacije-ix\">https:\/\/www.ipu.hr\/article\/hr\/1559\/otkrivanje-dalmacije-ix<\/a><\/p>\n\n\n\n<hr class=\"wp-block-separator\"\/>\n","protected":false},"excerpt":{"rendered":"","protected":false},"author":2,"featured_media":37522,"comment_status":"open","ping_status":"open","sticky":false,"template":"","format":"standard","meta":{"_acf_changed":false,"jetpack_post_was_ever_published":false,"_jetpack_newsletter_access":"","_jetpack_dont_email_post_to_subs":false,"_jetpack_newsletter_tier_id":0,"_jetpack_memberships_contains_paywalled_content":false,"_jetpack_memberships_contains_paid_content":false,"footnotes":"","jetpack_publicize_message":"","jetpack_publicize_feature_enabled":true,"jetpack_social_post_already_shared":true,"jetpack_social_options":{"image_generator_settings":{"template":"highway","default_image_id":0,"font":"","enabled":false},"version":2}},"categories":[3,9],"tags":[],"class_list":["post-37521","post","type-post","status-publish","format-standard","has-post-thumbnail","hentry","category-novosti","category-skupovi"],"acf":{"facebook_opis":""},"jetpack_publicize_connections":[],"jetpack_featured_media_url":"https:\/\/i0.wp.com\/historiografija.hr\/wp-content\/uploads\/2023\/10\/dd2023-margareta-von-osterreich-toskana.jpg?fit=900%2C563&ssl=1","jetpack_sharing_enabled":true,"jetpack-related-posts":[],"_links":{"self":[{"href":"https:\/\/historiografija.hr\/index.php?rest_route=\/wp\/v2\/posts\/37521","targetHints":{"allow":["GET"]}}],"collection":[{"href":"https:\/\/historiografija.hr\/index.php?rest_route=\/wp\/v2\/posts"}],"about":[{"href":"https:\/\/historiografija.hr\/index.php?rest_route=\/wp\/v2\/types\/post"}],"author":[{"embeddable":true,"href":"https:\/\/historiografija.hr\/index.php?rest_route=\/wp\/v2\/users\/2"}],"replies":[{"embeddable":true,"href":"https:\/\/historiografija.hr\/index.php?rest_route=%2Fwp%2Fv2%2Fcomments&post=37521"}],"version-history":[{"count":1,"href":"https:\/\/historiografija.hr\/index.php?rest_route=\/wp\/v2\/posts\/37521\/revisions"}],"predecessor-version":[{"id":37523,"href":"https:\/\/historiografija.hr\/index.php?rest_route=\/wp\/v2\/posts\/37521\/revisions\/37523"}],"wp:featuredmedia":[{"embeddable":true,"href":"https:\/\/historiografija.hr\/index.php?rest_route=\/wp\/v2\/media\/37522"}],"wp:attachment":[{"href":"https:\/\/historiografija.hr\/index.php?rest_route=%2Fwp%2Fv2%2Fmedia&parent=37521"}],"wp:term":[{"taxonomy":"category","embeddable":true,"href":"https:\/\/historiografija.hr\/index.php?rest_route=%2Fwp%2Fv2%2Fcategories&post=37521"},{"taxonomy":"post_tag","embeddable":true,"href":"https:\/\/historiografija.hr\/index.php?rest_route=%2Fwp%2Fv2%2Ftags&post=37521"}],"curies":[{"name":"wp","href":"https:\/\/api.w.org\/{rel}","templated":true}]}}