{"id":37518,"date":"2023-10-17T21:57:21","date_gmt":"2023-10-17T21:57:21","guid":{"rendered":"http:\/\/historiografija.hr\/?p=37518"},"modified":"2023-10-17T21:57:21","modified_gmt":"2023-10-17T21:57:21","slug":"the-heritage-of-the-danjou-dynasty-in-central-europe","status":"publish","type":"post","link":"https:\/\/historiografija.hr\/?p=37518","title":{"rendered":"The Heritage of the D\u2019Anjou Dynasty in Central Europe"},"content":{"rendered":"\n<p><strong>The Institute for Slavonic Philology of the Jagiellonian University of Krakow,<\/strong><\/p>\n\n\n\n<p><strong>the University of Zadar,<\/strong><\/p>\n\n\n\n<p><strong>the Wawel Royal Castle in Krakow<\/strong><\/p>\n\n\n\n<p>are pleased to invite for the conference<\/p>\n\n\n\n<p><strong>The Heritage of the D\u2019Anjou Dynasty in Central Europe<\/strong><\/p>\n\n\n\n<p>to be held at the Wawel Royal Castle in Krakow and the Jagiellonian University<\/p>\n\n\n\n<p><strong>in 19-20 October 2023<\/strong><\/p>\n\n\n\n<hr class=\"wp-block-separator\"\/>\n\n\n\n<p>Programme<\/p>\n\n\n\n<p><a href=\"https:\/\/ifs.filg.uj.edu.pl\/conference-anjou\">https:\/\/ifs.filg.uj.edu.pl\/conference-anjou<\/a><\/p>\n\n\n\n<hr class=\"wp-block-separator\"\/>\n\n\n\n<p><strong>Me\u0111unarodna znanstvena konferencija &#8220;The Heritage of the D&#8217;Anjou Dynasty in Central Europe&#8221;<\/strong><\/p>\n\n\n\n<p>U organizaciji Instituta za slavistiku Jagelonskog sveu\u010dili\u0161ta u Krakovu, Dvorca Wawel i Sveu\u010dili\u0161ta u Zadru od 19. do 20. listopada 2023. godine odr\u017eava se Me\u0111unarodna znanstvena konferencija &#8220;The Heritage of the D&#8217;Anjou Dynasty in Central Europe&#8221;. Konferencija je plod suradnje Odjela za kroatistiku Sveu\u010dili\u0161ta u Zadru i krakovskoga Instituta za slavistiku. Prva zajedni\u010dka konferencija odr\u017eana je prije dvije godine na Sveu\u010dili\u0161tu u Zadru. Na konferenciji u Krakovu, koja se odr\u017eava u Dvorcu Wawel, sudjeluje vi\u0161e europskih znanstvenika, me\u0111u kojima i desetak profesora Sveu\u010dili\u0161ta u Zadru (Odjel za povijest, Odjel za povijest umjetnosti, Odjel za kroatistiku).\u00a0\u00a0<\/p>\n\n\n\n<hr class=\"wp-block-separator\"\/>\n\n\n\n<p>Izvor i program:<\/p>\n\n\n\n<p><a href=\"https:\/\/www.unizd.hr\/obavijesti\/view\/medunarodna-znanstvena-konferencija-the-heritage-of-the-danjou-dynasty-in-central-europe\">https:\/\/www.unizd.hr\/obavijesti\/view\/medunarodna-znanstvena-konferencija-the-heritage-of-the-danjou-dynasty-in-central-europe<\/a><\/p>\n\n\n\n<hr class=\"wp-block-separator\"\/>\n","protected":false},"excerpt":{"rendered":"","protected":false},"author":2,"featured_media":37519,"comment_status":"open","ping_status":"open","sticky":false,"template":"","format":"standard","meta":{"_acf_changed":false,"jetpack_post_was_ever_published":false,"_jetpack_newsletter_access":"","_jetpack_dont_email_post_to_subs":false,"_jetpack_newsletter_tier_id":0,"_jetpack_memberships_contains_paywalled_content":false,"_jetpack_memberships_contains_paid_content":false,"footnotes":"","jetpack_publicize_message":"","jetpack_publicize_feature_enabled":true,"jetpack_social_post_already_shared":true,"jetpack_social_options":{"image_generator_settings":{"template":"highway","default_image_id":0,"font":"","enabled":false},"version":2}},"categories":[3,9],"tags":[],"class_list":["post-37518","post","type-post","status-publish","format-standard","has-post-thumbnail","hentry","category-novosti","category-skupovi"],"acf":{"facebook_opis":""},"jetpack_publicize_connections":[],"jetpack_featured_media_url":"https:\/\/i0.wp.com\/historiografija.hr\/wp-content\/uploads\/2023\/10\/plakat_a3.png?fit=424%2C600&ssl=1","jetpack_sharing_enabled":true,"jetpack-related-posts":[],"_links":{"self":[{"href":"https:\/\/historiografija.hr\/index.php?rest_route=\/wp\/v2\/posts\/37518","targetHints":{"allow":["GET"]}}],"collection":[{"href":"https:\/\/historiografija.hr\/index.php?rest_route=\/wp\/v2\/posts"}],"about":[{"href":"https:\/\/historiografija.hr\/index.php?rest_route=\/wp\/v2\/types\/post"}],"author":[{"embeddable":true,"href":"https:\/\/historiografija.hr\/index.php?rest_route=\/wp\/v2\/users\/2"}],"replies":[{"embeddable":true,"href":"https:\/\/historiografija.hr\/index.php?rest_route=%2Fwp%2Fv2%2Fcomments&post=37518"}],"version-history":[{"count":1,"href":"https:\/\/historiografija.hr\/index.php?rest_route=\/wp\/v2\/posts\/37518\/revisions"}],"predecessor-version":[{"id":37520,"href":"https:\/\/historiografija.hr\/index.php?rest_route=\/wp\/v2\/posts\/37518\/revisions\/37520"}],"wp:featuredmedia":[{"embeddable":true,"href":"https:\/\/historiografija.hr\/index.php?rest_route=\/wp\/v2\/media\/37519"}],"wp:attachment":[{"href":"https:\/\/historiografija.hr\/index.php?rest_route=%2Fwp%2Fv2%2Fmedia&parent=37518"}],"wp:term":[{"taxonomy":"category","embeddable":true,"href":"https:\/\/historiografija.hr\/index.php?rest_route=%2Fwp%2Fv2%2Fcategories&post=37518"},{"taxonomy":"post_tag","embeddable":true,"href":"https:\/\/historiografija.hr\/index.php?rest_route=%2Fwp%2Fv2%2Ftags&post=37518"}],"curies":[{"name":"wp","href":"https:\/\/api.w.org\/{rel}","templated":true}]}}