{"id":37515,"date":"2023-10-17T21:41:52","date_gmt":"2023-10-17T21:41:52","guid":{"rendered":"http:\/\/historiografija.hr\/?p=37515"},"modified":"2023-10-17T21:41:52","modified_gmt":"2023-10-17T21:41:52","slug":"doctoral-defense-igor-razum-the-changing-face-of-reform-roman-ideals-and-central-european-reflections-following-the-fourth-lateran-council","status":"publish","type":"post","link":"https:\/\/historiografija.hr\/?p=37515","title":{"rendered":"Doctoral Defense &#8211; Igor Razum: The Changing Face of Reform: Roman Ideals and Central European Reflections following the Fourth Lateran Council"},"content":{"rendered":"\n<p>Thursday, October 19, 2023, 11:00 am \u2013 1:00 pm<\/p>\n\n\n\n<hr class=\"wp-block-separator\"\/>\n\n\n\n<p>CEU<\/p>\n\n\n\n<p>Vienna Campus<\/p>\n\n\n\n<p>Quellenstrasse 51<\/p>\n\n\n\n<p>Room: B-216<\/p>\n\n\n\n<hr class=\"wp-block-separator\"\/>\n\n\n\n<p>The Public Defense of the Doctoral Dissertation of&nbsp;<strong>Igor Razum&nbsp;<\/strong>on&nbsp;<strong><em>The Changing Face of Reform: Roman Ideals and Central European Reflections following the Fourth Lateran Council&nbsp;<\/em><\/strong><\/p>\n\n\n\n<p><strong>Examination Committee<\/strong><\/p>\n\n\n\n<p>Chair: L\u00e1szl\u00f3 Kontler, CEU, History Department<\/p>\n\n\n\n<p>Members: Katalin Szende, CEU, Department of Medieval Studies<\/p>\n\n\n\n<p>G\u00e1bor Klaniczay, CEU, Department of Medieval Studies (supervisor)<\/p>\n\n\n\n<p>Daniel Ziemann, CEU, Department of Medieval Studies (supervisor)<\/p>\n\n\n\n<p>External readers and external members:<\/p>\n\n\n\n<p>Emilia Jamroziak, University of Leeds, Leeds, UK<\/p>\n\n\n\n<p>Stefan Schima, University of Vienna, Vienna, Austria<\/p>\n\n\n\n<p>The doctoral dissertation is available for inspection on the CEU e-learning site. Should you wish to access it and\/or join the defense contact Csilla Dobos (<a href=\"mailto:dobos@ceu.edu\">dobos@ceu.edu<\/a>)<\/p>\n\n\n\n<p>Attachment: Dissertation booklet<\/p>\n\n\n\n<hr class=\"wp-block-separator\"\/>\n\n\n\n<p><a href=\"https:\/\/events.ceu.edu\/2023-10-19\/doctoral-defense-igor-razum-changing-face-reform-roman-ideals-and-central-european\">https:\/\/events.ceu.edu\/2023-10-19\/doctoral-defense-igor-razum-changing-face-reform-roman-ideals-and-central-european<\/a><\/p>\n\n\n\n<hr class=\"wp-block-separator\"\/>\n","protected":false},"excerpt":{"rendered":"","protected":false},"author":2,"featured_media":37516,"comment_status":"open","ping_status":"open","sticky":false,"template":"","format":"standard","meta":{"_acf_changed":false,"_jetpack_newsletter_access":"","_jetpack_dont_email_post_to_subs":false,"_jetpack_newsletter_tier_id":0,"_jetpack_memberships_contains_paywalled_content":false,"_jetpack_memberships_contains_paid_content":false,"footnotes":"","jetpack_publicize_message":"","jetpack_publicize_feature_enabled":true,"jetpack_social_post_already_shared":true,"jetpack_social_options":{"image_generator_settings":{"template":"highway","default_image_id":0,"font":"","enabled":false},"version":2},"jetpack_post_was_ever_published":false},"categories":[3],"tags":[],"class_list":["post-37515","post","type-post","status-publish","format-standard","has-post-thumbnail","hentry","category-novosti"],"acf":{"facebook_opis":""},"jetpack_publicize_connections":[],"jetpack_featured_media_url":"https:\/\/i0.wp.com\/historiografija.hr\/wp-content\/uploads\/2023\/10\/lateran-innocent-iii.jpg?fit=825%2C550&ssl=1","jetpack_sharing_enabled":true,"jetpack-related-posts":[{"id":53473,"url":"https:\/\/historiografija.hr\/?p=53473","url_meta":{"origin":37515,"position":0},"title":"CfP: Those Who Serve: Service, Labor, and Social Hierarchies in Historical Perspective","author":"Branimir Jankovi\u0107","date":"19. svibnja 2026.","format":false,"excerpt":"Doctoral and Postdoctoral Workshop: Ljubljana, 12\u201313 November 2026 Keynote: prof. dr. Jane Whittle (University of Exeter) From domestic servants and agricultural laborers to apprentices, soldiers, and clerks \u2013 countless people across history lived and worked in the service of others. This workshop explores service not merely as a job category,\u2026","rel":"","context":"U &quot;Novosti&quot;","block_context":{"text":"Novosti","link":"https:\/\/historiografija.hr\/?cat=3"},"img":{"alt_text":"","src":"https:\/\/i0.wp.com\/historiografija.hr\/wp-content\/uploads\/2017\/10\/hsozkult.png?fit=1006%2C241&ssl=1&resize=350%2C200","width":350,"height":200,"srcset":"https:\/\/i0.wp.com\/historiografija.hr\/wp-content\/uploads\/2017\/10\/hsozkult.png?fit=1006%2C241&ssl=1&resize=350%2C200 1x, https:\/\/i0.wp.com\/historiografija.hr\/wp-content\/uploads\/2017\/10\/hsozkult.png?fit=1006%2C241&ssl=1&resize=525%2C300 1.5x, https:\/\/i0.wp.com\/historiografija.hr\/wp-content\/uploads\/2017\/10\/hsozkult.png?fit=1006%2C241&ssl=1&resize=700%2C400 2x"},"classes":[]},{"id":54926,"url":"https:\/\/historiografija.hr\/?p=54926","url_meta":{"origin":37515,"position":1},"title":"Petra Matovi\u0107: Nolanova &#8220;Odiseja&#8221; u kontekstu recepcije Homera","author":"Branimir Jankovi\u0107","date":"11. kolovoza 2026.","format":false,"excerpt":"Nolanova Odiseja u kontekstu recepcije Homera Filmska adaptacija Odiseje redatelja Christophera Nolana izazvala je tako velik interes publike da ve\u0107 tjednima pratimo vi\u0161e ili manje \u017eu\u010dljive rasprave o svim aspektima ovog filma, od odabira glumaca do vjernosti Homeru. U raspravu su uklju\u010deni i stru\u010dnjaci i stru\u010dljaci, s tim da se\u2026","rel":"","context":"U &quot;Filmovi i serije&quot;","block_context":{"text":"Filmovi i serije","link":"https:\/\/historiografija.hr\/?cat=13"},"img":{"alt_text":"","src":"","width":0,"height":0},"classes":[]},{"id":54169,"url":"https:\/\/historiografija.hr\/?p=54169","url_meta":{"origin":37515,"position":2},"title":"Women, Nationalism, and Social Networks in the Habsburg Monarchy, 1848\u20131918","author":"Branimir Jankovi\u0107","date":"18. lipnja 2026.","format":false,"excerpt":"Edited by Marta Verginella Purdue University Press Series: Central European Studies 258 Pages Published 2023 Women, Nationalism, and Social Networks in the Habsburg Monarchy, 1848\u20131918 focuses on the lives of women in Southeastern Europe during the nineteenth and twentieth centuries, exploring the intersection of gender and nationalism. By looking at\u2026","rel":"","context":"U &quot;Knjige&quot;","block_context":{"text":"Knjige","link":"https:\/\/historiografija.hr\/?cat=8"},"img":{"alt_text":"","src":"https:\/\/historiografija.hr\/wp-content\/uploads\/2026\/06\/Verginella.avif","width":350,"height":200,"srcset":"https:\/\/historiografija.hr\/wp-content\/uploads\/2026\/06\/Verginella.avif 1x, https:\/\/historiografija.hr\/wp-content\/uploads\/2026\/06\/Verginella.avif 1.5x"},"classes":[]},{"id":53824,"url":"https:\/\/historiografija.hr\/?p=53824","url_meta":{"origin":37515,"position":3},"title":"Prikazivanje filma &#8220;Fiume o morte!&#8221;, razgovor s redateljem Igorom Bezinovi\u0107em i diskusija doktoranada u Grazu","author":"Branimir Jankovi\u0107","date":"29. svibnja 2026.","format":false,"excerpt":"Movie Screening Fiume o Morte! Talk with the Director Igor Bezinovi\u0107 European Oscar awards for Documentary Film Production. In 1919 the Italian poet, dandy and preacher of war Gabriele D\u2019Annunzio occupied the city of Fiume. The citizens of Fiume, today called Rijeka, retell and reinterpret the bizarre story about the\u2026","rel":"","context":"U &quot;Filmovi i serije&quot;","block_context":{"text":"Filmovi i serije","link":"https:\/\/historiografija.hr\/?cat=13"},"img":{"alt_text":"","src":"https:\/\/i0.wp.com\/historiografija.hr\/wp-content\/uploads\/2026\/05\/csm_Fyler_Fiume_o_Morte.jpg?fit=990%2C728&ssl=1&resize=350%2C200","width":350,"height":200,"srcset":"https:\/\/i0.wp.com\/historiografija.hr\/wp-content\/uploads\/2026\/05\/csm_Fyler_Fiume_o_Morte.jpg?fit=990%2C728&ssl=1&resize=350%2C200 1x, https:\/\/i0.wp.com\/historiografija.hr\/wp-content\/uploads\/2026\/05\/csm_Fyler_Fiume_o_Morte.jpg?fit=990%2C728&ssl=1&resize=525%2C300 1.5x, https:\/\/i0.wp.com\/historiografija.hr\/wp-content\/uploads\/2026\/05\/csm_Fyler_Fiume_o_Morte.jpg?fit=990%2C728&ssl=1&resize=700%2C400 2x"},"classes":[]},{"id":55124,"url":"https:\/\/historiografija.hr\/?p=55124","url_meta":{"origin":37515,"position":4},"title":"Anthony Kaldellis, \u201e1453: The Conquest and Tragedy of Constantinople\u201c","author":"Filip \u0160imunjak","date":"26. kolovoza 2026.","format":false,"excerpt":"Anthony Kaldellis offers the first narrative in sixty years of the siege of Constantinople in 1453, an event that marked the end of the Roman empire. The reconstruction of events is detailed, following a day-by-day basis when possible, and is grounded in the testimony of eye-witnesses who left gripping accounts\u2026","rel":"","context":"U &quot;Knjige&quot;","block_context":{"text":"Knjige","link":"https:\/\/historiografija.hr\/?cat=8"},"img":{"alt_text":"","src":"https:\/\/i0.wp.com\/historiografija.hr\/wp-content\/uploads\/2026\/08\/1453-Kaldellis.webp?fit=1200%2C690&ssl=1&resize=350%2C200","width":350,"height":200,"srcset":"https:\/\/i0.wp.com\/historiografija.hr\/wp-content\/uploads\/2026\/08\/1453-Kaldellis.webp?fit=1200%2C690&ssl=1&resize=350%2C200 1x, https:\/\/i0.wp.com\/historiografija.hr\/wp-content\/uploads\/2026\/08\/1453-Kaldellis.webp?fit=1200%2C690&ssl=1&resize=525%2C300 1.5x, https:\/\/i0.wp.com\/historiografija.hr\/wp-content\/uploads\/2026\/08\/1453-Kaldellis.webp?fit=1200%2C690&ssl=1&resize=700%2C400 2x, https:\/\/i0.wp.com\/historiografija.hr\/wp-content\/uploads\/2026\/08\/1453-Kaldellis.webp?fit=1200%2C690&ssl=1&resize=1050%2C600 3x"},"classes":[]},{"id":55119,"url":"https:\/\/historiografija.hr\/?p=55119","url_meta":{"origin":37515,"position":5},"title":"Anthony Kaldellis, \u201ePhantom Byzantium: Europe, Empire, and Identity from Late Antiquity to World War II\u201c","author":"Filip \u0160imunjak","date":"28. kolovoza 2026.","format":false,"excerpt":"How the West appropriated aspects of the eastern Roman empire while portraying it as inferior.Unveiling the ideological foundations of Byzantine studies, Phantom Byzantium is a pioneering survey of western European perceptions of the eastern Roman empire (also known as Byzantium) spanning late antiquity to World War II. Through ten chronological\u2026","rel":"","context":"U &quot;Knjige&quot;","block_context":{"text":"Knjige","link":"https:\/\/historiografija.hr\/?cat=8"},"img":{"alt_text":"","src":"https:\/\/i0.wp.com\/historiografija.hr\/wp-content\/uploads\/2026\/08\/Phantom-Byzantium.webp?fit=795%2C1200&ssl=1&resize=350%2C200","width":350,"height":200,"srcset":"https:\/\/i0.wp.com\/historiografija.hr\/wp-content\/uploads\/2026\/08\/Phantom-Byzantium.webp?fit=795%2C1200&ssl=1&resize=350%2C200 1x, https:\/\/i0.wp.com\/historiografija.hr\/wp-content\/uploads\/2026\/08\/Phantom-Byzantium.webp?fit=795%2C1200&ssl=1&resize=525%2C300 1.5x, https:\/\/i0.wp.com\/historiografija.hr\/wp-content\/uploads\/2026\/08\/Phantom-Byzantium.webp?fit=795%2C1200&ssl=1&resize=700%2C400 2x"},"classes":[]}],"_links":{"self":[{"href":"https:\/\/historiografija.hr\/index.php?rest_route=\/wp\/v2\/posts\/37515","targetHints":{"allow":["GET"]}}],"collection":[{"href":"https:\/\/historiografija.hr\/index.php?rest_route=\/wp\/v2\/posts"}],"about":[{"href":"https:\/\/historiografija.hr\/index.php?rest_route=\/wp\/v2\/types\/post"}],"author":[{"embeddable":true,"href":"https:\/\/historiografija.hr\/index.php?rest_route=\/wp\/v2\/users\/2"}],"replies":[{"embeddable":true,"href":"https:\/\/historiografija.hr\/index.php?rest_route=%2Fwp%2Fv2%2Fcomments&post=37515"}],"version-history":[{"count":1,"href":"https:\/\/historiografija.hr\/index.php?rest_route=\/wp\/v2\/posts\/37515\/revisions"}],"predecessor-version":[{"id":37517,"href":"https:\/\/historiografija.hr\/index.php?rest_route=\/wp\/v2\/posts\/37515\/revisions\/37517"}],"wp:featuredmedia":[{"embeddable":true,"href":"https:\/\/historiografija.hr\/index.php?rest_route=\/wp\/v2\/media\/37516"}],"wp:attachment":[{"href":"https:\/\/historiografija.hr\/index.php?rest_route=%2Fwp%2Fv2%2Fmedia&parent=37515"}],"wp:term":[{"taxonomy":"category","embeddable":true,"href":"https:\/\/historiografija.hr\/index.php?rest_route=%2Fwp%2Fv2%2Fcategories&post=37515"},{"taxonomy":"post_tag","embeddable":true,"href":"https:\/\/historiografija.hr\/index.php?rest_route=%2Fwp%2Fv2%2Ftags&post=37515"}],"curies":[{"name":"wp","href":"https:\/\/api.w.org\/{rel}","templated":true}]}}