{"id":37481,"date":"2023-10-13T21:30:31","date_gmt":"2023-10-13T21:30:31","guid":{"rendered":"http:\/\/historiografija.hr\/?p=37481"},"modified":"2023-10-13T21:33:32","modified_gmt":"2023-10-13T21:33:32","slug":"spomen-setnja-antifasisticko-iskustvo-vodnjana-predavanje-sanje-horvatincic-bastina-odozdo-tragovima-istre-u-dreznici-i-projekcija-filmova-u-vodnjanu","status":"publish","type":"post","link":"https:\/\/historiografija.hr\/?p=37481","title":{"rendered":"Spomen-\u0161etnja &#8220;Antifa\u0161isti\u010dko iskustvo Vodnjana&#8221;, predavanje Sanje Horvatin\u010di\u0107 \u201eBa\u0161tina odozdo: tragovima Istre u Dre\u017enici\u201c i projekcija filmova u Vodnjanu"},"content":{"rendered":"\n<p>U subotu, 14. listopada 2023., s po\u010detkom u 17 sati ispred Apoteke \u2013 Prostora za suvremenu umjetnost u Vodnjanu zapo\u010dinje spomen-\u0161etnja, pod stru\u010dnim vodstvom dr. sc. Erica U\u0161i\u0107a, posve\u0107ena antifa\u0161isti\u010dkoj pro\u0161losti i antifa\u0161isti\u010dkim (po)ratnim grafitima grada Vodnjana. Natpisi ispisivani na talijanskom jeziku u ratnom i poslijeratnom periodu pre\u017eivjeli su vi\u0161e od 70 godina, a velika ih je ve\u0107ina zadr\u017eala gotovo cjelovitu formu i sadr\u017eaj.<\/p>\n\n\n\n<p>Nakon spomen-\u0161etnje, u 18 h, u prostorijama Apoteke uslijedit \u0107e predavanje dr.sc. Sanje Horvatin\u010di\u0107, s naslovom \u201eBa\u0161tina odozdo: tragovima Istre u Dre\u017enici\u201c. Kroz sagledavanje historijskih veza i iskustva solidarnosti izme\u0111u Istre i Dre\u017enice tijekom Drugog svjetskog rata, predavanje otvara pitanje razli\u010ditih praksi stvaranja, njegovanja ili zatiranja javnog, ali i intimnog odnosa prema pro\u0161losti, s naglaskom na rubnim ili alternativnim oblicima stvaranja ili \u010duvanja ba\u0161tine \u201codozdo\u201d. Predavanju \u0107e prethoditi projekcija kratkog dokumentarnog filma Slavka Goldsteina iz 1964. pod nazivom \u201cDre\u017enica\u201d, dok \u0107e nakon predavanja uslijediti projekcija filma \u201c16.\u201323.9.2019. Dre\u017enica\u201c autora Matije Kralja, nastalog 2020. u sklopu istra\u017eiva\u010dkog projekta Ba\u0161tina odozdo | Dre\u017enica: tragovi i sje\u0107anja 1941.-1945.<\/p>\n\n\n\n<p>Spomen-\u0161etnja, predavanje i projekcija filmova organiziraju se u sklopu projekta \u201cNovi pristupi ba\u0161tini: antifa\u0161izam i mir u obrazovanju i suvremenoumjetni\u010dkim praksama\u201d, koji u partnerstvu provode Apoteka \u2013 Prostor za suvremenu umjetnost, Documenta \u2013 Centar za suo\u010davanje s pro\u0161lo\u0161\u0107u i Savez antifa\u0161isti\u010dkih boraca Primorsko- Goranske \u017dupanije. Projekt \u201cNovi pristupi ba\u0161tini: antifa\u0161izam i mir u obrazovanju i suvremenoumjetni\u010dkim praksama\u201d je podr\u017ean kroz Fond za aktivno gra\u0111anstvo, sredstvima Islanda, Lihten\u0161tajna i Norve\u0161ke u okviru EGP grantova.<\/p>\n\n\n\n<p>O predava\u010dici:<\/p>\n\n\n\n<p>Sanja Horvatin\u010di\u0107 je znanstvena suradnica na Institutu za povijest umjetnosti u Zagrebu. Njezino istra\u017eivanje usmjereno je na proizvodnju spomenika i kulture sje\u0107anja u socijalisti\u010dkoj Jugoslaviji, kao i na politike ba\u0161tine i sje\u0107anja u postsocijalisti\u010dkom kontekstu. Trenutno je istra\u017eiva\u010dica na projektu \u201cGlobe_EXCHANGE. Modeli i prakse globalne i kulturne razmjene i pokret Nesvrstanih zemalja\u201d, te voditeljica me\u0111unarodnog projekta \u201eBa\u0161tina odozdo | Dre\u017enica: tragovi i sje\u0107anja 1941.-1945.\u201d. Uz Beti \u017derovc, autorica je knjige <em>Shaping Revolutionary Memory: The Production of Monuments in Socialist Yugoslavia<\/em> (2023., Igor Zabel Association, Ljubljana i Archive Books, Berlin).<\/p>\n\n\n\n<p><a href=\"https:\/\/ipd-ssi.hr\/wp-content\/uploads\/2023\/10\/Pozivnica-2.pdf\">Pozivnica<\/a><\/p>\n\n\n\n<hr class=\"wp-block-separator\"\/>\n\n\n\n<p>Izvor:<\/p>\n\n\n\n<figure class=\"wp-block-embed-wordpress wp-block-embed is-type-wp-embed is-provider-istarsko-povijesno-drustvo-societa-storica-istriana\"><div class=\"wp-block-embed__wrapper\">\n<blockquote class=\"wp-embedded-content\" data-secret=\"FbNUSxovOo\"><a href=\"https:\/\/ipd-ssi.hr\/2023\/10\/12\/spomen-setnja-i-predavanje-sanje-horvatincic-bastina-odozdo-tragovima-istre-u-dreznici-u-vodnjanu\/\">Spomen \u0161etnja i predavanje Sanje Horvatin\u010di\u0107 \u201eBa\u0161tina odozdo: tragovima Istre u Dre\u017enici\u201c u Vodnjanu<\/a><\/blockquote><iframe loading=\"lazy\" class=\"wp-embedded-content\" sandbox=\"allow-scripts\" security=\"restricted\" style=\"position: absolute; clip: rect(1px, 1px, 1px, 1px);\" title=\"&#8220;Spomen \u0161etnja i predavanje Sanje Horvatin\u010di\u0107 \u201eBa\u0161tina odozdo: tragovima Istre u Dre\u017enici\u201c u Vodnjanu&#8221; &#8212; Istarsko povijesno dru\u0161tvo - Societ\u00e0 Storica Istriana\" src=\"https:\/\/ipd-ssi.hr\/2023\/10\/12\/spomen-setnja-i-predavanje-sanje-horvatincic-bastina-odozdo-tragovima-istre-u-dreznici-u-vodnjanu\/embed\/#?secret=rkAgqAwFlH#?secret=FbNUSxovOo\" data-secret=\"FbNUSxovOo\" width=\"600\" height=\"338\" frameborder=\"0\" marginwidth=\"0\" marginheight=\"0\" scrolling=\"no\"><\/iframe>\n<\/div><\/figure>\n\n\n\n<hr class=\"wp-block-separator\"\/>\n\n\n\n<figure class=\"wp-block-embed-wordpress wp-block-embed is-type-wp-embed is-provider-documenta\"><div class=\"wp-block-embed__wrapper\">\n<blockquote class=\"wp-embedded-content\" data-secret=\"ZoIvQmvU0T\"><a href=\"https:\/\/documenta.hr\/novosti\/spomen-setnja-i-predavanje-sanje-horvatincic-bastina-odozdo-tragovima-istre-u-dreznici-uz-projekciju-filmova\/\">Spomen \u0161etnja i predavanje Sanje Horvatin\u010di\u0107 \u201eBa\u0161tina odozdo: tragovima Istre u Dre\u017enici\u201c uz projekciju filmova<\/a><\/blockquote><iframe loading=\"lazy\" class=\"wp-embedded-content\" sandbox=\"allow-scripts\" security=\"restricted\" style=\"position: absolute; clip: rect(1px, 1px, 1px, 1px);\" title=\"&#8220;Spomen \u0161etnja i predavanje Sanje Horvatin\u010di\u0107 \u201eBa\u0161tina odozdo: tragovima Istre u Dre\u017enici\u201c uz projekciju filmova&#8221; &#8212; Documenta\" src=\"https:\/\/documenta.hr\/novosti\/spomen-setnja-i-predavanje-sanje-horvatincic-bastina-odozdo-tragovima-istre-u-dreznici-uz-projekciju-filmova\/embed\/#?secret=ZoIvQmvU0T\" data-secret=\"ZoIvQmvU0T\" width=\"600\" height=\"338\" frameborder=\"0\" marginwidth=\"0\" marginheight=\"0\" scrolling=\"no\"><\/iframe>\n<\/div><\/figure>\n\n\n\n<hr class=\"wp-block-separator\"\/>\n","protected":false},"excerpt":{"rendered":"","protected":false},"author":2,"featured_media":37482,"comment_status":"open","ping_status":"open","sticky":false,"template":"","format":"standard","meta":{"_acf_changed":false,"jetpack_post_was_ever_published":false,"_jetpack_newsletter_access":"","_jetpack_dont_email_post_to_subs":false,"_jetpack_newsletter_tier_id":0,"_jetpack_memberships_contains_paywalled_content":false,"_jetpack_memberships_contains_paid_content":false,"footnotes":"","jetpack_publicize_message":"","jetpack_publicize_feature_enabled":true,"jetpack_social_post_already_shared":true,"jetpack_social_options":{"image_generator_settings":{"template":"highway","default_image_id":0,"font":"","enabled":false},"version":2}},"categories":[13,3],"tags":[],"class_list":["post-37481","post","type-post","status-publish","format-standard","has-post-thumbnail","hentry","category-filmovi-i-serije","category-novosti"],"acf":{"facebook_opis":""},"jetpack_publicize_connections":[],"jetpack_featured_media_url":"https:\/\/i0.wp.com\/historiografija.hr\/wp-content\/uploads\/2023\/10\/Apoteka-pozivnica.jpg?fit=700%2C441&ssl=1","jetpack_sharing_enabled":true,"jetpack-related-posts":[],"_links":{"self":[{"href":"https:\/\/historiografija.hr\/index.php?rest_route=\/wp\/v2\/posts\/37481","targetHints":{"allow":["GET"]}}],"collection":[{"href":"https:\/\/historiografija.hr\/index.php?rest_route=\/wp\/v2\/posts"}],"about":[{"href":"https:\/\/historiografija.hr\/index.php?rest_route=\/wp\/v2\/types\/post"}],"author":[{"embeddable":true,"href":"https:\/\/historiografija.hr\/index.php?rest_route=\/wp\/v2\/users\/2"}],"replies":[{"embeddable":true,"href":"https:\/\/historiografija.hr\/index.php?rest_route=%2Fwp%2Fv2%2Fcomments&post=37481"}],"version-history":[{"count":2,"href":"https:\/\/historiografija.hr\/index.php?rest_route=\/wp\/v2\/posts\/37481\/revisions"}],"predecessor-version":[{"id":37484,"href":"https:\/\/historiografija.hr\/index.php?rest_route=\/wp\/v2\/posts\/37481\/revisions\/37484"}],"wp:featuredmedia":[{"embeddable":true,"href":"https:\/\/historiografija.hr\/index.php?rest_route=\/wp\/v2\/media\/37482"}],"wp:attachment":[{"href":"https:\/\/historiografija.hr\/index.php?rest_route=%2Fwp%2Fv2%2Fmedia&parent=37481"}],"wp:term":[{"taxonomy":"category","embeddable":true,"href":"https:\/\/historiografija.hr\/index.php?rest_route=%2Fwp%2Fv2%2Fcategories&post=37481"},{"taxonomy":"post_tag","embeddable":true,"href":"https:\/\/historiografija.hr\/index.php?rest_route=%2Fwp%2Fv2%2Ftags&post=37481"}],"curies":[{"name":"wp","href":"https:\/\/api.w.org\/{rel}","templated":true}]}}