{"id":37455,"date":"2023-10-12T09:27:39","date_gmt":"2023-10-12T09:27:39","guid":{"rendered":"http:\/\/historiografija.hr\/?p=37455"},"modified":"2023-10-12T09:28:43","modified_gmt":"2023-10-12T09:28:43","slug":"gisele-sapiro-des-mots-qui-tuent-la-responsabilite-de-lintellectuel-en-temps-de-crise-1944-1945","status":"publish","type":"post","link":"https:\/\/historiografija.hr\/?p=37455","title":{"rendered":"Gis\u00e8le Sapiro, \u201eDes mots qui tuent: La responsabilit\u00e9 de l&#8217;intellectuel en temps de crise (1944-1945)\u201c"},"content":{"rendered":"\n<p>Objavljena je 2020. godine knjiga Gis\u00e8le Sapiro \u201eRije\u010di koje ubijaju. Odgovornost intelektualca u vremenima krize (1944-1945)\u201c, \u010dija se problematika mo\u017ee dakako primijeniti i na druga razdoblja, me\u0111u njima i na\u0161e dana\u0161nje, odnosno upravo sada.<\/p>\n\n\n\n<hr class=\"wp-block-separator\"\/>\n\n\n\n<p><strong>Des mots qui tuent<\/strong><\/p>\n\n\n\n<p>\u00ab Il y a des mots aussi meurtriers qu\u2019une chambre \u00e0 gaz \u00bb, \u00e9crit Simone de Beauvoir pour expliquer son refus de soutenir le recours en gr\u00e2ce de Brasillach, condamn\u00e9 \u00e0 mort et ex\u00e9cut\u00e9 en 1945. Peut-on <em>tout<\/em> dire ? Et \u00e0 quel prix ?<\/p>\n\n\n\n<p>Les \u00e9crits des intellectuels ayant collabor\u00e9 avec l\u2019occupant (Maurras, Rebatet, C\u00e9line, etc.) sont ici examin\u00e9s \u00e0 la loupe. Comment la justice de la Lib\u00e9ration a-t-elle d\u00e9fini la responsabilit\u00e9 de ces intellectuels ? Quels textes, quels mots ont donn\u00e9 prise \u00e0 l\u2019accusation d\u2019\u00ab intelligence avec l\u2019ennemi \u00bb et de trahison nationale ? Quels arguments les accus\u00e9s et leurs d\u00e9fenseurs lui ont-ils oppos\u00e9 ?<\/p>\n\n\n\n<p>La th\u00e9orie sartrienne de la responsabilit\u00e9 de l\u2019intellectuel exprime la croyance dans le pouvoir des mots qui fut au c\u0153ur de ces proc\u00e8s de l\u2019\u00c9puration \u2013 car, pour Sartre, les paroles sont des actes.<\/p>\n\n\n\n<hr class=\"wp-block-separator\"\/>\n\n\n\n<p><strong>Gis\u00e8le Sapiro<\/strong><\/p>\n\n\n\n<p>Directrice de recherche au CNRS et directrice d\u2019\u00e9tudes \u00e0 l\u2019EHESS, elle est l\u2019auteure de <em>La Guerre des \u00e9crivains <\/em>(Fayard, 1999), <em>La Responsabilit\u00e9 de l\u2019\u00e9crivain <\/em>(Seuil, 2011), <em>Les \u00c9crivains et la politique en France <\/em>(Seuil, 2018) et <em>Peut-on dissocier l\u2019\u0153uvre de l\u2019auteur ?<\/em> (Seuil, 2020).<\/p>\n\n\n\n<hr class=\"wp-block-separator\"\/>\n\n\n\n<p>Date de parution 15\/10\/2020<\/p>\n\n\n\n<p>336 pages<\/p>\n\n\n\n<hr class=\"wp-block-separator\"\/>\n\n\n\n<p><a href=\"https:\/\/www.editionspoints.com\/ouvrage\/des-mots-qui-tuent-gisele-sapiro\/9782757887202\">https:\/\/www.editionspoints.com\/ouvrage\/des-mots-qui-tuent-gisele-sapiro\/9782757887202<\/a><\/p>\n\n\n\n<hr class=\"wp-block-separator\"\/>\n","protected":false},"excerpt":{"rendered":"","protected":false},"author":2,"featured_media":37456,"comment_status":"open","ping_status":"open","sticky":false,"template":"","format":"standard","meta":{"_acf_changed":false,"jetpack_post_was_ever_published":false,"_jetpack_newsletter_access":"","_jetpack_dont_email_post_to_subs":false,"_jetpack_newsletter_tier_id":0,"_jetpack_memberships_contains_paywalled_content":false,"_jetpack_memberships_contains_paid_content":false,"footnotes":"","jetpack_publicize_message":"","jetpack_publicize_feature_enabled":true,"jetpack_social_post_already_shared":true,"jetpack_social_options":{"image_generator_settings":{"template":"highway","default_image_id":0,"font":"","enabled":false},"version":2}},"categories":[8,3],"tags":[],"class_list":["post-37455","post","type-post","status-publish","format-standard","has-post-thumbnail","hentry","category-knjige","category-novosti"],"acf":{"facebook_opis":""},"jetpack_publicize_connections":[],"jetpack_featured_media_url":"https:\/\/i0.wp.com\/historiografija.hr\/wp-content\/uploads\/2023\/10\/Sapiro.jpg?fit=364%2C600&ssl=1","jetpack_sharing_enabled":true,"jetpack-related-posts":[],"_links":{"self":[{"href":"https:\/\/historiografija.hr\/index.php?rest_route=\/wp\/v2\/posts\/37455","targetHints":{"allow":["GET"]}}],"collection":[{"href":"https:\/\/historiografija.hr\/index.php?rest_route=\/wp\/v2\/posts"}],"about":[{"href":"https:\/\/historiografija.hr\/index.php?rest_route=\/wp\/v2\/types\/post"}],"author":[{"embeddable":true,"href":"https:\/\/historiografija.hr\/index.php?rest_route=\/wp\/v2\/users\/2"}],"replies":[{"embeddable":true,"href":"https:\/\/historiografija.hr\/index.php?rest_route=%2Fwp%2Fv2%2Fcomments&post=37455"}],"version-history":[{"count":3,"href":"https:\/\/historiografija.hr\/index.php?rest_route=\/wp\/v2\/posts\/37455\/revisions"}],"predecessor-version":[{"id":37459,"href":"https:\/\/historiografija.hr\/index.php?rest_route=\/wp\/v2\/posts\/37455\/revisions\/37459"}],"wp:featuredmedia":[{"embeddable":true,"href":"https:\/\/historiografija.hr\/index.php?rest_route=\/wp\/v2\/media\/37456"}],"wp:attachment":[{"href":"https:\/\/historiografija.hr\/index.php?rest_route=%2Fwp%2Fv2%2Fmedia&parent=37455"}],"wp:term":[{"taxonomy":"category","embeddable":true,"href":"https:\/\/historiografija.hr\/index.php?rest_route=%2Fwp%2Fv2%2Fcategories&post=37455"},{"taxonomy":"post_tag","embeddable":true,"href":"https:\/\/historiografija.hr\/index.php?rest_route=%2Fwp%2Fv2%2Ftags&post=37455"}],"curies":[{"name":"wp","href":"https:\/\/api.w.org\/{rel}","templated":true}]}}