{"id":37443,"date":"2023-10-11T18:03:53","date_gmt":"2023-10-11T18:03:53","guid":{"rendered":"http:\/\/historiografija.hr\/?p=37443"},"modified":"2023-10-11T18:03:53","modified_gmt":"2023-10-11T18:03:53","slug":"umro-vjeran-zuppa","status":"publish","type":"post","link":"https:\/\/historiografija.hr\/?p=37443","title":{"rendered":"Umro Vjeran Zuppa"},"content":{"rendered":"\n<p>U 84. godini umro je teatrolog, knji\u017eevni kriti\u010dar i pisac Vjeran Zuppa (1940-2023), koji je \u2013 izme\u0111u ostalog \u2013 u zborniku radova \u201eDesni\u010dini susreti 2013: Intelektualac danas\u201c pisao o problematici o kojoj \u0107e 2022. objaviti knjigu \u201eIntelektualac. \u010covjek u pitanju\u201c. O njegovoj pak intelektualnoj povijesti govori, uz ostalo, primjerice knjiga iz 2007: \u201eIspru\u017eeni jezik: razgovor s Viktorom Ivan\u010di\u0107em \/ \u017divot u demokraturi: razgovori, uglavnom, o politici s Heni Erceg, Borisom Ra\u0161etom, Tonijem Gabri\u0107em, Mirjanom Dugand\u017eijom, Miljenkom Jergovi\u0107em, Ivanom Sale\u010di\u0107em, Davorkom Vukov Coli\u0107, Frenkijem Lau\u0161i\u0107em, Igorom Lasi\u0107em, Ivicom \u0110iki\u0107em\u201c.<\/p>\n\n\n\n<hr class=\"wp-block-separator\"\/>\n\n\n\n<p>Iz medija:<\/p>\n\n\n\n<p><a href=\"https:\/\/www.hina.hr\/vijest\/11435689\">https:\/\/www.hina.hr\/vijest\/11435689<\/a><\/p>\n\n\n\n<p><a href=\"https:\/\/www.glasistre.hr\/kultura\/2023\/10\/10\/umro-teatrolog-knjizevni-kriticar-i-pisac-vjeran-zuppa-889419\">https:\/\/www.glasistre.hr\/kultura\/2023\/10\/10\/umro-teatrolog-knjizevni-kriticar-i-pisac-vjeran-zuppa-889419<\/a><\/p>\n\n\n\n<p><a href=\"https:\/\/www.adu.unizg.hr\/vjeran-zuppa-1940-2023\/\">https:\/\/www.adu.unizg.hr\/vjeran-zuppa-1940-2023\/<\/a><\/p>\n\n\n\n<figure class=\"wp-block-embed-wordpress wp-block-embed is-type-wp-embed is-provider-zkm\"><div class=\"wp-block-embed__wrapper\">\n<blockquote class=\"wp-embedded-content\" data-secret=\"CTBPGoh0ry\"><a href=\"https:\/\/www.zekaem.hr\/in-memoriam-vjeran-zuppa\/\">IN MEMORIAM &#8211; Vjeran Zuppa<\/a><\/blockquote><iframe loading=\"lazy\" class=\"wp-embedded-content\" sandbox=\"allow-scripts\" security=\"restricted\" style=\"position: absolute; clip: rect(1px, 1px, 1px, 1px);\" title=\"&#8220;IN MEMORIAM &#8211; Vjeran Zuppa&#8221; &#8212; ZKM\" src=\"https:\/\/www.zekaem.hr\/in-memoriam-vjeran-zuppa\/embed\/#?secret=Eq7ouieBdC#?secret=CTBPGoh0ry\" data-secret=\"CTBPGoh0ry\" width=\"600\" height=\"338\" frameborder=\"0\" marginwidth=\"0\" marginheight=\"0\" scrolling=\"no\"><\/iframe>\n<\/div><\/figure>\n\n\n\n<p><a href=\"https:\/\/magazin.hrt.hr\/kultura\/umro-teatrolog-knjizevni-kriticar-i-pisac-vjeran-zuppa-11082623\">https:\/\/magazin.hrt.hr\/kultura\/umro-teatrolog-knjizevni-kriticar-i-pisac-vjeran-zuppa-11082623<\/a><\/p>\n\n\n\n<p><a href=\"https:\/\/www.jutarnji.hr\/kultura\/kazaliste\/u-84-godini-preminuo-ugledni-hrvatski-intelektualac-vjeran-zuppa-15382838\">https:\/\/www.jutarnji.hr\/kultura\/kazaliste\/u-84-godini-preminuo-ugledni-hrvatski-intelektualac-vjeran-zuppa-15382838<\/a><\/p>\n\n\n\n<p><a href=\"https:\/\/www.jutarnji.hr\/kultura\/knjizevnost\/vjeran-zuppa-je-duze-od-dva-desetljeca-figurirao-kao-jedan-od-intelektualnih-bardova-ljevice-15382900\">https:\/\/www.jutarnji.hr\/kultura\/knjizevnost\/vjeran-zuppa-je-duze-od-dva-desetljeca-figurirao-kao-jedan-od-intelektualnih-bardova-ljevice-15382900<\/a><\/p>\n\n\n\n<p><a href=\"https:\/\/www.portalnovosti.com\/in-memoriam-vjeran-zuppa-1940-2023\">https:\/\/www.portalnovosti.com\/in-memoriam-vjeran-zuppa-1940-2023<\/a><\/p>\n\n\n\n<p><a href=\"https:\/\/www.portalnovosti.com\/to-je-taj-zuppa\">https:\/\/www.portalnovosti.com\/to-je-taj-zuppa<\/a><\/p>\n\n\n\n<p><a href=\"https:\/\/www.telegram.hr\/kultura\/zuppa-je-odavno-prestao-biti-relevantan-sugovornik-u-javnosti-i-to-je-tragedija-ovog-drustva\/\">https:\/\/www.telegram.hr\/kultura\/zuppa-je-odavno-prestao-biti-relevantan-sugovornik-u-javnosti-i-to-je-tragedija-ovog-drustva\/<\/a><\/p>\n\n\n\n<hr class=\"wp-block-separator\"\/>\n","protected":false},"excerpt":{"rendered":"","protected":false},"author":2,"featured_media":37444,"comment_status":"open","ping_status":"open","sticky":false,"template":"","format":"standard","meta":{"_acf_changed":false,"jetpack_post_was_ever_published":false,"_jetpack_newsletter_access":"","_jetpack_dont_email_post_to_subs":false,"_jetpack_newsletter_tier_id":0,"_jetpack_memberships_contains_paywalled_content":false,"_jetpack_memberships_contains_paid_content":false,"footnotes":"","jetpack_publicize_message":"","jetpack_publicize_feature_enabled":true,"jetpack_social_post_already_shared":true,"jetpack_social_options":{"image_generator_settings":{"template":"highway","default_image_id":0,"font":"","enabled":false},"version":2}},"categories":[3,20],"tags":[],"class_list":["post-37443","post","type-post","status-publish","format-standard","has-post-thumbnail","hentry","category-novosti","category-obavijesti-o-smrti-i-nekrolozi"],"acf":{"facebook_opis":""},"jetpack_publicize_connections":[],"jetpack_featured_media_url":"https:\/\/i0.wp.com\/historiografija.hr\/wp-content\/uploads\/2023\/10\/zuppa-scaled.jpg?fit=2560%2C1703&ssl=1","jetpack_sharing_enabled":true,"jetpack-related-posts":[],"_links":{"self":[{"href":"https:\/\/historiografija.hr\/index.php?rest_route=\/wp\/v2\/posts\/37443","targetHints":{"allow":["GET"]}}],"collection":[{"href":"https:\/\/historiografija.hr\/index.php?rest_route=\/wp\/v2\/posts"}],"about":[{"href":"https:\/\/historiografija.hr\/index.php?rest_route=\/wp\/v2\/types\/post"}],"author":[{"embeddable":true,"href":"https:\/\/historiografija.hr\/index.php?rest_route=\/wp\/v2\/users\/2"}],"replies":[{"embeddable":true,"href":"https:\/\/historiografija.hr\/index.php?rest_route=%2Fwp%2Fv2%2Fcomments&post=37443"}],"version-history":[{"count":1,"href":"https:\/\/historiografija.hr\/index.php?rest_route=\/wp\/v2\/posts\/37443\/revisions"}],"predecessor-version":[{"id":37445,"href":"https:\/\/historiografija.hr\/index.php?rest_route=\/wp\/v2\/posts\/37443\/revisions\/37445"}],"wp:featuredmedia":[{"embeddable":true,"href":"https:\/\/historiografija.hr\/index.php?rest_route=\/wp\/v2\/media\/37444"}],"wp:attachment":[{"href":"https:\/\/historiografija.hr\/index.php?rest_route=%2Fwp%2Fv2%2Fmedia&parent=37443"}],"wp:term":[{"taxonomy":"category","embeddable":true,"href":"https:\/\/historiografija.hr\/index.php?rest_route=%2Fwp%2Fv2%2Fcategories&post=37443"},{"taxonomy":"post_tag","embeddable":true,"href":"https:\/\/historiografija.hr\/index.php?rest_route=%2Fwp%2Fv2%2Ftags&post=37443"}],"curies":[{"name":"wp","href":"https:\/\/api.w.org\/{rel}","templated":true}]}}