{"id":37438,"date":"2023-10-11T17:23:45","date_gmt":"2023-10-11T17:23:45","guid":{"rendered":"http:\/\/historiografija.hr\/?p=37438"},"modified":"2023-10-11T17:25:31","modified_gmt":"2023-10-11T17:25:31","slug":"caponeu-afropolitanism-and-adas-realm-a-conversation-with-sharon-dodua-otoo","status":"publish","type":"post","link":"https:\/\/historiografija.hr\/?p=37438","title":{"rendered":"(CAPONEU) Afropolitanism and Ada\u2019s Realm: A conversation with Sharon Dodua Otoo"},"content":{"rendered":"\n<p>Join prizewinning writer Sharon Dodua Otoo as she speaks with literary researcher Chalo\u2019a Waya about the recently published English-language edition of her critically acclaimed novel <em>Ada\u2019s Realm<\/em>. The novel was first published in German as <em>Adas Raum<\/em> in 2021.<\/p>\n\n\n\n<p>The conversation will explore, among other things, the Afropolitan aspects of <em>Ada\u2019s Realm<\/em> and address the multiple intersectionalities \u2013 of class, race, gender, and disability \u2013 in Otoo\u2019s remarkable novel.<\/p>\n\n\n\n<p>This event is being cohosted with the <a href=\"https:\/\/www.daad.cam.ac.uk\/\" target=\"_blank\" rel=\"noreferrer noopener\">DAAD Research Hub for German Studies<\/a>, the <a href=\"https:\/\/www.mmll.cam.ac.uk\/german\" target=\"_blank\" rel=\"noreferrer noopener\">German Department<\/a>, and the <a href=\"https:\/\/www.caponeu.eu\/about\" target=\"_blank\" rel=\"noreferrer noopener\">CAPONEU project <\/a>(Cartography of the Political Novel in Europe) at the University of Cambridge.<\/p>\n\n\n\n<p><strong>About the Speakers<\/strong><\/p>\n\n\n\n<p>Sharon Dodua Otoo is a novelist and a political activist. She is editor of the English-language book series <em>Witnessed<\/em> and curates the German-language literature festival \u2018Resonanzen\u2019 (\u2018Resonances\u2019). Her first novel, <em>Adas Raum<\/em>, was published in German in 2021 and in English translation in 2023. Otoo won the Ingeborg Bachmann Prize in 2016, a major international literary award in German-speaking countries. She was elected a Visiting Fellow at Jesus College in 2021 and was the Schroeder Writer-in-Residence at Cambridge in the 2021-2022 academic year.<\/p>\n\n\n\n<p>Chalo\u2019a Waya is a PhD student at St Catharine\u2019s College, Cambridge, writing on Critical Afropolitanism and epistemic injustice in contemporary novels.<\/p>\n\n\n\n<p><strong>Date and time<\/strong><\/p>\n\n\n\n<p>Thu, 12 Oct 2023 19:30 &#8211; 20:45 BST &nbsp;<\/p>\n\n\n\n<p><strong>Location<\/strong><\/p>\n\n\n\n<p>Frankopan Hall, West Court, Jesus College, Cambridge &amp; online via Zoom<\/p>\n\n\n\n<hr class=\"wp-block-separator\"\/>\n\n\n\n<p><a href=\"https:\/\/www.facebook.com\/profile.php?id=100089829465487\">https:\/\/www.facebook.com\/profile.php?id=100089829465487<\/a><\/p>\n\n\n\n<hr class=\"wp-block-separator\"\/>\n\n\n\n<p><\/p>\n","protected":false},"excerpt":{"rendered":"","protected":false},"author":2,"featured_media":37439,"comment_status":"open","ping_status":"open","sticky":false,"template":"","format":"standard","meta":{"_acf_changed":false,"jetpack_post_was_ever_published":false,"_jetpack_newsletter_access":"","_jetpack_dont_email_post_to_subs":false,"_jetpack_newsletter_tier_id":0,"_jetpack_memberships_contains_paywalled_content":false,"_jetpack_memberships_contains_paid_content":false,"footnotes":"","jetpack_publicize_message":"","jetpack_publicize_feature_enabled":true,"jetpack_social_post_already_shared":true,"jetpack_social_options":{"image_generator_settings":{"template":"highway","default_image_id":0,"font":"","enabled":false},"version":2}},"categories":[3,12],"tags":[],"class_list":["post-37438","post","type-post","status-publish","format-standard","has-post-thumbnail","hentry","category-novosti","category-knjizevnost"],"acf":{"facebook_opis":""},"jetpack_publicize_connections":[],"jetpack_featured_media_url":"https:\/\/i0.wp.com\/historiografija.hr\/wp-content\/uploads\/2023\/10\/Ada.jpg?fit=940%2C470&ssl=1","jetpack_sharing_enabled":true,"jetpack-related-posts":[{"id":52622,"url":"https:\/\/historiografija.hr\/?p=52622","url_meta":{"origin":37438,"position":0},"title":"Annual CAPONEU conference: Political Novel in Europe Between Democracy and Authoritarianism","author":"Branimir Jankovi\u0107","date":"23. travnja 2026.","format":false,"excerpt":"Caponeu event 22.04.2026 - 24.04.2026 Location: The Faculty of Polish and Classical Philology AMU (Fredry 10, Pozna\u0144)Organized by: Tomasz Mizerkiewicz, Krystyna Pieni\u0105\u017cek-Markovi\u0107, Anna Gawarecka, Ewa Szperlik, Magda Potok, B\u0142a\u017cej Warkocki, Gerard Ronge (all Adam Mickiewicz University in Pozna\u0144)Contact: gerron@amu.edu.pl The Adam Mickiewicz University team, as part of the international CAPONEU\u2026","rel":"","context":"U &quot;Novosti&quot;","block_context":{"text":"Novosti","link":"https:\/\/historiografija.hr\/?cat=3"},"img":{"alt_text":"","src":"https:\/\/i0.wp.com\/historiografija.hr\/wp-content\/uploads\/2026\/04\/Caponeu-political-novel.jpg?fit=500%2C261&ssl=1&resize=350%2C200","width":350,"height":200},"classes":[]},{"id":52625,"url":"https:\/\/historiografija.hr\/?p=52625","url_meta":{"origin":37438,"position":1},"title":"Omer Bartov, \u201eIsrael: What Went Wrong?\u201c","author":"Branimir Jankovi\u0107","date":"23. travnja 2026.","format":false,"excerpt":"Professor Omer Bartov was born on a kibbutz, grew up in Tel Aviv and served in the Israel Defence Forces during the Yom Kippur War. He went on to become an expert on the German army and the Holocaust, before turning his attention to his native country.In Israel: What Went\u2026","rel":"","context":"U &quot;Knjige&quot;","block_context":{"text":"Knjige","link":"https:\/\/historiografija.hr\/?cat=8"},"img":{"alt_text":"","src":"https:\/\/i0.wp.com\/historiografija.hr\/wp-content\/uploads\/2026\/04\/Bartov.jpeg?fit=320%2C500&ssl=1&resize=350%2C200","width":350,"height":200},"classes":[]},{"id":52531,"url":"https:\/\/historiografija.hr\/?p=52531","url_meta":{"origin":37438,"position":2},"title":"Jonathan G. Leslie, \u201eFear and Insecurity: Israel and the Iran Threat Narrative\u201c","author":"Branimir Jankovi\u0107","date":"17. travnja 2026.","format":false,"excerpt":"Why is Israel\u2019s former ally Iran now perceived as the country\u2019s greatest threat? Description To observers of the Iran-Israel conflict, its vitriolic rhetoric might suggest an ancient hatred between Jews and Muslims\u2013a biblical feud dating back hundreds, or thousands, of years. But this rivalry is a far more modern development.\u2026","rel":"","context":"U &quot;Knjige&quot;","block_context":{"text":"Knjige","link":"https:\/\/historiografija.hr\/?cat=8"},"img":{"alt_text":"","src":"https:\/\/i0.wp.com\/historiografija.hr\/wp-content\/uploads\/2026\/04\/Leslie.jpg?fit=391%2C612&ssl=1&resize=350%2C200","width":350,"height":200},"classes":[]},{"id":52736,"url":"https:\/\/historiografija.hr\/?p=52736","url_meta":{"origin":37438,"position":3},"title":"Playing God: Eugenics in Modern History, Gda\u0144sk, 18th\u201320th November 2026 (Deadline: 1st June 2026)","author":"Filip \u0160imunjak","date":"30. travnja 2026.","format":false,"excerpt":"The Museum of the Second World War in Gda\u0144sk (Poland) invites researchers, educators and others to take part in an interdisciplinary academic conference entitled \u2018Playing God: Eugenics in Modern History' (18th-20th November 2026) Playing God: Eugenics in Modern History The history of modern biological engineering and social control is inextricably\u2026","rel":"","context":"U &quot;Novosti&quot;","block_context":{"text":"Novosti","link":"https:\/\/historiografija.hr\/?cat=3"},"img":{"alt_text":"","src":"https:\/\/i0.wp.com\/historiografija.hr\/wp-content\/uploads\/2017\/10\/hsozkult.png?fit=1006%2C241&ssl=1&resize=350%2C200","width":350,"height":200,"srcset":"https:\/\/i0.wp.com\/historiografija.hr\/wp-content\/uploads\/2017\/10\/hsozkult.png?fit=1006%2C241&ssl=1&resize=350%2C200 1x, https:\/\/i0.wp.com\/historiografija.hr\/wp-content\/uploads\/2017\/10\/hsozkult.png?fit=1006%2C241&ssl=1&resize=525%2C300 1.5x, https:\/\/i0.wp.com\/historiografija.hr\/wp-content\/uploads\/2017\/10\/hsozkult.png?fit=1006%2C241&ssl=1&resize=700%2C400 2x"},"classes":[]},{"id":52677,"url":"https:\/\/historiografija.hr\/?p=52677","url_meta":{"origin":37438,"position":4},"title":"CfP: NAVIGATING THE PAST, FACING THE PRESENT: CHALLENGES AND OPPORTUNITIES IN RE-PRESENTING CONFLICTS AND VIOLENCE IN MEMORY AND EDUCATION INSTITUTIONS, WARSAW, 22ND\u201324TH OCTOBER 2026 (DEADLINE: 30TH APRIL 2026)","author":"Branimir Jankovi\u0107","date":"27. travnja 2026.","format":false,"excerpt":"The conference and graduate workshop (October 22-24, 2026, Warsaw) addresses the representation of history in public and institutional contexts, with a focus beyond the often-studied field of \u201cmemory culture\u201d. Rather than emphasizing the politicization of memory and cultural institutions, the discussion shifts toward new methods, media, and challenges in historical\u2026","rel":"","context":"U &quot;Novosti&quot;","block_context":{"text":"Novosti","link":"https:\/\/historiografija.hr\/?cat=3"},"img":{"alt_text":"","src":"https:\/\/i0.wp.com\/historiografija.hr\/wp-content\/uploads\/2017\/10\/hsozkult.png?fit=1006%2C241&ssl=1&resize=350%2C200","width":350,"height":200,"srcset":"https:\/\/i0.wp.com\/historiografija.hr\/wp-content\/uploads\/2017\/10\/hsozkult.png?fit=1006%2C241&ssl=1&resize=350%2C200 1x, https:\/\/i0.wp.com\/historiografija.hr\/wp-content\/uploads\/2017\/10\/hsozkult.png?fit=1006%2C241&ssl=1&resize=525%2C300 1.5x, https:\/\/i0.wp.com\/historiografija.hr\/wp-content\/uploads\/2017\/10\/hsozkult.png?fit=1006%2C241&ssl=1&resize=700%2C400 2x"},"classes":[]},{"id":52679,"url":"https:\/\/historiografija.hr\/?p=52679","url_meta":{"origin":37438,"position":5},"title":"CfP: CHOSEN NATION(S): HISTORICAL AND CULTURAL INTERPRETATIONS OF EXCEPTIONALISM, BUDAPEST, 10TH\u201311TH JUNE 2026 (DEADLINE: 1ST MAY 2026)","author":"Branimir Jankovi\u0107","date":"27. travnja 2026.","format":false,"excerpt":"The Ludovika University of Public Service (NKE) and the Jewish Theological Seminary \u2013 University of Jewish Studies (OR-ZSE) are pleased to announce a joint academic conference on \u201cChosen Nation(s): Historical and Cultural Interpretations of Exceptionalism\u201d, to be held in Budapest, Hungary. Chosen Nation(s): Historical and Cultural Interpretations of Exceptionalism Keynote\u2026","rel":"","context":"U &quot;Novosti&quot;","block_context":{"text":"Novosti","link":"https:\/\/historiografija.hr\/?cat=3"},"img":{"alt_text":"","src":"https:\/\/i0.wp.com\/historiografija.hr\/wp-content\/uploads\/2017\/10\/hsozkult.png?fit=1006%2C241&ssl=1&resize=350%2C200","width":350,"height":200,"srcset":"https:\/\/i0.wp.com\/historiografija.hr\/wp-content\/uploads\/2017\/10\/hsozkult.png?fit=1006%2C241&ssl=1&resize=350%2C200 1x, https:\/\/i0.wp.com\/historiografija.hr\/wp-content\/uploads\/2017\/10\/hsozkult.png?fit=1006%2C241&ssl=1&resize=525%2C300 1.5x, https:\/\/i0.wp.com\/historiografija.hr\/wp-content\/uploads\/2017\/10\/hsozkult.png?fit=1006%2C241&ssl=1&resize=700%2C400 2x"},"classes":[]}],"_links":{"self":[{"href":"https:\/\/historiografija.hr\/index.php?rest_route=\/wp\/v2\/posts\/37438","targetHints":{"allow":["GET"]}}],"collection":[{"href":"https:\/\/historiografija.hr\/index.php?rest_route=\/wp\/v2\/posts"}],"about":[{"href":"https:\/\/historiografija.hr\/index.php?rest_route=\/wp\/v2\/types\/post"}],"author":[{"embeddable":true,"href":"https:\/\/historiografija.hr\/index.php?rest_route=\/wp\/v2\/users\/2"}],"replies":[{"embeddable":true,"href":"https:\/\/historiografija.hr\/index.php?rest_route=%2Fwp%2Fv2%2Fcomments&post=37438"}],"version-history":[{"count":3,"href":"https:\/\/historiografija.hr\/index.php?rest_route=\/wp\/v2\/posts\/37438\/revisions"}],"predecessor-version":[{"id":37442,"href":"https:\/\/historiografija.hr\/index.php?rest_route=\/wp\/v2\/posts\/37438\/revisions\/37442"}],"wp:featuredmedia":[{"embeddable":true,"href":"https:\/\/historiografija.hr\/index.php?rest_route=\/wp\/v2\/media\/37439"}],"wp:attachment":[{"href":"https:\/\/historiografija.hr\/index.php?rest_route=%2Fwp%2Fv2%2Fmedia&parent=37438"}],"wp:term":[{"taxonomy":"category","embeddable":true,"href":"https:\/\/historiografija.hr\/index.php?rest_route=%2Fwp%2Fv2%2Fcategories&post=37438"},{"taxonomy":"post_tag","embeddable":true,"href":"https:\/\/historiografija.hr\/index.php?rest_route=%2Fwp%2Fv2%2Ftags&post=37438"}],"curies":[{"name":"wp","href":"https:\/\/api.w.org\/{rel}","templated":true}]}}