{"id":37432,"date":"2023-10-11T16:57:56","date_gmt":"2023-10-11T16:57:56","guid":{"rendered":"http:\/\/historiografija.hr\/?p=37432"},"modified":"2023-10-11T16:57:56","modified_gmt":"2023-10-11T16:57:56","slug":"medunarodni-znanstveni-skup-franjevci-bosne-srebrene-i-skolstvo-od-pocetaka-do-kraja-20-stoljeca","status":"publish","type":"post","link":"https:\/\/historiografija.hr\/?p=37432","title":{"rendered":"Me\u0111unarodni znanstveni skup \u201eFranjevci Bosne Srebrene i \u0161kolstvo od po\u010detaka do kraja 20. stolje\u0107a\u201c"},"content":{"rendered":"\n<p>U organizaciji Franjeva\u010dke provincije Bosne Srebrene, Zavoda za povijesne znanosti Hrvatske akademije znanosti i umjetnosti u Zadru, Hrvatskog instituta za povijest, Hrvatskog instituta za povijest \u2013 Podru\u017enice za povijest Slavonije, Srijema i Baranje, Sveu\u010dili\u0161ta u Mostaru, Franjeva\u010dke teologije Sarajevo i Franjeva\u010dkog samostana u Tolisi organizira se me\u0111unarodni znanstveni skup <em><strong>Franjevci Bosne Srebrene i \u0161kolstvo od po\u010detaka do kraja 20. stolje\u0107a<\/strong><\/em><strong> \u2013 <\/strong><em><strong>u povodu 200 godina osnutka prve pu\u010dke \u0161kole u Tolisi 1823. godine<\/strong><\/em>, koji \u0107e se odr\u017eati u petak 13. listopada 2023. s po\u010detkom u 10 sati u Franjeva\u010dkom samostanu u Tolisi.<\/p>\n\n\n\n<p>Povod odr\u017eavanja znanstvenog skupa je obilje\u017eavanje jubilarne dvjestote godi\u0161njice osnivanja i rada prve pu\u010dke \u0161kole u Tolisi 1823. i uop\u0107e u Bosni i Hercegovini, a koju je utemeljio fra Ilija Star\u010devi\u0107. Svrha odr\u017eavanja skupa jest, kroz slo\u017eene dru\u0161tveno-kulturne prilike za vrijeme osmanske uprave u Bosni i Hercegovini pa sve do suvremene povijesti 20. stolje\u0107a, prikazati ulogu i djelovanje franjevaca Bosne Srebrene u pro\u0161losti pri opismenjavanju katoli\u010dkog puka, osnivanju i radu pu\u010dkih \u0161kola, gimnazije i vi\u0161ega \u0161kolstva.<\/p>\n\n\n\n<hr class=\"wp-block-separator\"\/>\n\n\n\n<p>Izvor, program i dodatne obavijesti:<\/p>\n\n\n\n<figure class=\"wp-block-embed-wordpress wp-block-embed is-type-wp-embed is-provider-hazu\"><div class=\"wp-block-embed__wrapper\">\n<blockquote class=\"wp-embedded-content\" data-secret=\"DJn1Eehjbn\"><a href=\"https:\/\/www.info.hazu.hr\/events\/medunarodni-znanstveni-skup-franjevci-bosne-srebrene-i-skolstvo-od-pocetaka-do-kraja-20-stoljeca\/\">Me\u0111unarodni znanstveni skup Franjevci Bosne Srebrene i \u0161kolstvo od po\u010detaka do kraja 20. stolje\u0107a<\/a><\/blockquote><iframe loading=\"lazy\" class=\"wp-embedded-content\" sandbox=\"allow-scripts\" security=\"restricted\" style=\"position: absolute; clip: rect(1px, 1px, 1px, 1px);\" title=\"&#8220;Me\u0111unarodni znanstveni skup Franjevci Bosne Srebrene i \u0161kolstvo od po\u010detaka do kraja 20. stolje\u0107a&#8221; &#8212; HAZU\" src=\"https:\/\/www.info.hazu.hr\/events\/medunarodni-znanstveni-skup-franjevci-bosne-srebrene-i-skolstvo-od-pocetaka-do-kraja-20-stoljeca\/embed\/#?secret=DJn1Eehjbn\" data-secret=\"DJn1Eehjbn\" width=\"600\" height=\"338\" frameborder=\"0\" marginwidth=\"0\" marginheight=\"0\" scrolling=\"no\"><\/iframe>\n<\/div><\/figure>\n\n\n\n<figure class=\"wp-block-embed-wordpress wp-block-embed is-type-wp-embed is-provider-hrvatski-institut-za-povijest\"><div class=\"wp-block-embed__wrapper\">\n<blockquote class=\"wp-embedded-content\" data-secret=\"2M62xlQf9A\"><a href=\"http:\/\/hipsb.hr\/n-a-j-a-v-a-medunarodni-znanstveni-skup-franjevci-bosne-srebrene-i-skolstvo-od-pocetaka-do-kraja-20-stoljeca\/\">N A J A V A: Me\u0111unarodni znanstveni skup \u201eFRANJEVCI BOSNE SREBRENE I \u0160KOLSTVO OD PO\u010cETAKA DO KRAJA 20. STOLJE\u0106A\u201c<\/a><\/blockquote><iframe loading=\"lazy\" class=\"wp-embedded-content\" sandbox=\"allow-scripts\" security=\"restricted\" style=\"position: absolute; clip: rect(1px, 1px, 1px, 1px);\" title=\"&#8220;N A J A V A: Me\u0111unarodni znanstveni skup \u201eFRANJEVCI BOSNE SREBRENE I \u0160KOLSTVO OD PO\u010cETAKA DO KRAJA 20. STOLJE\u0106A\u201c&#8221; &#8212; Hrvatski institut za povijest\" src=\"http:\/\/hipsb.hr\/n-a-j-a-v-a-medunarodni-znanstveni-skup-franjevci-bosne-srebrene-i-skolstvo-od-pocetaka-do-kraja-20-stoljeca\/embed\/#?secret=2M62xlQf9A\" data-secret=\"2M62xlQf9A\" width=\"600\" height=\"338\" frameborder=\"0\" marginwidth=\"0\" marginheight=\"0\" scrolling=\"no\"><\/iframe>\n<\/div><\/figure>\n\n\n\n<figure class=\"wp-block-embed-wordpress wp-block-embed is-type-wp-embed is-provider-svjetlo-rijeci\"><div class=\"wp-block-embed__wrapper\">\n<blockquote class=\"wp-embedded-content\" data-secret=\"nLgDhoGGSK\"><a href=\"https:\/\/www.svjetlorijeci.ba\/najava-medunarodni-znanstveni-skup-u-tolisi\/\">Najava: Me\u0111unarodni znanstveni skup u Tolisi<\/a><\/blockquote><iframe loading=\"lazy\" class=\"wp-embedded-content\" sandbox=\"allow-scripts\" security=\"restricted\" style=\"position: absolute; clip: rect(1px, 1px, 1px, 1px);\" title=\"&#8220;Najava: Me\u0111unarodni znanstveni skup u Tolisi&#8221; &#8212; Svjetlo rije\u010di\" src=\"https:\/\/www.svjetlorijeci.ba\/najava-medunarodni-znanstveni-skup-u-tolisi\/embed\/#?secret=AtnrAgJIuW#?secret=nLgDhoGGSK\" data-secret=\"nLgDhoGGSK\" width=\"600\" height=\"338\" frameborder=\"0\" marginwidth=\"0\" marginheight=\"0\" scrolling=\"no\"><\/iframe>\n<\/div><\/figure>\n\n\n\n<p><a href=\"https:\/\/historiografija.ba\/article.php?id=1939\">https:\/\/historiografija.ba\/article.php?id=1939<\/a><\/p>\n\n\n\n<hr class=\"wp-block-separator\"\/>\n","protected":false},"excerpt":{"rendered":"","protected":false},"author":2,"featured_media":37433,"comment_status":"open","ping_status":"open","sticky":false,"template":"","format":"standard","meta":{"_acf_changed":false,"jetpack_post_was_ever_published":false,"_jetpack_newsletter_access":"","_jetpack_dont_email_post_to_subs":false,"_jetpack_newsletter_tier_id":0,"_jetpack_memberships_contains_paywalled_content":false,"_jetpack_memberships_contains_paid_content":false,"footnotes":"","jetpack_publicize_message":"","jetpack_publicize_feature_enabled":true,"jetpack_social_post_already_shared":true,"jetpack_social_options":{"image_generator_settings":{"template":"highway","default_image_id":0,"font":"","enabled":false},"version":2}},"categories":[3,9],"tags":[],"class_list":["post-37432","post","type-post","status-publish","format-standard","has-post-thumbnail","hentry","category-novosti","category-skupovi"],"acf":{"facebook_opis":""},"jetpack_publicize_connections":[],"jetpack_featured_media_url":"https:\/\/i0.wp.com\/historiografija.hr\/wp-content\/uploads\/2023\/10\/program-web.jpg?fit=640%2C452&ssl=1","jetpack_sharing_enabled":true,"jetpack-related-posts":[],"_links":{"self":[{"href":"https:\/\/historiografija.hr\/index.php?rest_route=\/wp\/v2\/posts\/37432","targetHints":{"allow":["GET"]}}],"collection":[{"href":"https:\/\/historiografija.hr\/index.php?rest_route=\/wp\/v2\/posts"}],"about":[{"href":"https:\/\/historiografija.hr\/index.php?rest_route=\/wp\/v2\/types\/post"}],"author":[{"embeddable":true,"href":"https:\/\/historiografija.hr\/index.php?rest_route=\/wp\/v2\/users\/2"}],"replies":[{"embeddable":true,"href":"https:\/\/historiografija.hr\/index.php?rest_route=%2Fwp%2Fv2%2Fcomments&post=37432"}],"version-history":[{"count":1,"href":"https:\/\/historiografija.hr\/index.php?rest_route=\/wp\/v2\/posts\/37432\/revisions"}],"predecessor-version":[{"id":37434,"href":"https:\/\/historiografija.hr\/index.php?rest_route=\/wp\/v2\/posts\/37432\/revisions\/37434"}],"wp:featuredmedia":[{"embeddable":true,"href":"https:\/\/historiografija.hr\/index.php?rest_route=\/wp\/v2\/media\/37433"}],"wp:attachment":[{"href":"https:\/\/historiografija.hr\/index.php?rest_route=%2Fwp%2Fv2%2Fmedia&parent=37432"}],"wp:term":[{"taxonomy":"category","embeddable":true,"href":"https:\/\/historiografija.hr\/index.php?rest_route=%2Fwp%2Fv2%2Fcategories&post=37432"},{"taxonomy":"post_tag","embeddable":true,"href":"https:\/\/historiografija.hr\/index.php?rest_route=%2Fwp%2Fv2%2Ftags&post=37432"}],"curies":[{"name":"wp","href":"https:\/\/api.w.org\/{rel}","templated":true}]}}