{"id":37429,"date":"2023-10-10T17:12:24","date_gmt":"2023-10-10T17:12:24","guid":{"rendered":"http:\/\/historiografija.hr\/?p=37429"},"modified":"2023-10-10T17:12:24","modified_gmt":"2023-10-10T17:12:24","slug":"louis-althusser-montesquieu-politika-i-povijest","status":"publish","type":"post","link":"https:\/\/historiografija.hr\/?p=37429","title":{"rendered":"Louis Althusser, \u201eMontesquieu. Politika i povijest\u201c"},"content":{"rendered":"\n<p>S francuskoga preveo i pogovorom popratio Dragutin Lalovi\u0107<\/p>\n\n\n\n<hr class=\"wp-block-separator\"\/>\n\n\n\n<p>U knjizi \u201cMontesquieu, politika i povijest\u201d (\u201cMontesquieu, la politique et l\u2019histoire\u201d, 1959) francuski marksisti\u010dki filozof <strong>Louis Althusser<\/strong> analizira djelo velikoga francuskoga prosvjetiteljskog mislioca <strong>Charlesa de Montesquieua<\/strong>. Pri obradi predmeta autor ne polazi od biografskih datosti ni utjecaja obiteljskog okru\u017eenja i dru\u0161tvenih okolnosti, ve\u0107 poduzima \u201canalizu iznutra\u201d te nastoji rasvijetliti jedinstvo Montesquieuova opusa i istaknuti politi\u010dka polazi\u0161ta koja ga nadahnjuju. Na po\u010detku se usredoto\u010duje na revolucionarnost Montesquieuove metode i njegove teorije zakona. Na toj osnovi obja\u0161njava tipologiju oblika dr\u017eavne vlasti koju Montesquieu predla\u017ee te sugerira da se tu jasno pokazuju politi\u010dke preferencije potonjega. Dokazuju\u0107i da Montesquieu nikad nije bio teoreti\u010dar podjele ili diobe vlasti, ustvr\u0111uje da je, iako je napravio velik korak prema znanstvenoj politici, ostao \u017ertvom ideologije svojeg vremena i klase. Prema Althusseru, Montesquieuova pravna analiza samo skriva precizan politi\u010dki izbor filozofa koji, opisuju\u0107i mogu\u0107e re\u017eime, privilegirano mjesto daje plemstvu, kojemu i sam pripada.<\/p>\n\n\n\n<p><strong>Louis Althusser<\/strong> (1918-1990), francuski filozof i jedan od najutjecajnijih marksista XX. stolje\u0107a. Dugogodi\u0161nji sveu\u010dili\u0161ni predava\u010d filozofije i aktivni sudionik u komunisti\u010dkom radni\u010dkom pokretu. Glavni za\u010detnik strukturalno-epistemologijskog marksizma kao \u201cnove znanosti\u201d u razlici spram filozofijskog \u201cmladog Marxa\u201d. Glavna djela: <em>Montesquieu. Politika i povijest<\/em> (1959), <em>\u010citati <\/em>Kapital (1965; zbornik u suautorstvu s \u00c9. Balibarom, R. Establetom, P. Machereyem i J. Ranci\u00e8reom), <em>Za Marxa<\/em> (1966), <em>Filozofija i spontana filozofija u\u010denjaka<\/em> (1967), <em>Lenjin i filozofija<\/em> (1968), <em>O reprodukciji kapitalizma: ideologija i ideologijski aparati dr\u017eave<\/em> (1969); posthumno: <em>Budu\u0107nost traje dugo<\/em> (1992; autobiografija), <em>Spisi o psihoanalizi: Freud i Lacan<\/em> (1993), <em>Machiavelli i mi<\/em> (1994), <em>Filozofijski i politi\u010dki spisi <\/em>I-II (1995), <em>Machiavellijeva samotnost<\/em> (1998), <em>Politika i povijest od Machiavellija do Marxa<\/em> (2006; predavanja), <em>Spisi o povijesti<\/em> (1963-1968) (2018).<\/p>\n\n\n\n<hr class=\"wp-block-separator\"\/>\n\n\n\n<p>Godina izdanja: 2023<\/p>\n\n\n\n<p>Broj stranica: 128<\/p>\n\n\n\n<hr class=\"wp-block-separator\"\/>\n\n\n\n<p>Pro\u010ditaj po\u010detak knjige:<\/p>\n\n\n\n<figure class=\"wp-block-embed-wordpress wp-block-embed is-type-wp-embed is-provider-disput\"><div class=\"wp-block-embed__wrapper\">\n<blockquote class=\"wp-embedded-content\" data-secret=\"ymmMJzZqj3\"><a href=\"https:\/\/disput.hr\/shop\/montesquieu-politika-i-povijest\/\">MONTESQUIEU. POLITIKA I POVIJEST<\/a><\/blockquote><iframe loading=\"lazy\" class=\"wp-embedded-content\" sandbox=\"allow-scripts\" security=\"restricted\" style=\"position: absolute; clip: rect(1px, 1px, 1px, 1px);\" title=\"&#8220;MONTESQUIEU. POLITIKA I POVIJEST&#8221; &#8212; Disput\" src=\"https:\/\/disput.hr\/shop\/montesquieu-politika-i-povijest\/embed\/#?secret=alFRSNvqIV#?secret=ymmMJzZqj3\" data-secret=\"ymmMJzZqj3\" width=\"600\" height=\"338\" frameborder=\"0\" marginwidth=\"0\" marginheight=\"0\" scrolling=\"no\"><\/iframe>\n<\/div><\/figure>\n\n\n\n<hr class=\"wp-block-separator\"\/>\n","protected":false},"excerpt":{"rendered":"","protected":false},"author":2,"featured_media":37430,"comment_status":"open","ping_status":"open","sticky":false,"template":"","format":"standard","meta":{"_acf_changed":false,"jetpack_post_was_ever_published":false,"_jetpack_newsletter_access":"","_jetpack_dont_email_post_to_subs":false,"_jetpack_newsletter_tier_id":0,"_jetpack_memberships_contains_paywalled_content":false,"_jetpack_memberships_contains_paid_content":false,"footnotes":"","jetpack_publicize_message":"","jetpack_publicize_feature_enabled":true,"jetpack_social_post_already_shared":true,"jetpack_social_options":{"image_generator_settings":{"template":"highway","default_image_id":0,"font":"","enabled":false},"version":2}},"categories":[8,3],"tags":[],"class_list":["post-37429","post","type-post","status-publish","format-standard","has-post-thumbnail","hentry","category-knjige","category-novosti"],"acf":{"facebook_opis":""},"jetpack_publicize_connections":[],"jetpack_featured_media_url":"https:\/\/i0.wp.com\/historiografija.hr\/wp-content\/uploads\/2023\/10\/Montesquieu.png?fit=1678%2C2676&ssl=1","jetpack_sharing_enabled":true,"jetpack-related-posts":[],"_links":{"self":[{"href":"https:\/\/historiografija.hr\/index.php?rest_route=\/wp\/v2\/posts\/37429","targetHints":{"allow":["GET"]}}],"collection":[{"href":"https:\/\/historiografija.hr\/index.php?rest_route=\/wp\/v2\/posts"}],"about":[{"href":"https:\/\/historiografija.hr\/index.php?rest_route=\/wp\/v2\/types\/post"}],"author":[{"embeddable":true,"href":"https:\/\/historiografija.hr\/index.php?rest_route=\/wp\/v2\/users\/2"}],"replies":[{"embeddable":true,"href":"https:\/\/historiografija.hr\/index.php?rest_route=%2Fwp%2Fv2%2Fcomments&post=37429"}],"version-history":[{"count":1,"href":"https:\/\/historiografija.hr\/index.php?rest_route=\/wp\/v2\/posts\/37429\/revisions"}],"predecessor-version":[{"id":37431,"href":"https:\/\/historiografija.hr\/index.php?rest_route=\/wp\/v2\/posts\/37429\/revisions\/37431"}],"wp:featuredmedia":[{"embeddable":true,"href":"https:\/\/historiografija.hr\/index.php?rest_route=\/wp\/v2\/media\/37430"}],"wp:attachment":[{"href":"https:\/\/historiografija.hr\/index.php?rest_route=%2Fwp%2Fv2%2Fmedia&parent=37429"}],"wp:term":[{"taxonomy":"category","embeddable":true,"href":"https:\/\/historiografija.hr\/index.php?rest_route=%2Fwp%2Fv2%2Fcategories&post=37429"},{"taxonomy":"post_tag","embeddable":true,"href":"https:\/\/historiografija.hr\/index.php?rest_route=%2Fwp%2Fv2%2Ftags&post=37429"}],"curies":[{"name":"wp","href":"https:\/\/api.w.org\/{rel}","templated":true}]}}