{"id":37423,"date":"2023-10-10T16:56:51","date_gmt":"2023-10-10T16:56:51","guid":{"rendered":"http:\/\/historiografija.hr\/?p=37423"},"modified":"2023-10-10T16:56:51","modified_gmt":"2023-10-10T16:56:51","slug":"izlozba-tuc-more","status":"publish","type":"post","link":"https:\/\/historiografija.hr\/?p=37423","title":{"rendered":"Izlo\u017eba &#8220;TU\u0106&#8217; MORE&#8221;"},"content":{"rendered":"\n<p><strong>Etnografski muzej Split <\/strong>i<\/p>\n\n\n\n<p><strong>Hrvatski pomorski muzej Split<\/strong><\/p>\n\n\n\n<p>pozivaju Vas na otvorenje izlo\u017ebe<\/p>\n\n\n\n<p><strong>TU\u0106\u2019 MORE<\/strong><\/p>\n\n\n\n<p>autorica Ivane Vukovi\u0107 i Petre Bla\u017eevi\u0107<\/p>\n\n\n\n<p><strong>12. listopada 2023. godine <\/strong>(\u010detvrtak)u<strong> 12 sati<\/strong><\/p>\n\n\n\n<p>u <strong>Etnografskom muzeju Split<\/strong><\/p>\n\n\n\n<p>Inspirirani\u00a0<em>Jadranskom izlo\u017ebom<\/em>\u00a0koja je prije gotovo stotinu godina simboli\u010dki preprela povijest splitskih muzeja, Etnografski muzej Split i Hrvatski pomorski muzej Split realizirali su izlo\u017ebu \u201eTU\u0106&#8217; MORE\u201c. U prvom zajedni\u010dkom izlo\u017ebenom projektu spojio ih je interes ka istra\u017eivanju i interpretiranju trgova\u010dkog pomorstva &#8211; specifi\u010dnog oblika privre\u0111ivanja stanovni\u0161tva ovih prostora. \u017dele\u0107i prikazati posebnosti tog zvanja koje je ve\u0107ini stanovni\u0161tva strano, autorice Ivana Vukovi\u0107 i Petra Bla\u017eevi\u0107 koristile su osobni pristup i pojedina\u010dno tuma\u010denje individualnih povijesti. Zahvaljuju\u0107i glasovima pomoraca iz prve ruke, izlo\u017ebeni narativ kombinira kulturno-antropolo\u0161ku analizu s interpretacijom muzejske i arhivske gra\u0111e koju ba\u0161tinimo iz minulih stolje\u0107a. Kao rezultat istra\u017eivanja iskustva mora, izlo\u017eba otkriva vi\u0161eglasje: more nije samo do\u017eivljaj ljepote, otkrivanja i odmora, nego i do\u017eivljaj opasnosti, tragedije te transcendencije.<\/p>\n\n\n\n<hr class=\"wp-block-separator\"\/>\n","protected":false},"excerpt":{"rendered":"","protected":false},"author":2,"featured_media":37424,"comment_status":"open","ping_status":"open","sticky":false,"template":"","format":"standard","meta":{"_acf_changed":false,"jetpack_post_was_ever_published":false,"_jetpack_newsletter_access":"","_jetpack_dont_email_post_to_subs":false,"_jetpack_newsletter_tier_id":0,"_jetpack_memberships_contains_paywalled_content":false,"_jetpack_memberships_contains_paid_content":false,"footnotes":"","jetpack_publicize_message":"","jetpack_publicize_feature_enabled":true,"jetpack_social_post_already_shared":true,"jetpack_social_options":{"image_generator_settings":{"template":"highway","default_image_id":0,"font":"","enabled":false},"version":2}},"categories":[10,3],"tags":[],"class_list":["post-37423","post","type-post","status-publish","format-standard","has-post-thumbnail","hentry","category-izlozbe","category-novosti"],"acf":{"facebook_opis":""},"jetpack_publicize_connections":[],"jetpack_featured_media_url":"https:\/\/i0.wp.com\/historiografija.hr\/wp-content\/uploads\/2023\/10\/tu%C4%87_more_.jpg?fit=2000%2C2000&ssl=1","jetpack_sharing_enabled":true,"jetpack-related-posts":[],"_links":{"self":[{"href":"https:\/\/historiografija.hr\/index.php?rest_route=\/wp\/v2\/posts\/37423","targetHints":{"allow":["GET"]}}],"collection":[{"href":"https:\/\/historiografija.hr\/index.php?rest_route=\/wp\/v2\/posts"}],"about":[{"href":"https:\/\/historiografija.hr\/index.php?rest_route=\/wp\/v2\/types\/post"}],"author":[{"embeddable":true,"href":"https:\/\/historiografija.hr\/index.php?rest_route=\/wp\/v2\/users\/2"}],"replies":[{"embeddable":true,"href":"https:\/\/historiografija.hr\/index.php?rest_route=%2Fwp%2Fv2%2Fcomments&post=37423"}],"version-history":[{"count":1,"href":"https:\/\/historiografija.hr\/index.php?rest_route=\/wp\/v2\/posts\/37423\/revisions"}],"predecessor-version":[{"id":37425,"href":"https:\/\/historiografija.hr\/index.php?rest_route=\/wp\/v2\/posts\/37423\/revisions\/37425"}],"wp:featuredmedia":[{"embeddable":true,"href":"https:\/\/historiografija.hr\/index.php?rest_route=\/wp\/v2\/media\/37424"}],"wp:attachment":[{"href":"https:\/\/historiografija.hr\/index.php?rest_route=%2Fwp%2Fv2%2Fmedia&parent=37423"}],"wp:term":[{"taxonomy":"category","embeddable":true,"href":"https:\/\/historiografija.hr\/index.php?rest_route=%2Fwp%2Fv2%2Fcategories&post=37423"},{"taxonomy":"post_tag","embeddable":true,"href":"https:\/\/historiografija.hr\/index.php?rest_route=%2Fwp%2Fv2%2Ftags&post=37423"}],"curies":[{"name":"wp","href":"https:\/\/api.w.org\/{rel}","templated":true}]}}