{"id":37420,"date":"2023-10-10T16:50:44","date_gmt":"2023-10-10T16:50:44","guid":{"rendered":"http:\/\/historiografija.hr\/?p=37420"},"modified":"2023-10-10T16:50:44","modified_gmt":"2023-10-10T16:50:44","slug":"medunarodni-znanstveni-skup-granice-iscrtavanje-brisanje-i-prekoracenje","status":"publish","type":"post","link":"https:\/\/historiografija.hr\/?p=37420","title":{"rendered":"Me\u0111unarodni znanstveni skup \u201cGranice \u2013 iscrtavanje, brisanje i prekora\u010denje\u201d"},"content":{"rendered":"\n<p>Srda\u010dno vas pozivamo na me\u0111unarodnu konferenciju <strong>Granice: iscrtavanje, brisanje i prekora\u010denje<\/strong> koja \u0107e se odr\u017eati <strong>11. i 12. listopada<\/strong> 2023. na Filozofskom fakultetu u Zagrebu.<\/p>\n\n\n\n<p>Ovim skupom nastavljamo istra\u017eiva\u010dku suradnju Odsjeka za kroatistiku Filozofskog fakulteta Sveu\u010dili\u0161ta u Zagrebu i Odsjeka za slavistiku Fakulteta za poljsku i klasi\u010dnu filologiju Sveu\u010dili\u0161ta Adama Mickiewicza u Poznanju. Prvi skup, posve\u0107en recentnoj ulozi nacionalne filologije, odr\u017ean je u Poznanju 2013. pod naslovom Transmisije kroatistike, drugi, kojim se propitivao odnos Umjetnosti i demokracije, u Zagrebu 2017, a tre\u0107i, u sredi\u0161tu kojega je bio problem (Ne)normalnosti, iznova u Poznanju 2021.<\/p>\n\n\n\n<p><a href=\"https:\/\/maia.ffzg.hr\/att\/2023\/10\/Program-Granice.pdf\">Program<\/a><\/p>\n\n\n\n<hr class=\"wp-block-separator\"\/>\n\n\n\n<p>Izvor:<\/p>\n\n\n\n<figure class=\"wp-block-embed-wordpress wp-block-embed is-type-wp-embed is-provider-filozofski-fakultet-sveucilista-u-zagrebu\"><div class=\"wp-block-embed__wrapper\">\n<blockquote class=\"wp-embedded-content\" data-secret=\"qLvEwtGiOc\"><a href=\"https:\/\/web2020.ffzg.unizg.hr\/blog\/2023\/10\/09\/medunarodni-znanstveni-skup-granice-iscrtavanje-brisanje-i-prekoracenje\/\">Me\u0111unarodni znanstveni skup &#8220;Granice \u2013 iscrtavanje, brisanje i prekora\u010denje&#8221;<\/a><\/blockquote><iframe loading=\"lazy\" class=\"wp-embedded-content\" sandbox=\"allow-scripts\" security=\"restricted\" style=\"position: absolute; clip: rect(1px, 1px, 1px, 1px);\" title=\"&#8220;Me\u0111unarodni znanstveni skup &#8220;Granice \u2013 iscrtavanje, brisanje i prekora\u010denje&#8221;&#8221; &#8212; Filozofski fakultet Sveu\u010dili\u0161ta u Zagrebu\" src=\"https:\/\/web2020.ffzg.unizg.hr\/blog\/2023\/10\/09\/medunarodni-znanstveni-skup-granice-iscrtavanje-brisanje-i-prekoracenje\/embed\/#?secret=qLvEwtGiOc\" data-secret=\"qLvEwtGiOc\" width=\"600\" height=\"338\" frameborder=\"0\" marginwidth=\"0\" marginheight=\"0\" scrolling=\"no\"><\/iframe>\n<\/div><\/figure>\n\n\n\n<hr class=\"wp-block-separator\"\/>\n","protected":false},"excerpt":{"rendered":"","protected":false},"author":2,"featured_media":37421,"comment_status":"open","ping_status":"open","sticky":false,"template":"","format":"standard","meta":{"_acf_changed":false,"jetpack_post_was_ever_published":false,"_jetpack_newsletter_access":"","_jetpack_dont_email_post_to_subs":false,"_jetpack_newsletter_tier_id":0,"_jetpack_memberships_contains_paywalled_content":false,"_jetpack_memberships_contains_paid_content":false,"footnotes":"","jetpack_publicize_message":"","jetpack_publicize_feature_enabled":true,"jetpack_social_post_already_shared":true,"jetpack_social_options":{"image_generator_settings":{"template":"highway","default_image_id":0,"font":"","enabled":false},"version":2}},"categories":[3,9],"tags":[],"class_list":["post-37420","post","type-post","status-publish","format-standard","has-post-thumbnail","hentry","category-novosti","category-skupovi"],"acf":{"facebook_opis":""},"jetpack_publicize_connections":[],"jetpack_featured_media_url":"https:\/\/i0.wp.com\/historiografija.hr\/wp-content\/uploads\/2023\/10\/Granice.jpg?fit=909%2C1266&ssl=1","jetpack_sharing_enabled":true,"jetpack-related-posts":[],"_links":{"self":[{"href":"https:\/\/historiografija.hr\/index.php?rest_route=\/wp\/v2\/posts\/37420","targetHints":{"allow":["GET"]}}],"collection":[{"href":"https:\/\/historiografija.hr\/index.php?rest_route=\/wp\/v2\/posts"}],"about":[{"href":"https:\/\/historiografija.hr\/index.php?rest_route=\/wp\/v2\/types\/post"}],"author":[{"embeddable":true,"href":"https:\/\/historiografija.hr\/index.php?rest_route=\/wp\/v2\/users\/2"}],"replies":[{"embeddable":true,"href":"https:\/\/historiografija.hr\/index.php?rest_route=%2Fwp%2Fv2%2Fcomments&post=37420"}],"version-history":[{"count":1,"href":"https:\/\/historiografija.hr\/index.php?rest_route=\/wp\/v2\/posts\/37420\/revisions"}],"predecessor-version":[{"id":37422,"href":"https:\/\/historiografija.hr\/index.php?rest_route=\/wp\/v2\/posts\/37420\/revisions\/37422"}],"wp:featuredmedia":[{"embeddable":true,"href":"https:\/\/historiografija.hr\/index.php?rest_route=\/wp\/v2\/media\/37421"}],"wp:attachment":[{"href":"https:\/\/historiografija.hr\/index.php?rest_route=%2Fwp%2Fv2%2Fmedia&parent=37420"}],"wp:term":[{"taxonomy":"category","embeddable":true,"href":"https:\/\/historiografija.hr\/index.php?rest_route=%2Fwp%2Fv2%2Fcategories&post=37420"},{"taxonomy":"post_tag","embeddable":true,"href":"https:\/\/historiografija.hr\/index.php?rest_route=%2Fwp%2Fv2%2Ftags&post=37420"}],"curies":[{"name":"wp","href":"https:\/\/api.w.org\/{rel}","templated":true}]}}