{"id":37372,"date":"2023-10-06T11:02:44","date_gmt":"2023-10-06T11:02:44","guid":{"rendered":"http:\/\/historiografija.hr\/?p=37372"},"modified":"2023-10-06T11:02:44","modified_gmt":"2023-10-06T11:02:44","slug":"izlozba-tisina-koja-je-srusila-spomenik-i-diskurzivni-program","status":"publish","type":"post","link":"https:\/\/historiografija.hr\/?p=37372","title":{"rendered":"Izlo\u017eba \u201eTi\u0161ina koja je sru\u0161ila spomenik\u201c i diskurzivni program"},"content":{"rendered":"\n<p>Izlo\u017eba <strong>TI\u0160INA KOJA JE SRU\u0160ILA SPOMENIK<\/strong><\/p>\n\n\n\n<p>Otvorenje izlo\u017ebe: utorak, 10. listopada 2023. u 19 sati, SKD \u201cProsvjeta\u201d, Preradovi\u0107eva 21, Zagreb<\/p>\n\n\n\n<p>Autori izlo\u017ebe: Eugen Jakov\u010di\u0107 i Davorka Peri\u0107<\/p>\n\n\n\n<p>U fokusu izlo\u017ebe su procesi izgradnje i ru\u0161enja skulpture, te dru\u0161tveni kontekst i reakcije medija koji prate nastanak i nestanak skulpture Vojina Baki\u0107a <em>Spomenik pobjedi naroda Slavonije<\/em>.<\/p>\n\n\n\n<p>Op\u0161irnije:<\/p>\n\n\n\n<figure class=\"wp-block-embed-wordpress wp-block-embed is-type-wp-embed is-provider-silence-monument-tisina-koja-je-srusila-spomenik\"><div class=\"wp-block-embed__wrapper\">\n<blockquote class=\"wp-embedded-content\" data-secret=\"67n4scbxWH\"><a href=\"https:\/\/silence-monument.com\/hr\/izlozba\/\">Izlo\u017eba<\/a><\/blockquote><iframe loading=\"lazy\" class=\"wp-embedded-content\" sandbox=\"allow-scripts\" security=\"restricted\" style=\"position: absolute; clip: rect(1px, 1px, 1px, 1px);\" title=\"&#8220;Izlo\u017eba&#8221; &#8212; Silence Monument | Ti\u0161ina koja je sru\u0161ila spomenik\" src=\"https:\/\/silence-monument.com\/hr\/izlozba\/embed\/#?secret=NPMwXKzSBR#?secret=67n4scbxWH\" data-secret=\"67n4scbxWH\" width=\"600\" height=\"338\" frameborder=\"0\" marginwidth=\"0\" marginheight=\"0\" scrolling=\"no\"><\/iframe>\n<\/div><\/figure>\n\n\n\n<hr class=\"wp-block-separator\"\/>\n\n\n\n<p><strong>DISKURZIVNI PROGRAM<\/strong><br><br>U sklopu projekta koji se bavi spomenikom Vojina Baki\u0107a <em>Spomenik pobjede naroda Slavonije<\/em> predvi\u0111en je diskurzivni program kojim \u0107e se aktualizirati i razmotriti pojedina pitanja i aspekti povezani sa stanjem i odnosom prema antifa\u0161isti\u010dkim spomenicima danas. Sudionici i ciljana publika je znanstvena i stru\u010dna javnost, a cilj je doprinijeti razmjeni znanja i pokretanje diskusije.<\/p>\n\n\n\n<p><strong>Mjesto: Galerija 21, Preradovi\u0107eva 21, Zagreb<\/strong><br><strong>Datum: srijeda, 11. listopada 2023.<\/strong><br>\u00a0<br><strong>Raspored predavanja<\/strong><br>\u00a0<br>10:30 SANDRA KRI\u017dI\u0106 ROBAN: Sudjelovati u doga\u0111aju kojemu nismo svjedo\u010dili<br><br>11:30 TIHANA PUPOVAC: Online arhivi i bottom-up prakse memorijalizacije<br><br><em>PAUZA ZA KAVU 12:30 \u2013 14:00<\/em><br><br>14:00 NATA\u0160A IVAN\u010cEVI\u0106: Snaga umjetni\u010dke kreacije i kiparske sinteze na primjeru dva spomenika Vojina Baki\u0107a<br><br>15:00 LANA LOVREN\u010cI\u0106: Spomen-podru\u010dja \u2013 memorijalizacija, prostorno planiranje i za\u0161tita prirode<br><br>16:00 MISCHA GABOWITSCH: Ruski napad na Ukrajinu i njegove posljedice na sovjetske ratne spomenike (predavanje je na engleskom jeziku)<br><br>17:00 \u2013 18:30 ZAVR\u0160NA DISKUSIJA<br><br>Sudionici: Mischa Gabowitsch, Nata\u0161a Ivan\u010devi\u0107, Tihana Pupovac, Sandra Kri\u017ei\u0107 Roban, Davorka Peri\u0107, Sandro \u0110uki\u0107.<br>Moderatorica: Lana Lovren\u010di\u0107<\/p>\n\n\n\n<hr class=\"wp-block-separator\"\/>\n\n\n\n<p>Op\u0161irnije:<\/p>\n\n\n\n<figure class=\"wp-block-embed-wordpress wp-block-embed is-type-wp-embed is-provider-silence-monument-tisina-koja-je-srusila-spomenik\"><div class=\"wp-block-embed__wrapper\">\n<blockquote class=\"wp-embedded-content\" data-secret=\"OfVvKSSl8u\"><a href=\"https:\/\/silence-monument.com\/hr\/diskurzivni-program\/\">Diskurzivni program<\/a><\/blockquote><iframe loading=\"lazy\" class=\"wp-embedded-content\" sandbox=\"allow-scripts\" security=\"restricted\" style=\"position: absolute; clip: rect(1px, 1px, 1px, 1px);\" title=\"&#8220;Diskurzivni program&#8221; &#8212; Silence Monument | Ti\u0161ina koja je sru\u0161ila spomenik\" src=\"https:\/\/silence-monument.com\/hr\/diskurzivni-program\/embed\/#?secret=gbfchBoUsC#?secret=OfVvKSSl8u\" data-secret=\"OfVvKSSl8u\" width=\"600\" height=\"338\" frameborder=\"0\" marginwidth=\"0\" marginheight=\"0\" scrolling=\"no\"><\/iframe>\n<\/div><\/figure>\n\n\n\n<hr class=\"wp-block-separator\"\/>\n\n\n\n<p><\/p>\n","protected":false},"excerpt":{"rendered":"","protected":false},"author":2,"featured_media":37373,"comment_status":"open","ping_status":"open","sticky":false,"template":"","format":"standard","meta":{"_acf_changed":false,"jetpack_post_was_ever_published":false,"_jetpack_newsletter_access":"","_jetpack_dont_email_post_to_subs":false,"_jetpack_newsletter_tier_id":0,"_jetpack_memberships_contains_paywalled_content":false,"_jetpack_memberships_contains_paid_content":false,"footnotes":"","jetpack_publicize_message":"","jetpack_publicize_feature_enabled":true,"jetpack_social_post_already_shared":true,"jetpack_social_options":{"image_generator_settings":{"template":"highway","default_image_id":0,"font":"","enabled":false},"version":2}},"categories":[10,3],"tags":[],"class_list":["post-37372","post","type-post","status-publish","format-standard","has-post-thumbnail","hentry","category-izlozbe","category-novosti"],"acf":{"facebook_opis":""},"jetpack_publicize_connections":[],"jetpack_featured_media_url":"https:\/\/i0.wp.com\/historiografija.hr\/wp-content\/uploads\/2023\/10\/Izlozba_2023.jpg?fit=910%2C1024&ssl=1","jetpack_sharing_enabled":true,"jetpack-related-posts":[],"_links":{"self":[{"href":"https:\/\/historiografija.hr\/index.php?rest_route=\/wp\/v2\/posts\/37372","targetHints":{"allow":["GET"]}}],"collection":[{"href":"https:\/\/historiografija.hr\/index.php?rest_route=\/wp\/v2\/posts"}],"about":[{"href":"https:\/\/historiografija.hr\/index.php?rest_route=\/wp\/v2\/types\/post"}],"author":[{"embeddable":true,"href":"https:\/\/historiografija.hr\/index.php?rest_route=\/wp\/v2\/users\/2"}],"replies":[{"embeddable":true,"href":"https:\/\/historiografija.hr\/index.php?rest_route=%2Fwp%2Fv2%2Fcomments&post=37372"}],"version-history":[{"count":1,"href":"https:\/\/historiografija.hr\/index.php?rest_route=\/wp\/v2\/posts\/37372\/revisions"}],"predecessor-version":[{"id":37374,"href":"https:\/\/historiografija.hr\/index.php?rest_route=\/wp\/v2\/posts\/37372\/revisions\/37374"}],"wp:featuredmedia":[{"embeddable":true,"href":"https:\/\/historiografija.hr\/index.php?rest_route=\/wp\/v2\/media\/37373"}],"wp:attachment":[{"href":"https:\/\/historiografija.hr\/index.php?rest_route=%2Fwp%2Fv2%2Fmedia&parent=37372"}],"wp:term":[{"taxonomy":"category","embeddable":true,"href":"https:\/\/historiografija.hr\/index.php?rest_route=%2Fwp%2Fv2%2Fcategories&post=37372"},{"taxonomy":"post_tag","embeddable":true,"href":"https:\/\/historiografija.hr\/index.php?rest_route=%2Fwp%2Fv2%2Ftags&post=37372"}],"curies":[{"name":"wp","href":"https:\/\/api.w.org\/{rel}","templated":true}]}}