{"id":37363,"date":"2023-10-06T10:32:59","date_gmt":"2023-10-06T10:32:59","guid":{"rendered":"http:\/\/historiografija.hr\/?p=37363"},"modified":"2023-10-06T10:32:59","modified_gmt":"2023-10-06T10:32:59","slug":"kolo-2-2023-tema-broja-tri-obljetnice-ivana-gorana-kovacica-1913-1943","status":"publish","type":"post","link":"https:\/\/historiografija.hr\/?p=37363","title":{"rendered":"\u201eKolo\u201c (2-2023) \u2013 Tema broja: Tri obljetnice Ivana Gorana Kova\u010di\u0107a (1913.-1943.)"},"content":{"rendered":"\n<p>Tomislav Marijan Bilosni\u0107<\/p>\n\n\n\n<p>Jama \u2013 izlazak na svjetlo Ivana Gorana Kova\u010di\u0107a<\/p>\n\n\n\n<hr class=\"wp-block-separator\"\/>\n\n\n\n<p>Ivana Drenjan\u010devi\u0107<\/p>\n\n\n\n<p>\u010citanja Kova\u010di\u0107eve Jame<\/p>\n\n\n\n<hr class=\"wp-block-separator\"\/>\n\n\n\n<p>Stijepo Mijovi\u0107 Ko\u010dan<\/p>\n\n\n\n<p>Jama ne imenuje ni zlo\u010dince ni \u017ertvu \u2013 tko bi oni mogli biti<\/p>\n\n\n\n<hr class=\"wp-block-separator\"\/>\n\n\n\n<p>Antun Pave\u0161kovi\u0107<\/p>\n\n\n\n<p>Ivan Goran Kova\u010di\u0107 izme\u0111u ideologije i empatije<\/p>\n\n\n\n<hr class=\"wp-block-separator\"\/>\n\n\n\n<p>Josip Lisac<\/p>\n\n\n\n<p>Ivan Goran Kova\u010di\u0107 i Miroslav Krle\u017ea<\/p>\n\n\n\n<hr class=\"wp-block-separator\"\/>\n\n\n\n<p>Ivo Pranjkovi\u0107<\/p>\n\n\n\n<p>Leksi\u010dke osobitosti novela Ivana Gorana Kova\u010di\u0107a<\/p>\n\n\n\n<hr class=\"wp-block-separator\"\/>\n\n\n\n<p>Milan Be\u0161li\u0107<\/p>\n\n\n\n<p>Pricina i Murti\u0107eva \u010ditanja Jame Ivana Gorana Kova\u010di\u0107a<\/p>\n\n\n\n<hr class=\"wp-block-separator\"\/>\n\n\n\n<p>Ernest Fi\u0161er<\/p>\n\n\n\n<p>Rie\u010d gore\u010da<\/p>\n\n\n\n<hr class=\"wp-block-separator\"\/>\n\n\n\n<p><strong><em>Tekstovi su dostupni na sljede\u0107oj poveznici:<\/em><\/strong><\/p>\n\n\n\n<p><a href=\"https:\/\/www.matica.hr\/kolo\/759\/r\/tema-broja-tri-obljetnice-ivana-gorana-kovacica-1913-1943\/\">https:\/\/www.matica.hr\/kolo\/759\/r\/tema-broja-tri-obljetnice-ivana-gorana-kovacica-1913-1943\/<\/a><\/p>\n\n\n\n<hr class=\"wp-block-separator\"\/>\n","protected":false},"excerpt":{"rendered":"","protected":false},"author":2,"featured_media":37364,"comment_status":"open","ping_status":"open","sticky":false,"template":"","format":"standard","meta":{"_acf_changed":false,"jetpack_post_was_ever_published":false,"_jetpack_newsletter_access":"","_jetpack_dont_email_post_to_subs":false,"_jetpack_newsletter_tier_id":0,"_jetpack_memberships_contains_paywalled_content":false,"_jetpack_memberships_contains_paid_content":false,"footnotes":"","jetpack_publicize_message":"","jetpack_publicize_feature_enabled":true,"jetpack_social_post_already_shared":true,"jetpack_social_options":{"image_generator_settings":{"template":"highway","default_image_id":0,"font":"","enabled":false},"version":2}},"categories":[21,3],"tags":[],"class_list":["post-37363","post","type-post","status-publish","format-standard","has-post-thumbnail","hentry","category-casopisi","category-novosti"],"acf":{"facebook_opis":""},"jetpack_publicize_connections":[],"jetpack_featured_media_url":"https:\/\/i0.wp.com\/historiografija.hr\/wp-content\/uploads\/2023\/10\/Kolo-2-2023-e1696615506593.jpg?fit=300%2C450&ssl=1","jetpack_sharing_enabled":true,"jetpack-related-posts":[],"_links":{"self":[{"href":"https:\/\/historiografija.hr\/index.php?rest_route=\/wp\/v2\/posts\/37363","targetHints":{"allow":["GET"]}}],"collection":[{"href":"https:\/\/historiografija.hr\/index.php?rest_route=\/wp\/v2\/posts"}],"about":[{"href":"https:\/\/historiografija.hr\/index.php?rest_route=\/wp\/v2\/types\/post"}],"author":[{"embeddable":true,"href":"https:\/\/historiografija.hr\/index.php?rest_route=\/wp\/v2\/users\/2"}],"replies":[{"embeddable":true,"href":"https:\/\/historiografija.hr\/index.php?rest_route=%2Fwp%2Fv2%2Fcomments&post=37363"}],"version-history":[{"count":2,"href":"https:\/\/historiografija.hr\/index.php?rest_route=\/wp\/v2\/posts\/37363\/revisions"}],"predecessor-version":[{"id":37387,"href":"https:\/\/historiografija.hr\/index.php?rest_route=\/wp\/v2\/posts\/37363\/revisions\/37387"}],"wp:featuredmedia":[{"embeddable":true,"href":"https:\/\/historiografija.hr\/index.php?rest_route=\/wp\/v2\/media\/37364"}],"wp:attachment":[{"href":"https:\/\/historiografija.hr\/index.php?rest_route=%2Fwp%2Fv2%2Fmedia&parent=37363"}],"wp:term":[{"taxonomy":"category","embeddable":true,"href":"https:\/\/historiografija.hr\/index.php?rest_route=%2Fwp%2Fv2%2Fcategories&post=37363"},{"taxonomy":"post_tag","embeddable":true,"href":"https:\/\/historiografija.hr\/index.php?rest_route=%2Fwp%2Fv2%2Ftags&post=37363"}],"curies":[{"name":"wp","href":"https:\/\/api.w.org\/{rel}","templated":true}]}}