{"id":37360,"date":"2023-10-06T10:25:29","date_gmt":"2023-10-06T10:25:29","guid":{"rendered":"http:\/\/historiografija.hr\/?p=37360"},"modified":"2023-10-06T10:25:29","modified_gmt":"2023-10-06T10:25:29","slug":"josip-jagodar-zvonimir-milosevic-ivan-salic-osobni-tajnik-alojzija-stepinca-povijest-bebrine-salicev-zivotopis-i-korespondencija-s-obitelji-iz-zatvora-u-staroj-gradisci-i-nakon","status":"publish","type":"post","link":"https:\/\/historiografija.hr\/?p=37360","title":{"rendered":"Josip Jagodar, Zvonimir Milo\u0161evi\u0107, \u201eIvan \u0160ali\u0107 \u2013 osobni tajnik Alojzija Stepinca. Povijest Bebrine, \u0160ali\u0107ev \u017eivotopis i korespondencija s obitelji iz zatvora u Staroj Gradi\u0161ci i nakon izlaska\u201c"},"content":{"rendered":"\n<p>Sredi\u0161nja tema ove knjige je Ivan \u0160ali\u0107. Obra\u0111eno je \u0160ali\u0107evo djetinjstvo, osnovno\u0161kolsko i srednjo\u0161kolsko razdoblje \u0161kolovanja, vrijeme studiranja, slu\u017eenje vojnog roka te dovr\u0161etak studija i zare\u0111ivanje za sve\u0107enika. Opisana je njegova sve\u0107eni\u010dka slu\u017eba te studij kanonskog prava i doktorat u Rimu koji je prekinut po\u010detkom Drugog svjetskog rata na podru\u010dju dana\u0161nje Hrvatske. U tom je razdoblju i imenovan tajnikom nadbiskupa Alojzija Stepinca, \u0161to je obilje\u017eilo njegov \u017eivot do smrti. Analizirani su doga\u0111aji iz razdoblja Drugog svjetskog rata u kojima je \u0160ali\u0107 sudjelovao, njegovo uhi\u0107enje i su\u0111enje u procesu s vi\u0161e optu\u017eenika me\u0111u kojima je bio i zagreba\u010dki nadbiskup dr. Alojzije Stepinac. Nakon osude, obra\u0111eno je razdoblje provedeno u Kazneno-popravnom domu u Staroj Gradi\u0161ki gdje je \u0160ali\u0107 izdr\u017eavao zatvorsku kaznu. Treba istaknuti da su u knjizi objavljena sva dostupna pisma i dopisnice koje je uputio svojoj obitelji i koja je obitelj uputila njemu od 1946. do 1981. godine.<\/p>\n\n\n\n<hr class=\"wp-block-separator\"\/>\n\n\n\n<p>Godina izdanja: 2023.<\/p>\n\n\n\n<p>Broj stranica: 236<\/p>\n\n\n\n<hr class=\"wp-block-separator\"\/>\n\n\n\n<p>Izvori:<\/p>\n\n\n\n<figure class=\"wp-block-embed-wordpress wp-block-embed is-type-wp-embed is-provider-hrvatski-institut-za-povijest\"><div class=\"wp-block-embed__wrapper\">\n<blockquote class=\"wp-embedded-content\" data-secret=\"gqT3P8a2js\"><a href=\"http:\/\/hipsb.hr\/proizvod\/ivan-salic-osobni-tajnik-alojzija-stepinca-povijest-bebrine-salicev-zivotopis-i-korespondencija-s-obitelji-iz-zatvora-u-staroj-gradisci-i-nakon-izlaska\/\">Ivan \u0160ali\u0107 &#8211; osobni tajnik Alojzija Stepinca. Povijest Bebrine, \u0160ali\u0107ev \u017eivotopis i korespondencija s obitelji iz zatvora u Staroj Gradi\u0161ci i nakon izlaska<\/a><\/blockquote><iframe loading=\"lazy\" class=\"wp-embedded-content\" sandbox=\"allow-scripts\" security=\"restricted\" style=\"position: absolute; clip: rect(1px, 1px, 1px, 1px);\" title=\"&#8220;Ivan \u0160ali\u0107 &#8211; osobni tajnik Alojzija Stepinca. Povijest Bebrine, \u0160ali\u0107ev \u017eivotopis i korespondencija s obitelji iz zatvora u Staroj Gradi\u0161ci i nakon izlaska&#8221; &#8212; Hrvatski institut za povijest\" src=\"http:\/\/hipsb.hr\/proizvod\/ivan-salic-osobni-tajnik-alojzija-stepinca-povijest-bebrine-salicev-zivotopis-i-korespondencija-s-obitelji-iz-zatvora-u-staroj-gradisci-i-nakon-izlaska\/embed\/#?secret=gqT3P8a2js\" data-secret=\"gqT3P8a2js\" width=\"600\" height=\"338\" frameborder=\"0\" marginwidth=\"0\" marginheight=\"0\" scrolling=\"no\"><\/iframe>\n<\/div><\/figure>\n\n\n\n<figure class=\"wp-block-embed-wordpress wp-block-embed is-type-wp-embed is-provider-despot-infinitus-web-knjizara\"><div class=\"wp-block-embed__wrapper\">\n<blockquote class=\"wp-embedded-content\" data-secret=\"2MbFTjX7ZA\"><a href=\"https:\/\/despot-infinitus.com\/proizvod\/ivan-salic-osobni-tajnik-alojzija-stepinca\/\">IVAN \u0160ALI\u0106 &#8211; OSOBNI TAJNIK ALOJZIJA STEPINCA &#8211; Povijest Bebrine, \u0160ali\u0107ev \u017eivotopis i korespondencija s obitelji iz zatvora u Staroj Gradi\u0161ci i nakon izlaska<\/a><\/blockquote><iframe loading=\"lazy\" class=\"wp-embedded-content\" sandbox=\"allow-scripts\" security=\"restricted\" style=\"position: absolute; clip: rect(1px, 1px, 1px, 1px);\" title=\"&#8220;IVAN \u0160ALI\u0106 &#8211; OSOBNI TAJNIK ALOJZIJA STEPINCA &#8211; Povijest Bebrine, \u0160ali\u0107ev \u017eivotopis i korespondencija s obitelji iz zatvora u Staroj Gradi\u0161ci i nakon izlaska&#8221; &#8212; Despot Infinitus - Web Knji\u017eara\" src=\"https:\/\/despot-infinitus.com\/proizvod\/ivan-salic-osobni-tajnik-alojzija-stepinca\/embed\/#?secret=uz0H3cInhy#?secret=2MbFTjX7ZA\" data-secret=\"2MbFTjX7ZA\" width=\"600\" height=\"338\" frameborder=\"0\" marginwidth=\"0\" marginheight=\"0\" scrolling=\"no\"><\/iframe>\n<\/div><\/figure>\n\n\n\n<hr class=\"wp-block-separator\"\/>\n","protected":false},"excerpt":{"rendered":"","protected":false},"author":2,"featured_media":37361,"comment_status":"open","ping_status":"open","sticky":false,"template":"","format":"standard","meta":{"_acf_changed":false,"jetpack_post_was_ever_published":false,"_jetpack_newsletter_access":"","_jetpack_dont_email_post_to_subs":false,"_jetpack_newsletter_tier_id":0,"_jetpack_memberships_contains_paywalled_content":false,"_jetpack_memberships_contains_paid_content":false,"footnotes":"","jetpack_publicize_message":"","jetpack_publicize_feature_enabled":true,"jetpack_social_post_already_shared":true,"jetpack_social_options":{"image_generator_settings":{"template":"highway","default_image_id":0,"font":"","enabled":false},"version":2}},"categories":[8,3],"tags":[],"class_list":["post-37360","post","type-post","status-publish","format-standard","has-post-thumbnail","hentry","category-knjige","category-novosti"],"acf":{"facebook_opis":""},"jetpack_publicize_connections":[],"jetpack_featured_media_url":"https:\/\/i0.wp.com\/historiografija.hr\/wp-content\/uploads\/2023\/10\/Salic.jpg?fit=300%2C359&ssl=1","jetpack_sharing_enabled":true,"jetpack-related-posts":[],"_links":{"self":[{"href":"https:\/\/historiografija.hr\/index.php?rest_route=\/wp\/v2\/posts\/37360","targetHints":{"allow":["GET"]}}],"collection":[{"href":"https:\/\/historiografija.hr\/index.php?rest_route=\/wp\/v2\/posts"}],"about":[{"href":"https:\/\/historiografija.hr\/index.php?rest_route=\/wp\/v2\/types\/post"}],"author":[{"embeddable":true,"href":"https:\/\/historiografija.hr\/index.php?rest_route=\/wp\/v2\/users\/2"}],"replies":[{"embeddable":true,"href":"https:\/\/historiografija.hr\/index.php?rest_route=%2Fwp%2Fv2%2Fcomments&post=37360"}],"version-history":[{"count":1,"href":"https:\/\/historiografija.hr\/index.php?rest_route=\/wp\/v2\/posts\/37360\/revisions"}],"predecessor-version":[{"id":37362,"href":"https:\/\/historiografija.hr\/index.php?rest_route=\/wp\/v2\/posts\/37360\/revisions\/37362"}],"wp:featuredmedia":[{"embeddable":true,"href":"https:\/\/historiografija.hr\/index.php?rest_route=\/wp\/v2\/media\/37361"}],"wp:attachment":[{"href":"https:\/\/historiografija.hr\/index.php?rest_route=%2Fwp%2Fv2%2Fmedia&parent=37360"}],"wp:term":[{"taxonomy":"category","embeddable":true,"href":"https:\/\/historiografija.hr\/index.php?rest_route=%2Fwp%2Fv2%2Fcategories&post=37360"},{"taxonomy":"post_tag","embeddable":true,"href":"https:\/\/historiografija.hr\/index.php?rest_route=%2Fwp%2Fv2%2Ftags&post=37360"}],"curies":[{"name":"wp","href":"https:\/\/api.w.org\/{rel}","templated":true}]}}