{"id":37356,"date":"2023-10-05T21:38:43","date_gmt":"2023-10-05T21:38:43","guid":{"rendered":"http:\/\/historiografija.hr\/?p=37356"},"modified":"2023-10-06T18:08:37","modified_gmt":"2023-10-06T18:08:37","slug":"medunarodna-naucna-konferencija-zene-u-holokaustu-shoahlab","status":"publish","type":"post","link":"https:\/\/historiografija.hr\/?p=37356","title":{"rendered":"Me\u0111unarodna nau\u010dna konferencija \u017dene u Holokaustu (ShoahLab)"},"content":{"rendered":"\n<p><strong>IFDT (Beograd), 10. &#8211; 12. oktobar 2023<\/strong><\/p>\n\n\n\n<hr class=\"wp-block-separator\"\/>\n\n\n\n<p><strong>\u017dene u Holokaustu<\/strong> je inauguralna konferencija <em>Me\u0111unarodnog istra\u017eiva\u010dkog centra za sudbinu \u017eena u Holokaustu<\/em> Memorijalnog centra za prou\u010davanje i istra\u017eivanje Holokausta Moreshet Mordechai Anielevich Givat Haviva, Izrael (<em>WHISC \u2013 Women in the Holocaust International Study Center<\/em>), koja je organizovana u partnerstvu sa ShoahLab: Laboratorijom za izu\u010davanje Holokausta IFDT i NVO Haver Srbija <strong>u Beogradu, 10\u201312. oktobara 2023<\/strong>. Konferencija ima za cilj da podstakne nau\u010dnu diskusiju i debatu o razli\u010ditim podelama, vezama i presecima koji se mogu na\u0107i u studijama Holokausta i rodnim studijama kada je re\u010d o pitanju sudbine \u017eena u Holokaustu.<\/p>\n\n\n\n<p>Odr\u017eavanjem konferencije u Beogradu, organizatori \u017eele da skrenu pa\u017enju istra\u017eiva\u010da na region Isto\u010dne i Centralne Evrope u kojem su se nema\u010dka nacisti\u010dka okupacija i rasna politika ukr\u0161tale sa konkurentskim nacionalizmima, pomeranjem granica i suverenitetom nacionalnih dr\u017eava.<\/p>\n\n\n\n<p>Istorija nema\u010dkog nacisti\u010dkog progona, proterivanja, bekstva, deportacije i ubistva Jevrejki i Romkinja odvijala se tokom Holokausta na \u0161iroj mapi etni\u010dkih i drugih rascepa i sukoba u isto\u010dnoj i centralnoj Evropi, i \u0161ire. Pitanja kako plodonosno integrisati istorije okupacije, antisemitizma i etni\u010dkog rasizma, kao i nadmetanja \u017ertava u razli\u010ditim zemljama isto\u010dne i centralne Evrope, ostaju istra\u017eiva\u010dki izazov i ta\u010dka rasprava u javnoj i nau\u010dnoj debati. Prou\u010davanje roda u Holokaustu donosi i nau\u010dne izazove u vezi sa intersekcionalno\u0161\u0107u verskih, etni\u010dkih i rodnih identiteta i uticaja, tenzija i trauma koje su oni proizveli.<\/p>\n\n\n\n<p>Konferencija okuplja 50 istra\u017eiva\u010da iz celog sveta koji deluju u oblastima Holokausta i rodnih studija i \u010dije \u0107e prezentacije otvoriti debate o temama politike tela, se\u0107anja i svedo\u010denja, politike i umetnosti, identiteta i otpora.<\/p>\n\n\n\n<p><strong>Program konferencije i Knjiga apstrakata:<\/strong><\/p>\n\n\n\n<figure class=\"wp-block-embed-wordpress wp-block-embed is-type-wp-embed is-provider-institut-za-filozofiju-i-drustvenu-teoriju\"><div class=\"wp-block-embed__wrapper\">\n<blockquote class=\"wp-embedded-content\" data-secret=\"2CUeVDNSWV\"><a href=\"https:\/\/ifdt.bg.ac.rs\/index.php\/events\/medjunarodna-naucna-konferencija-zene-u-holokaustu-shoahlab\/\">Me\u0111unarodna nau\u010dna konferencija \u017dene u Holokaustu (ShoahLab)<\/a><\/blockquote><iframe loading=\"lazy\" class=\"wp-embedded-content\" sandbox=\"allow-scripts\" security=\"restricted\" style=\"position: absolute; clip: rect(1px, 1px, 1px, 1px);\" title=\"&#132;Me\u0111unarodna nau\u010dna konferencija \u017dene u Holokaustu (ShoahLab)&#147; &#8212; INSTITUT ZA FILOZOFIJU I DRU\u0160TVENU TEORIJU\" src=\"https:\/\/ifdt.bg.ac.rs\/index.php\/events\/medjunarodna-naucna-konferencija-zene-u-holokaustu-shoahlab\/embed\/#?secret=gL6pUsEyyZ#?secret=2CUeVDNSWV\" data-secret=\"2CUeVDNSWV\" width=\"600\" height=\"338\" frameborder=\"0\" marginwidth=\"0\" marginheight=\"0\" scrolling=\"no\"><\/iframe>\n<\/div><\/figure>\n\n\n\n<hr class=\"wp-block-separator\"\/>\n","protected":false},"excerpt":{"rendered":"","protected":false},"author":2,"featured_media":37357,"comment_status":"open","ping_status":"open","sticky":false,"template":"","format":"standard","meta":{"_acf_changed":false,"jetpack_post_was_ever_published":false,"_jetpack_newsletter_access":"","_jetpack_dont_email_post_to_subs":false,"_jetpack_newsletter_tier_id":0,"_jetpack_memberships_contains_paywalled_content":false,"_jetpack_memberships_contains_paid_content":false,"footnotes":"","jetpack_publicize_message":"","jetpack_publicize_feature_enabled":true,"jetpack_social_post_already_shared":true,"jetpack_social_options":{"image_generator_settings":{"template":"highway","default_image_id":0,"font":"","enabled":false},"version":2}},"categories":[3,9],"tags":[],"class_list":["post-37356","post","type-post","status-publish","format-standard","has-post-thumbnail","hentry","category-novosti","category-skupovi"],"acf":{"facebook_opis":""},"jetpack_publicize_connections":[],"jetpack_featured_media_url":"https:\/\/i0.wp.com\/historiografija.hr\/wp-content\/uploads\/2023\/10\/Women-in-the-Holocaust-conference-poster-scaled-e1696615708263.jpg?fit=1500%2C2100&ssl=1","jetpack_sharing_enabled":true,"jetpack-related-posts":[],"_links":{"self":[{"href":"https:\/\/historiografija.hr\/index.php?rest_route=\/wp\/v2\/posts\/37356","targetHints":{"allow":["GET"]}}],"collection":[{"href":"https:\/\/historiografija.hr\/index.php?rest_route=\/wp\/v2\/posts"}],"about":[{"href":"https:\/\/historiografija.hr\/index.php?rest_route=\/wp\/v2\/types\/post"}],"author":[{"embeddable":true,"href":"https:\/\/historiografija.hr\/index.php?rest_route=\/wp\/v2\/users\/2"}],"replies":[{"embeddable":true,"href":"https:\/\/historiografija.hr\/index.php?rest_route=%2Fwp%2Fv2%2Fcomments&post=37356"}],"version-history":[{"count":1,"href":"https:\/\/historiografija.hr\/index.php?rest_route=\/wp\/v2\/posts\/37356\/revisions"}],"predecessor-version":[{"id":37358,"href":"https:\/\/historiografija.hr\/index.php?rest_route=\/wp\/v2\/posts\/37356\/revisions\/37358"}],"wp:featuredmedia":[{"embeddable":true,"href":"https:\/\/historiografija.hr\/index.php?rest_route=\/wp\/v2\/media\/37357"}],"wp:attachment":[{"href":"https:\/\/historiografija.hr\/index.php?rest_route=%2Fwp%2Fv2%2Fmedia&parent=37356"}],"wp:term":[{"taxonomy":"category","embeddable":true,"href":"https:\/\/historiografija.hr\/index.php?rest_route=%2Fwp%2Fv2%2Fcategories&post=37356"},{"taxonomy":"post_tag","embeddable":true,"href":"https:\/\/historiografija.hr\/index.php?rest_route=%2Fwp%2Fv2%2Ftags&post=37356"}],"curies":[{"name":"wp","href":"https:\/\/api.w.org\/{rel}","templated":true}]}}