{"id":37323,"date":"2023-10-03T21:50:13","date_gmt":"2023-10-03T21:50:13","guid":{"rendered":"http:\/\/historiografija.hr\/?p=37323"},"modified":"2023-10-03T21:50:13","modified_gmt":"2023-10-03T21:50:13","slug":"medunarodna-radionica-alliances-and-ruptures-the-non-aligned-movement-and-its-contradictions-u-zagrebu","status":"publish","type":"post","link":"https:\/\/historiografija.hr\/?p=37323","title":{"rendered":"Me\u0111unarodna radionica \u201eAlliances and ruptures. The Non-aligned movement and its contradictions\u201c u Zagrebu"},"content":{"rendered":"\n<p>Me\u0111unarodna radionica \u201eAlliances and ruptures. The Non-aligned movement and its contradictions\u201c odr\u017eat \u0107e se u prostorijama MAZ (Pavla Hatza 16) u subotu 7. listopada 2023. godine od 17:00 do 20:00 sati. Radionica je dio programa zavr\u0161ne konferencije HRZZ projekta Modeli i prakse globalne i kulturne razmjene i pokret nesvrstanih zemalja: istra\u017eivanja prostorno-vremenske kulturne dinamike.<\/p>\n\n\n\n<p>Nakon izlaganja Jelene \u0110ureinovi\u0107, Vladimira Kuli\u0107a, Behzada Khosravi Noori i Magnusa B\u00e4rt\u00e5sa uslijedit \u0107e panel rasprava sudionika koju moderiraju Sanja Horvatin\u010di\u0107 i Paul Stubbs.<\/p>\n\n\n\n<p>Za online sudjelovanje potrebno je prethodno se registrirati putem linka.<\/p>\n\n\n\n<hr class=\"wp-block-separator\"\/>\n\n\n\n<p>Vi\u0161e informacija:<\/p>\n\n\n\n<p><a href=\"https:\/\/www.ipu.hr\/article\/hr\/1551\/saveznistva-i-raskidi\">https:\/\/www.ipu.hr\/article\/hr\/1551\/saveznistva-i-raskidi<\/a><\/p>\n\n\n\n<p><a href=\"https:\/\/www.nam-globe-exchange.org\/\">https:\/\/www.nam-globe-exchange.org\/<\/a><\/p>\n\n\n\n<hr class=\"wp-block-separator\"\/>\n","protected":false},"excerpt":{"rendered":"","protected":false},"author":2,"featured_media":37324,"comment_status":"open","ping_status":"open","sticky":false,"template":"","format":"standard","meta":{"_acf_changed":false,"jetpack_post_was_ever_published":false,"_jetpack_newsletter_access":"","_jetpack_dont_email_post_to_subs":false,"_jetpack_newsletter_tier_id":0,"_jetpack_memberships_contains_paywalled_content":false,"_jetpack_memberships_contains_paid_content":false,"footnotes":"","jetpack_publicize_message":"","jetpack_publicize_feature_enabled":true,"jetpack_social_post_already_shared":true,"jetpack_social_options":{"image_generator_settings":{"template":"highway","default_image_id":0,"font":"","enabled":false},"version":2}},"categories":[3,9],"tags":[],"class_list":["post-37323","post","type-post","status-publish","format-standard","has-post-thumbnail","hentry","category-novosti","category-skupovi"],"acf":{"facebook_opis":""},"jetpack_publicize_connections":[],"jetpack_featured_media_url":"https:\/\/i0.wp.com\/historiografija.hr\/wp-content\/uploads\/2023\/10\/workshop-2023.jpg?fit=896%2C560&ssl=1","jetpack_sharing_enabled":true,"jetpack-related-posts":[],"_links":{"self":[{"href":"https:\/\/historiografija.hr\/index.php?rest_route=\/wp\/v2\/posts\/37323","targetHints":{"allow":["GET"]}}],"collection":[{"href":"https:\/\/historiografija.hr\/index.php?rest_route=\/wp\/v2\/posts"}],"about":[{"href":"https:\/\/historiografija.hr\/index.php?rest_route=\/wp\/v2\/types\/post"}],"author":[{"embeddable":true,"href":"https:\/\/historiografija.hr\/index.php?rest_route=\/wp\/v2\/users\/2"}],"replies":[{"embeddable":true,"href":"https:\/\/historiografija.hr\/index.php?rest_route=%2Fwp%2Fv2%2Fcomments&post=37323"}],"version-history":[{"count":1,"href":"https:\/\/historiografija.hr\/index.php?rest_route=\/wp\/v2\/posts\/37323\/revisions"}],"predecessor-version":[{"id":37325,"href":"https:\/\/historiografija.hr\/index.php?rest_route=\/wp\/v2\/posts\/37323\/revisions\/37325"}],"wp:featuredmedia":[{"embeddable":true,"href":"https:\/\/historiografija.hr\/index.php?rest_route=\/wp\/v2\/media\/37324"}],"wp:attachment":[{"href":"https:\/\/historiografija.hr\/index.php?rest_route=%2Fwp%2Fv2%2Fmedia&parent=37323"}],"wp:term":[{"taxonomy":"category","embeddable":true,"href":"https:\/\/historiografija.hr\/index.php?rest_route=%2Fwp%2Fv2%2Fcategories&post=37323"},{"taxonomy":"post_tag","embeddable":true,"href":"https:\/\/historiografija.hr\/index.php?rest_route=%2Fwp%2Fv2%2Ftags&post=37323"}],"curies":[{"name":"wp","href":"https:\/\/api.w.org\/{rel}","templated":true}]}}