{"id":37318,"date":"2023-10-03T21:37:50","date_gmt":"2023-10-03T21:37:50","guid":{"rendered":"http:\/\/historiografija.hr\/?p=37318"},"modified":"2023-10-03T21:40:45","modified_gmt":"2023-10-03T21:40:45","slug":"dani-cvita-fiskovica-umjetnicki-dodiri-izmedu-istoka-i-zapada","status":"publish","type":"post","link":"https:\/\/historiografija.hr\/?p=37318","title":{"rendered":"Dani Cvita Fiskovi\u0107a: Umjetni\u010dki dodiri izme\u0111u Istoka i Zapada"},"content":{"rendered":"\n<p>Orebi\u0107, 4. \u2013 7. listopada 2023.<\/p>\n\n\n\n<hr class=\"wp-block-separator\"\/>\n\n\n\n<p>Na tragu \u0161irokog spektra povijesno-umjetni\u010dkih, knji\u017eevnih ali i kulturolo\u0161kih tema kojima se bavio Cvito Fiskovi\u0107, te s obzirom na njegovu istaknutu ulogu u za\u0161titi spomenika i ove godine se na znanstvenom skupu okuplja \u010detrdesetak sudionika iz Hrvatske i inozemstva.<\/p>\n\n\n\n<p>Prostor Jadrana i njegova zale\u0111a odavna je prepoznat kao mjesto dodira dvaju kulturno-umjetni\u010dkih krugova. Iza sa\u017eetih odrednica Istoka i Zapada krije se pritom niz dru\u0161tvenih, politi\u010dkih, vjerskih i likovnih fenomena klju\u010dnih za oblikovanje povijesnoumjetni\u010dke slike Mediterana od antike do modernoga doba. Jadran kao mjesto susreta velikih europskih i azijskih civilizacija predstavlja stoga trajnu i gotovo neiscrpnu temu znanstvenog prou\u010davanja kako povjesni\u010dara, arheologa tako i povjesni\u010dara umjetnosti, kulturnih antropologa i drugih istra\u017eiva\u010da. Nazna\u010deni povijesni dodiri obuhva\u0107aju pak slo\u017eeni spektar procesa \u2013 poput utjecaja oblikovnih, stilskih i ikonografskih rje\u0161enja, migracija djela, tehnika, materijala, umjetnika i naru\u010ditelja \u2013 koji su se u \u0161irokom vremenskom luku odvijali du\u017e rubova gr\u010dkoga i rimskoga svijeta, isto\u010dnoga i zapadnoga carstva, kr\u0161\u0107anstva i islama.<\/p>\n\n\n\n<hr class=\"wp-block-separator\"\/>\n\n\n\n<p>Organizatori:<\/p>\n\n\n\n<p>Filozofski fakultet Sveu\u010dili\u0161ta u Zagrebu, Odsjek za povijest umjetnosti<\/p>\n\n\n\n<p>Dru\u0161tvo povjesni\u010dara umjetnosti Hrvatske<\/p>\n\n\n\n<hr class=\"wp-block-separator\"\/>\n\n\n\n<p>Program i knji\u017enica sa\u017eetaka:<\/p>\n\n\n\n<p><a href=\"http:\/\/www.dpuh.hr\/\">http:\/\/www.dpuh.hr\/<\/a><\/p>\n\n\n\n<p><a href=\"http:\/\/povum.ffzg.unizg.hr\/?p=11001\">http:\/\/povum.ffzg.unizg.hr\/?p=11001<\/a><\/p>\n\n\n\n<hr class=\"wp-block-separator\"\/>\n\n\n\n<p><\/p>\n","protected":false},"excerpt":{"rendered":"","protected":false},"author":2,"featured_media":37319,"comment_status":"open","ping_status":"open","sticky":false,"template":"","format":"standard","meta":{"_acf_changed":false,"jetpack_post_was_ever_published":false,"_jetpack_newsletter_access":"","_jetpack_dont_email_post_to_subs":false,"_jetpack_newsletter_tier_id":0,"_jetpack_memberships_contains_paywalled_content":false,"_jetpack_memberships_contains_paid_content":false,"footnotes":"","jetpack_publicize_message":"","jetpack_publicize_feature_enabled":true,"jetpack_social_post_already_shared":true,"jetpack_social_options":{"image_generator_settings":{"template":"highway","default_image_id":0,"font":"","enabled":false},"version":2}},"categories":[3,9],"tags":[],"class_list":["post-37318","post","type-post","status-publish","format-standard","has-post-thumbnail","hentry","category-novosti","category-skupovi"],"acf":{"facebook_opis":""},"jetpack_publicize_connections":[],"jetpack_featured_media_url":"https:\/\/i0.wp.com\/historiografija.hr\/wp-content\/uploads\/2023\/10\/Dani_Cvita_Fiskovica.jpeg?fit=1749%2C2481&ssl=1","jetpack_sharing_enabled":true,"jetpack-related-posts":[],"_links":{"self":[{"href":"https:\/\/historiografija.hr\/index.php?rest_route=\/wp\/v2\/posts\/37318","targetHints":{"allow":["GET"]}}],"collection":[{"href":"https:\/\/historiografija.hr\/index.php?rest_route=\/wp\/v2\/posts"}],"about":[{"href":"https:\/\/historiografija.hr\/index.php?rest_route=\/wp\/v2\/types\/post"}],"author":[{"embeddable":true,"href":"https:\/\/historiografija.hr\/index.php?rest_route=\/wp\/v2\/users\/2"}],"replies":[{"embeddable":true,"href":"https:\/\/historiografija.hr\/index.php?rest_route=%2Fwp%2Fv2%2Fcomments&post=37318"}],"version-history":[{"count":3,"href":"https:\/\/historiografija.hr\/index.php?rest_route=\/wp\/v2\/posts\/37318\/revisions"}],"predecessor-version":[{"id":37322,"href":"https:\/\/historiografija.hr\/index.php?rest_route=\/wp\/v2\/posts\/37318\/revisions\/37322"}],"wp:featuredmedia":[{"embeddable":true,"href":"https:\/\/historiografija.hr\/index.php?rest_route=\/wp\/v2\/media\/37319"}],"wp:attachment":[{"href":"https:\/\/historiografija.hr\/index.php?rest_route=%2Fwp%2Fv2%2Fmedia&parent=37318"}],"wp:term":[{"taxonomy":"category","embeddable":true,"href":"https:\/\/historiografija.hr\/index.php?rest_route=%2Fwp%2Fv2%2Fcategories&post=37318"},{"taxonomy":"post_tag","embeddable":true,"href":"https:\/\/historiografija.hr\/index.php?rest_route=%2Fwp%2Fv2%2Ftags&post=37318"}],"curies":[{"name":"wp","href":"https:\/\/api.w.org\/{rel}","templated":true}]}}