{"id":37310,"date":"2023-10-03T21:30:05","date_gmt":"2023-10-03T21:30:05","guid":{"rendered":"http:\/\/historiografija.hr\/?p=37310"},"modified":"2023-10-03T21:32:25","modified_gmt":"2023-10-03T21:32:25","slug":"zbornik-jankovic-poziv-za-slanje-priloga-za-br-8-9","status":"publish","type":"post","link":"https:\/\/historiografija.hr\/?p=37310","title":{"rendered":"Zbornik Jankovi\u0107 \u2013 poziv za slanje priloga za br. 8-9"},"content":{"rendered":"\n<p>Uredni\u0161tvo Zbornika Jankovi\u0107, godi\u0161njaka Ogranka Matice hrvatske Daruvar, poziva sve zainteresirane autore na dostavu priloga za novi, 8-9. broj Zbornika Jankovi\u0107 koji objavljuje znanstvene i stru\u010dne priloge iz podru\u010dja prvenstveno povijesne znanosti u njezinu \u0161irem smislu te ostalih srodnih znanstvenih disciplina. Tekstovi se mogu baviti bilo kojim povijesnim razdobljem iz nacionalne, europske te svjetske povijesti s time da se daje prednost onima koji obra\u0111uju povijest Daruvara te prostora Bjelovarsko-bilogorske \u017eupanije. \u010clanci mogu biti napisani na hrvatskom, \u010de\u0161kom ili engleskom jeziku te ostalim jezicima koji su navedeni na portalu HR\u010cAK \u2013 Zbornik Jankovi\u0107. Uredni\u0161tvo \u0107e prihvatiti za objavljivanje znanstvene i stru\u010dne radove kategorizirane prema propisanim i uvrije\u017eenim normama (izvorni znanstveni rad, prethodno priop\u0107enje, pregledni rad, stru\u010dni rad), \u0161to se odre\u0111uje dvjema slijepim recenzijama.<\/p>\n\n\n\n<hr class=\"wp-block-separator\"\/>\n\n\n\n<p>Rok za predaju radova je 1. travanj 2024. Priloge slati na mail:\u00a0<a href=\"mailto:historik2000@gmail.com\">historik2000@gmail.com<\/a>\u00a0(osobno glavnom uredniku \u010dasopisa dr. sc. \u017deljku Karauli) ili na\u00a0<a href=\"mailto:daruvar@matica.hr\">daruvar@matica.hr<\/a>. Sve detalje i upute o pisanju radova vidi na \u2013\u00a0<a rel=\"noreferrer noopener\" href=\"https:\/\/hrcak.srce.hr\/jankovic\" target=\"_blank\">https:\/\/hrcak.srce.hr\/jankovic<\/a><\/p>\n\n\n\n<hr class=\"wp-block-separator\"\/>\n\n\n\n<div class=\"wp-block-file\"><a href=\"https:\/\/historiografija.hr\/wp-content\/uploads\/2023\/10\/Korice-Jankovic\u0301-8-9.pdf\">Korice-Jankovic\u0301-8-9<\/a><a href=\"https:\/\/historiografija.hr\/wp-content\/uploads\/2023\/10\/Korice-Jankovic\u0301-8-9.pdf\" class=\"wp-block-file__button\" download>Preuzmi<\/a><\/div>\n\n\n\n<hr class=\"wp-block-separator\"\/>\n","protected":false},"excerpt":{"rendered":"","protected":false},"author":2,"featured_media":37311,"comment_status":"open","ping_status":"open","sticky":false,"template":"","format":"standard","meta":{"_acf_changed":false,"jetpack_post_was_ever_published":false,"_jetpack_newsletter_access":"","_jetpack_dont_email_post_to_subs":false,"_jetpack_newsletter_tier_id":0,"_jetpack_memberships_contains_paywalled_content":false,"_jetpack_memberships_contains_paid_content":false,"footnotes":"","jetpack_publicize_message":"","jetpack_publicize_feature_enabled":true,"jetpack_social_post_already_shared":true,"jetpack_social_options":{"image_generator_settings":{"template":"highway","default_image_id":0,"font":"","enabled":false},"version":2}},"categories":[21,3],"tags":[],"class_list":["post-37310","post","type-post","status-publish","format-standard","has-post-thumbnail","hentry","category-casopisi","category-novosti"],"acf":{"facebook_opis":""},"jetpack_publicize_connections":[],"jetpack_featured_media_url":"https:\/\/i0.wp.com\/historiografija.hr\/wp-content\/uploads\/2023\/10\/Korice-Jankovic%CC%81-8-9.jpg?fit=1004%2C1418&ssl=1","jetpack_sharing_enabled":true,"jetpack-related-posts":[],"_links":{"self":[{"href":"https:\/\/historiografija.hr\/index.php?rest_route=\/wp\/v2\/posts\/37310","targetHints":{"allow":["GET"]}}],"collection":[{"href":"https:\/\/historiografija.hr\/index.php?rest_route=\/wp\/v2\/posts"}],"about":[{"href":"https:\/\/historiografija.hr\/index.php?rest_route=\/wp\/v2\/types\/post"}],"author":[{"embeddable":true,"href":"https:\/\/historiografija.hr\/index.php?rest_route=\/wp\/v2\/users\/2"}],"replies":[{"embeddable":true,"href":"https:\/\/historiografija.hr\/index.php?rest_route=%2Fwp%2Fv2%2Fcomments&post=37310"}],"version-history":[{"count":5,"href":"https:\/\/historiografija.hr\/index.php?rest_route=\/wp\/v2\/posts\/37310\/revisions"}],"predecessor-version":[{"id":37317,"href":"https:\/\/historiografija.hr\/index.php?rest_route=\/wp\/v2\/posts\/37310\/revisions\/37317"}],"wp:featuredmedia":[{"embeddable":true,"href":"https:\/\/historiografija.hr\/index.php?rest_route=\/wp\/v2\/media\/37311"}],"wp:attachment":[{"href":"https:\/\/historiografija.hr\/index.php?rest_route=%2Fwp%2Fv2%2Fmedia&parent=37310"}],"wp:term":[{"taxonomy":"category","embeddable":true,"href":"https:\/\/historiografija.hr\/index.php?rest_route=%2Fwp%2Fv2%2Fcategories&post=37310"},{"taxonomy":"post_tag","embeddable":true,"href":"https:\/\/historiografija.hr\/index.php?rest_route=%2Fwp%2Fv2%2Ftags&post=37310"}],"curies":[{"name":"wp","href":"https:\/\/api.w.org\/{rel}","templated":true}]}}