{"id":37302,"date":"2023-10-02T10:49:55","date_gmt":"2023-10-02T10:49:55","guid":{"rendered":"http:\/\/historiografija.hr\/?p=37302"},"modified":"2023-10-02T10:50:13","modified_gmt":"2023-10-02T10:50:13","slug":"radionica-balkanski-razgovori-o-ratu-i-miru","status":"publish","type":"post","link":"https:\/\/historiografija.hr\/?p=37302","title":{"rendered":"[Radionica] Balkanski razgovori o ratu i miru"},"content":{"rendered":"\n<p>Danas, kada svedo\u010dimo jasnom pozivu da se (iznova) uva\u017ee specifi\u010dnosti Istoka Evrope, potrebno je razmotriti kakvo je na\u0161e zajedni\u010dko razumevanje mira na Balkanu, jer se o ratu ne govori dovoljno, a o miru se govori jo\u0161 manje. Otkako je agresija na Ukrajinu po\u010dela, u raspravi nije u\u010destvovalo mnogo intelektualaca s Balkana, iako bi njihov glas mogao i morao da se \u010duje. Zato <em>Balkan Talks on War and Peace<\/em> pokre\u0107e ovu raspravu iznova, rukovode\u0107i se slede\u0107im pitanjima. Za\u0161to nismo mogli da odr\u017eimo mir u Evropi posle 1989. godine? U Nema\u010dkoj i drugim zemljama nema\u010dkog govornog podru\u010dja vo\u0111ene su \u017eustre debate o zna\u010denju\u00a0<em>Nie wieder<\/em>\/Nikada vi\u0161e.\u00a0\u0160ta vi\u0161e nikada nije smelo da se dogodi: da li sam rat, i kako postupati ako se rat ve\u0107 doga\u0111a?\u00a0\u0160ta podrazumeva fraza \u201eistorijska odgovornost\u201c i kome pripada odgovornost za istoriju?\u00a0\u00a0Kako se mo\u017ee zahtevati okon\u010danje rata, a da se izbegne optu\u017eba za \u201evulgarni pacifizam\u201c? Kako ratna retorika u zemljama koje nisu uklju\u010dene u sukob mo\u017ee pomo\u0107i da se rat okon\u010da u ideolo\u0161kom i takti\u010dkom smislu?\u00a0Jesmo li samo posmatra\u010di ili smo i u\u010desnici u severnoatlantskoj borbi za prevlast i u \u0161irenju ruske \u201cmeke mo\u0107i\u201d?\u00a0\u0160ta je neophodno za postizanje mira u bli\u017eoj i daljoj budu\u0107nosti?\u00a0Najzad, da li je pacifizam opcija samo u miru?<\/p>\n\n\n\n<hr class=\"wp-block-separator\"\/>\n\n\n\n<p><strong>Me\u0111unarodna radionica<\/strong><\/p>\n\n\n\n<p><strong>BALKANSKI RAZGOVORI O RATU I MIRU<\/strong><\/p>\n\n\n\n<p><strong><u>2. oktobar 2023<\/u><\/strong>, (CZKD, Bir\u010daninova 21)<\/p>\n\n\n\n<p>11.30&nbsp; Otvaranje<br><strong>Pozdravna re\u010d i dobrodo\u0161lica<\/strong><\/p>\n\n\n\n<p>12:00 -14:00<em><strong>Nie wieder!<\/strong><\/em><strong> Istorijska odgovornost za (ne)delovanje<\/strong><br>Panel diskusija (na engleskom)<\/p>\n\n\n\n<p>Govornici: Gentiana Kera (Albanija), Ivan Vejvoda (Austrija\/Srbija), Christian Voss (Nema\u010dka)<br>Moderator: Carl Henrik Fredriksson (\u0160vedska\/Austrija)<\/p>\n\n\n\n<p>15:30\u201318:00&nbsp;&nbsp;&nbsp; <strong>Da li na Balkanu postoji zajedni\u010dko razumevanje mira?<\/strong><br>Panel diskusija (na srpskom\/hrvatskom\/bosanskom sa simultanim prevodom na engleski)<\/p>\n\n\n\n<p>Govornici: Idro Seferi (Kosovo*), Tvrtko Jakovina (Hrvatska), Senad Pe\u0107anin (Bosna i Hercegovina), Boris Varga (Srbija\/Ukrajina)<br>Moderator: Milivoj Be\u0161lin (Srbija)<\/p>\n\n\n\n<p>18:30\u201320:30&nbsp;&nbsp;&nbsp; <strong>Imperijalna zaostav\u0161tina i neokajana pro\u0161lost<\/strong><br><em><strong>Razgovor o istoriji, knji\u017eevnosti i sada\u0161njici<\/strong><\/em><\/p>\n\n\n\n<p>Govornici: Sergey Lebedev (Rusija\/Nema\u010dka) i Dubravka Stojanovi\u0107 (Srbija)<br>Moderator: Aleksandar Pavlovi\u0107 (Srbija)<\/p>\n\n\n\n<p><strong><u>3. oktobar 2023<\/u><\/strong> (CZKD, Bir\u010daninova 21)<\/p>\n\n\n\n<p>9:30\u201312:00<strong> Dekolonizovanje Balkana: od ruske meke mo\u0107i do \u2018Westplaining-a\u2019<\/strong><br>Panel diskusija (na engleskom)<\/p>\n\n\n\n<p>Govornici: Nemanja D\u017euverovi\u0107 (Srbija), <em>Ognyan Georgiev (Bugarska),<\/em><br>Nenad Markovikj (Severna Makedonija), Miruna Troncot\u0103 (Rumunija)<br>Moderatorka: Marija Mandi\u0107 (Srbija)<\/p>\n\n\n\n<p>12:30\u201314:30<strong>&nbsp;&nbsp; Da li je pacifizam mogu\u0107 samo u miru?<\/strong><br>Panel diskusija (na engleskom)<\/p>\n\n\n\n<p>Govornici: Leandra Bias (\u0160vajcarska), Paula Petri\u010devi\u0107 (Crna Gora), Olga Shparaga (Belorusija\/Austrija)<br>Moderatorka: Adriana Zaharijevi\u0107 (Srbija)<\/p>\n\n\n\n<p><em>U saradnji sa <\/em><a href=\"https:\/\/www.debates-on-europe.eu\/\"><em>Debates on Europe<\/em><\/a><em>. Doga\u0111aj je podr\u017eao <\/em><a href=\"https:\/\/www.auswaertiges-amt.de\/en\/\"><em>German Federal Foreign Office<\/em><\/a><em>.<\/em><br><em>Prati <\/em><a href=\"https:\/\/www.facebook.com\/DebatesonEurope\"><em>Debates on Europe<\/em><\/a><em> na Fejsbuku.<\/em><\/p>\n\n\n\n<p><strong>Doga\u0111aj je otvoren za javnost, u\u010de\u0161\u0107e na doga\u0111aju bez prijave.<\/strong><\/p>\n\n\n\n<hr class=\"wp-block-separator\"\/>\n\n\n\n<p>Izvor:<\/p>\n\n\n\n<figure class=\"wp-block-embed-wordpress wp-block-embed is-type-wp-embed is-provider-institut-za-filozofiju-i-drustvenu-teoriju\"><div class=\"wp-block-embed__wrapper\">\n<blockquote class=\"wp-embedded-content\" data-secret=\"L3li1uC1Iq\"><a href=\"https:\/\/ifdt.bg.ac.rs\/index.php\/events\/radionica-balkanski-razgovori-o-ratu-i-miru\/\">[Radionica] Balkanski razgovori o ratu i miru<\/a><\/blockquote><iframe loading=\"lazy\" class=\"wp-embedded-content\" sandbox=\"allow-scripts\" security=\"restricted\" style=\"position: absolute; clip: rect(1px, 1px, 1px, 1px);\" title=\"&#132;[Radionica] Balkanski razgovori o ratu i miru&#147; &#8212; INSTITUT ZA FILOZOFIJU I DRU\u0160TVENU TEORIJU\" src=\"https:\/\/ifdt.bg.ac.rs\/index.php\/events\/radionica-balkanski-razgovori-o-ratu-i-miru\/embed\/#?secret=Js3tI0p15M#?secret=L3li1uC1Iq\" data-secret=\"L3li1uC1Iq\" width=\"600\" height=\"338\" frameborder=\"0\" marginwidth=\"0\" marginheight=\"0\" scrolling=\"no\"><\/iframe>\n<\/div><\/figure>\n\n\n\n<hr class=\"wp-block-separator\"\/>\n","protected":false},"excerpt":{"rendered":"","protected":false},"author":2,"featured_media":37303,"comment_status":"open","ping_status":"open","sticky":false,"template":"","format":"standard","meta":{"_acf_changed":false,"jetpack_post_was_ever_published":false,"_jetpack_newsletter_access":"","_jetpack_dont_email_post_to_subs":false,"_jetpack_newsletter_tier_id":0,"_jetpack_memberships_contains_paywalled_content":false,"_jetpack_memberships_contains_paid_content":false,"footnotes":"","jetpack_publicize_message":"","jetpack_publicize_feature_enabled":true,"jetpack_social_post_already_shared":true,"jetpack_social_options":{"image_generator_settings":{"template":"highway","default_image_id":0,"font":"","enabled":false},"version":2}},"categories":[3,9],"tags":[],"class_list":["post-37302","post","type-post","status-publish","format-standard","has-post-thumbnail","hentry","category-novosti","category-skupovi"],"acf":{"facebook_opis":""},"jetpack_publicize_connections":[],"jetpack_featured_media_url":"https:\/\/i0.wp.com\/historiografija.hr\/wp-content\/uploads\/2023\/10\/BTWP.jpg?fit=1080%2C1080&ssl=1","jetpack_sharing_enabled":true,"jetpack-related-posts":[],"_links":{"self":[{"href":"https:\/\/historiografija.hr\/index.php?rest_route=\/wp\/v2\/posts\/37302","targetHints":{"allow":["GET"]}}],"collection":[{"href":"https:\/\/historiografija.hr\/index.php?rest_route=\/wp\/v2\/posts"}],"about":[{"href":"https:\/\/historiografija.hr\/index.php?rest_route=\/wp\/v2\/types\/post"}],"author":[{"embeddable":true,"href":"https:\/\/historiografija.hr\/index.php?rest_route=\/wp\/v2\/users\/2"}],"replies":[{"embeddable":true,"href":"https:\/\/historiografija.hr\/index.php?rest_route=%2Fwp%2Fv2%2Fcomments&post=37302"}],"version-history":[{"count":2,"href":"https:\/\/historiografija.hr\/index.php?rest_route=\/wp\/v2\/posts\/37302\/revisions"}],"predecessor-version":[{"id":37305,"href":"https:\/\/historiografija.hr\/index.php?rest_route=\/wp\/v2\/posts\/37302\/revisions\/37305"}],"wp:featuredmedia":[{"embeddable":true,"href":"https:\/\/historiografija.hr\/index.php?rest_route=\/wp\/v2\/media\/37303"}],"wp:attachment":[{"href":"https:\/\/historiografija.hr\/index.php?rest_route=%2Fwp%2Fv2%2Fmedia&parent=37302"}],"wp:term":[{"taxonomy":"category","embeddable":true,"href":"https:\/\/historiografija.hr\/index.php?rest_route=%2Fwp%2Fv2%2Fcategories&post=37302"},{"taxonomy":"post_tag","embeddable":true,"href":"https:\/\/historiografija.hr\/index.php?rest_route=%2Fwp%2Fv2%2Ftags&post=37302"}],"curies":[{"name":"wp","href":"https:\/\/api.w.org\/{rel}","templated":true}]}}