{"id":37288,"date":"2023-09-29T09:38:22","date_gmt":"2023-09-29T09:38:22","guid":{"rendered":"http:\/\/historiografija.hr\/?p=37288"},"modified":"2023-09-29T09:38:22","modified_gmt":"2023-09-29T09:38:22","slug":"znanstveni-skup-s-medunarodnim-sudjelovanjem-proslost-i-kultura-srba-u-republici-hrvatskoj","status":"publish","type":"post","link":"https:\/\/historiografija.hr\/?p=37288","title":{"rendered":"Znanstveni skup s me\u0111unarodnim sudjelovanjem &#8220;Pro\u0161lost i kultura Srba u Republici Hrvatskoj&#8221;"},"content":{"rendered":"\n<p>U petak, 6. listopada 2023. godine u 9.30 sati bit \u0107e sve\u010dano otvoren znanstveni skup s me\u0111unarodnim sudjelovanjem &#8220;Pro\u0161lost i kultura Srba u Republici Hrvatskoj&#8221;. U dva dana trajanja skupa (6. i 7. listopada) bit \u0107e predstavljeno 35 izlaganja u kojima \u0107e biti razmatrana pro\u0161lost i kultura srpskog naroda na prostoru Republike Hrvatske. Skup je zami\u0161ljen kao interdisciplinarni stoga je okvirna tema skupa okupila stru\u010dnjake iz nekoliko zemalja i raznih istra\u017eiva\u010dkih grana poput povijesti, etnologije, povijesti knji\u017eevnosti, filozofije i drugih. Skup \u0107e biti odr\u017ean u velikoj dvorani Srpskog doma u Vukovaru (Europske unije 5).<\/p>\n\n\n\n<p>Svi detalji i program skupa s knjigom sa\u017eetaka dostupni su na poveznici u nastavku:<\/p>\n\n\n\n<figure class=\"wp-block-embed-wordpress wp-block-embed is-type-wp-embed is-provider-zajednicko-vece-opstina-vukovar\"><div class=\"wp-block-embed__wrapper\">\n<blockquote class=\"wp-embedded-content\" data-secret=\"F7T88AegMK\"><a href=\"https:\/\/zvo.hr\/objave\/najava-naucnog-skupa-proslost-i-kultura-srba-u-republici-hrvatskoj\/\">Najava nau\u010dnog skupa Pro\u0161lost i kultura Srba u Republici Hrvatskoj<\/a><\/blockquote><iframe loading=\"lazy\" class=\"wp-embedded-content\" sandbox=\"allow-scripts\" security=\"restricted\" style=\"position: absolute; clip: rect(1px, 1px, 1px, 1px);\" title=\"&#8220;Najava nau\u010dnog skupa Pro\u0161lost i kultura Srba u Republici Hrvatskoj&#8221; &#8212; Zajedni\u010dko ve\u0107e op\u0161tina - VUKOVAR\" src=\"https:\/\/zvo.hr\/objave\/najava-naucnog-skupa-proslost-i-kultura-srba-u-republici-hrvatskoj\/embed\/#?secret=YfAXLJHv0q#?secret=F7T88AegMK\" data-secret=\"F7T88AegMK\" width=\"600\" height=\"338\" frameborder=\"0\" marginwidth=\"0\" marginheight=\"0\" scrolling=\"no\"><\/iframe>\n<\/div><\/figure>\n\n\n\n<hr class=\"wp-block-separator\"\/>\n","protected":false},"excerpt":{"rendered":"","protected":false},"author":2,"featured_media":37289,"comment_status":"open","ping_status":"open","sticky":false,"template":"","format":"standard","meta":{"_acf_changed":false,"jetpack_post_was_ever_published":false,"_jetpack_newsletter_access":"","_jetpack_dont_email_post_to_subs":false,"_jetpack_newsletter_tier_id":0,"_jetpack_memberships_contains_paywalled_content":false,"_jetpack_memberships_contains_paid_content":false,"footnotes":"","jetpack_publicize_message":"","jetpack_publicize_feature_enabled":true,"jetpack_social_post_already_shared":true,"jetpack_social_options":{"image_generator_settings":{"template":"highway","default_image_id":0,"font":"","enabled":false},"version":2}},"categories":[3,9],"tags":[],"class_list":["post-37288","post","type-post","status-publish","format-standard","has-post-thumbnail","hentry","category-novosti","category-skupovi"],"acf":{"facebook_opis":""},"jetpack_publicize_connections":[],"jetpack_featured_media_url":"https:\/\/i0.wp.com\/historiografija.hr\/wp-content\/uploads\/2023\/09\/Plakat-skup-scaled.jpg?fit=1829%2C2560&ssl=1","jetpack_sharing_enabled":true,"jetpack-related-posts":[],"_links":{"self":[{"href":"https:\/\/historiografija.hr\/index.php?rest_route=\/wp\/v2\/posts\/37288","targetHints":{"allow":["GET"]}}],"collection":[{"href":"https:\/\/historiografija.hr\/index.php?rest_route=\/wp\/v2\/posts"}],"about":[{"href":"https:\/\/historiografija.hr\/index.php?rest_route=\/wp\/v2\/types\/post"}],"author":[{"embeddable":true,"href":"https:\/\/historiografija.hr\/index.php?rest_route=\/wp\/v2\/users\/2"}],"replies":[{"embeddable":true,"href":"https:\/\/historiografija.hr\/index.php?rest_route=%2Fwp%2Fv2%2Fcomments&post=37288"}],"version-history":[{"count":1,"href":"https:\/\/historiografija.hr\/index.php?rest_route=\/wp\/v2\/posts\/37288\/revisions"}],"predecessor-version":[{"id":37290,"href":"https:\/\/historiografija.hr\/index.php?rest_route=\/wp\/v2\/posts\/37288\/revisions\/37290"}],"wp:featuredmedia":[{"embeddable":true,"href":"https:\/\/historiografija.hr\/index.php?rest_route=\/wp\/v2\/media\/37289"}],"wp:attachment":[{"href":"https:\/\/historiografija.hr\/index.php?rest_route=%2Fwp%2Fv2%2Fmedia&parent=37288"}],"wp:term":[{"taxonomy":"category","embeddable":true,"href":"https:\/\/historiografija.hr\/index.php?rest_route=%2Fwp%2Fv2%2Fcategories&post=37288"},{"taxonomy":"post_tag","embeddable":true,"href":"https:\/\/historiografija.hr\/index.php?rest_route=%2Fwp%2Fv2%2Ftags&post=37288"}],"curies":[{"name":"wp","href":"https:\/\/api.w.org\/{rel}","templated":true}]}}