{"id":37285,"date":"2023-09-29T09:26:30","date_gmt":"2023-09-29T09:26:30","guid":{"rendered":"http:\/\/historiografija.hr\/?p=37285"},"modified":"2023-09-29T09:26:30","modified_gmt":"2023-09-29T09:26:30","slug":"izlozba-100-obljetnica-smrti-vatroslava-jagica","status":"publish","type":"post","link":"https:\/\/historiografija.hr\/?p=37285","title":{"rendered":"Izlo\u017eba \u201e100. obljetnica smrti Vatroslava Jagi\u0107a\u201c"},"content":{"rendered":"\n<p>U petak, 29. rujna u 12 sati u Starom gradu otvara se izlo\u017eba koju Gradski muzej Vara\u017edin prire\u0111uje u povodu 100. obljetnice smrti uglednog jezikoslovca Vatroslava Jagi\u0107a.<\/p>\n\n\n\n<p>Vatroslav Jagi\u0107 najva\u017eniji je svjetski slavist druge polovice 19. stolje\u0107a i prve \u010detvrtine 20. stolje\u0107a, \u010diji znanstveni rad do danas u nekim segmentima na podru\u010djima kojima se bavio nije dosegnut. Ro\u0111en je 6. srpnja 1838. u Vara\u017edinu, u kojem je proveo kratak dio svoga \u017eivotnog i radnog vijeka. \u0160kolovao se u rodnom gradu i Zagrebu, a nakon zavr\u0161enog studija klasi\u010dne filologije u Be\u010du 1860. radio je kao profesor na zagreba\u010dkoj gimnaziji. Bio je profesor slavistike na sveu\u010dili\u0161tima u Odesi, Berlinu, Sankt-Peterburgu i od 1886. do umirovljenja 1908. u Be\u010du. Objavio je vi\u0161e od 700 radova i brojne stru\u010dno-znanstvene knjige, u Zagrebu je pokrenuo \u010dasopis Knji\u017eevnik, a u Berlinu Archiv f\u00fcr slavische Philologie, koji je ure\u0111ivao 45 godina. S 28 godina postao je \u010dlan tada\u0161nje Jugoslavenske, danas Hrvatske akademije znanosti i umjetnosti. Umro je 5. kolovoza 1923. u Be\u010du, a uz po\u010dasti je sahranjen na Gradskom groblju u Vara\u017edinu 12. kolovoza te godine.<\/p>\n\n\n\n<p>U fundusu GMV-a nalazi se zbirka s vi\u0161e od 660 predmeta iz Jagi\u0107eve ostav\u0161tine, sastavljena od rukopisa, tiskanih djela, odli\u010dja, osobnih predmeta, umjetni\u010dkih djela i fotografija, koje je najve\u0107im dijelom darovala njegova obitelj. Kao posebna cjelina, u stalnom postavu Kulturno-povijesnog odjela u Starom gradu ure\u0111ena je spomen-soba Vatroslava Jagi\u0107a, koja \u0107e uz obilje\u017eavanje 100. obljetnice smrti toga hrvatskog velikana biti trajno dopunjena jo\u0161 nekim predmetima iz zbirke njegove ostav\u0161tine. Autorica stru\u010dne koncepcije je Jelena Ran\u010di\u0107, kustosica u GMV-u.<\/p>\n\n\n\n<hr class=\"wp-block-separator\"\/>\n\n\n\n<p>Izvor:<\/p>\n\n\n\n<p><a href=\"https:\/\/www.facebook.com\/events\/996168574935239\/\">https:\/\/www.facebook.com\/events\/996168574935239\/<\/a><\/p>\n\n\n\n<hr class=\"wp-block-separator\"\/>\n","protected":false},"excerpt":{"rendered":"","protected":false},"author":2,"featured_media":37286,"comment_status":"open","ping_status":"open","sticky":false,"template":"","format":"standard","meta":{"_acf_changed":false,"jetpack_post_was_ever_published":false,"_jetpack_newsletter_access":"","_jetpack_dont_email_post_to_subs":false,"_jetpack_newsletter_tier_id":0,"_jetpack_memberships_contains_paywalled_content":false,"_jetpack_memberships_contains_paid_content":false,"footnotes":"","jetpack_publicize_message":"","jetpack_publicize_feature_enabled":true,"jetpack_social_post_already_shared":true,"jetpack_social_options":{"image_generator_settings":{"template":"highway","default_image_id":0,"font":"","enabled":false},"version":2}},"categories":[10,3],"tags":[],"class_list":["post-37285","post","type-post","status-publish","format-standard","has-post-thumbnail","hentry","category-izlozbe","category-novosti"],"acf":{"facebook_opis":""},"jetpack_publicize_connections":[],"jetpack_featured_media_url":"https:\/\/i0.wp.com\/historiografija.hr\/wp-content\/uploads\/2023\/09\/Jagic_izlozba.jpg?fit=1475%2C1024&ssl=1","jetpack_sharing_enabled":true,"jetpack-related-posts":[],"_links":{"self":[{"href":"https:\/\/historiografija.hr\/index.php?rest_route=\/wp\/v2\/posts\/37285","targetHints":{"allow":["GET"]}}],"collection":[{"href":"https:\/\/historiografija.hr\/index.php?rest_route=\/wp\/v2\/posts"}],"about":[{"href":"https:\/\/historiografija.hr\/index.php?rest_route=\/wp\/v2\/types\/post"}],"author":[{"embeddable":true,"href":"https:\/\/historiografija.hr\/index.php?rest_route=\/wp\/v2\/users\/2"}],"replies":[{"embeddable":true,"href":"https:\/\/historiografija.hr\/index.php?rest_route=%2Fwp%2Fv2%2Fcomments&post=37285"}],"version-history":[{"count":1,"href":"https:\/\/historiografija.hr\/index.php?rest_route=\/wp\/v2\/posts\/37285\/revisions"}],"predecessor-version":[{"id":37287,"href":"https:\/\/historiografija.hr\/index.php?rest_route=\/wp\/v2\/posts\/37285\/revisions\/37287"}],"wp:featuredmedia":[{"embeddable":true,"href":"https:\/\/historiografija.hr\/index.php?rest_route=\/wp\/v2\/media\/37286"}],"wp:attachment":[{"href":"https:\/\/historiografija.hr\/index.php?rest_route=%2Fwp%2Fv2%2Fmedia&parent=37285"}],"wp:term":[{"taxonomy":"category","embeddable":true,"href":"https:\/\/historiografija.hr\/index.php?rest_route=%2Fwp%2Fv2%2Fcategories&post=37285"},{"taxonomy":"post_tag","embeddable":true,"href":"https:\/\/historiografija.hr\/index.php?rest_route=%2Fwp%2Fv2%2Ftags&post=37285"}],"curies":[{"name":"wp","href":"https:\/\/api.w.org\/{rel}","templated":true}]}}