{"id":37280,"date":"2023-09-29T09:18:34","date_gmt":"2023-09-29T09:18:34","guid":{"rendered":"http:\/\/historiografija.hr\/?p=37280"},"modified":"2023-09-29T09:19:26","modified_gmt":"2023-09-29T09:19:26","slug":"promocija-zbornika-radova-o-stovanju-sv-jeronima-sanctus-hieronymus-stridone-parva-natus","status":"publish","type":"post","link":"https:\/\/historiografija.hr\/?p=37280","title":{"rendered":"Promocija zbornika radova o \u0161tovanju sv. Jeronima \u201eSanctus Hieronymus Stridone parva natus\u201c"},"content":{"rendered":"\n<p>Dana 2. listopada 2023. godine, u sklopu petih &#8220;Dana svetog Jeronima&#8221; u \u0160trigovi, s po\u010detkom u 18:00 sati u Domu kulture odr\u017eat \u0107e se sve\u010dana promocija zbornika radova o \u0161tovanju sv. Jeronima, Sanctus Hieronymus Stridone parva natus.<\/p>\n\n\n\n<p>Zbornik, za koji je radove pisalo osam znanstvenika iz Hrvatske, izlazi u nakladi Vara\u017edinske biskupije, Ogranka Matice hrvatske u \u010cakovcu, Centra za istra\u017eivanje Me\u0111imurja iz Murskog Sredi\u0161\u0107a i Centra za prou\u010davanje \u017eivota i djela sv. Jeronima \u201eHieronymianum&#8221; iz Splita. Zbornik \u0107e predstaviti prof. dr. sc. Ivan Bodro\u017ei\u0107, dr. sc. Andrea Rado\u0161evi\u0107 i doc. dr. sc. Tanja Baran.<\/p>\n\n\n\n<p>Detaljnije u prilo\u017eenoj pozivnici.<\/p>\n\n\n\n<div class=\"wp-block-file\"><a href=\"https:\/\/historiografija.hr\/wp-content\/uploads\/2023\/09\/sv-jeronim_pozivnica_web.pdf\">sv-jeronim_pozivnica_web<\/a><a href=\"https:\/\/historiografija.hr\/wp-content\/uploads\/2023\/09\/sv-jeronim_pozivnica_web.pdf\" class=\"wp-block-file__button\" download>Preuzmi<\/a><\/div>\n\n\n\n<hr class=\"wp-block-separator\"\/>\n\n\n\n<p><\/p>\n","protected":false},"excerpt":{"rendered":"","protected":false},"author":2,"featured_media":37281,"comment_status":"open","ping_status":"open","sticky":false,"template":"","format":"standard","meta":{"_acf_changed":false,"_jetpack_newsletter_access":"","_jetpack_dont_email_post_to_subs":false,"_jetpack_newsletter_tier_id":0,"_jetpack_memberships_contains_paywalled_content":false,"_jetpack_memberships_contains_paid_content":false,"footnotes":"","jetpack_publicize_message":"","jetpack_publicize_feature_enabled":true,"jetpack_social_post_already_shared":true,"jetpack_social_options":{"image_generator_settings":{"template":"highway","default_image_id":0,"font":"","enabled":false},"version":2},"jetpack_post_was_ever_published":false},"categories":[3],"tags":[],"class_list":["post-37280","post","type-post","status-publish","format-standard","has-post-thumbnail","hentry","category-novosti"],"acf":{"facebook_opis":""},"jetpack_publicize_connections":[],"jetpack_featured_media_url":"https:\/\/i0.wp.com\/historiografija.hr\/wp-content\/uploads\/2023\/09\/sv_jeronim.png?fit=680%2C340&ssl=1","jetpack_sharing_enabled":true,"jetpack-related-posts":[{"id":54364,"url":"https:\/\/historiografija.hr\/?p=54364","url_meta":{"origin":37280,"position":0},"title":"Zbornik radova \u201ePosljedice nestanka Bosanskoga Kraljevstva\u201c","author":"Filip \u0160imunjak","date":"29. lipnja 2026.","format":false,"excerpt":"U nakladi Sveu\u010dili\u0161ta u Mostaru i HKD Napredak Glavna podru\u017enica Mostar, uz partnersko sudjelovanje HKD Napredak Dubrovnik i HKD Napredak Split, ovih dana iz tiska je izi\u0161ao zbornik radova \u201ePosljedice nestanka Bosanskoga Kraljevstva\u201c. Ovo izdanje predstavlja jedno od najzna\u010dajnijih novijih djela posve\u0107enih tom va\u017enom prijelomnom razdoblju povijesti Bosne i Hercegovine\u2026","rel":"","context":"U &quot;Knjige&quot;","block_context":{"text":"Knjige","link":"https:\/\/historiografija.hr\/?cat=8"},"img":{"alt_text":"","src":"https:\/\/i0.wp.com\/historiografija.hr\/wp-content\/uploads\/2026\/06\/Naslovnica-i-korica-Zbornik.jpg?fit=1200%2C782&ssl=1&resize=350%2C200","width":350,"height":200,"srcset":"https:\/\/i0.wp.com\/historiografija.hr\/wp-content\/uploads\/2026\/06\/Naslovnica-i-korica-Zbornik.jpg?fit=1200%2C782&ssl=1&resize=350%2C200 1x, https:\/\/i0.wp.com\/historiografija.hr\/wp-content\/uploads\/2026\/06\/Naslovnica-i-korica-Zbornik.jpg?fit=1200%2C782&ssl=1&resize=525%2C300 1.5x, https:\/\/i0.wp.com\/historiografija.hr\/wp-content\/uploads\/2026\/06\/Naslovnica-i-korica-Zbornik.jpg?fit=1200%2C782&ssl=1&resize=700%2C400 2x, https:\/\/i0.wp.com\/historiografija.hr\/wp-content\/uploads\/2026\/06\/Naslovnica-i-korica-Zbornik.jpg?fit=1200%2C782&ssl=1&resize=1050%2C600 3x"},"classes":[]},{"id":53463,"url":"https:\/\/historiografija.hr\/?p=53463","url_meta":{"origin":37280,"position":1},"title":"Predstavljen je prvi svezak zbornika \u201cNovi prilozi za povijest hrvatske socijaldemokracije\u201d","author":"Branimir Jankovi\u0107","date":"19. svibnja 2026.","format":false,"excerpt":"U srijedu 6. svibnja 2026. u Knji\u017enici i \u010ditaonici Bogdana Ogrizovi\u0107a u Zagrebu u sklopu ovogodi\u0161njeg Kliofesta odr\u017eano je predstavljanje prvoga sveska zbornika Novi prilozi za povijest hrvatske socijaldemokracije urednika dr. sc. Matka Globa\u010dnika. Zbornik su predstavili recenzenti s Filozofskog fakulteta Sveu\u010dili\u0161ta u Zagrebu, dr. sc. Martin Previ\u0161i\u0107, red. prof.,\u2026","rel":"","context":"U &quot;Novosti&quot;","block_context":{"text":"Novosti","link":"https:\/\/historiografija.hr\/?cat=3"},"img":{"alt_text":"","src":"https:\/\/i0.wp.com\/historiografija.hr\/wp-content\/uploads\/2026\/05\/Kliofest-6_5_2026.jpg?fit=1030%2C633&ssl=1&resize=350%2C200","width":350,"height":200,"srcset":"https:\/\/i0.wp.com\/historiografija.hr\/wp-content\/uploads\/2026\/05\/Kliofest-6_5_2026.jpg?fit=1030%2C633&ssl=1&resize=350%2C200 1x, https:\/\/i0.wp.com\/historiografija.hr\/wp-content\/uploads\/2026\/05\/Kliofest-6_5_2026.jpg?fit=1030%2C633&ssl=1&resize=525%2C300 1.5x, https:\/\/i0.wp.com\/historiografija.hr\/wp-content\/uploads\/2026\/05\/Kliofest-6_5_2026.jpg?fit=1030%2C633&ssl=1&resize=700%2C400 2x"},"classes":[]},{"id":49679,"url":"https:\/\/historiografija.hr\/?p=49679","url_meta":{"origin":37280,"position":2},"title":"Novi &#8220;Podravski zbornik&#8221; (br. 51, 2025) u duhu velikih obljetnica","author":"Branimir Jankovi\u0107","date":"18. studenoga 2025.","format":false,"excerpt":"Muzej grada Koprivnice ve\u0107 tradicionalno, povodom Dana Grada, objavljuje i predstavlja Podravski zbornik \u2013 najdugovje\u010dniju ediciju ovog dijela Hrvatske. Od prvog broja 1975. godine, dosad je tiskano 50 izdanja, a od studenog u ruke \u010ditatelja je stigao i 51 broj. Uredni\u0161tvo pod vodstvom Vesne Per\u0161i\u0107 Kova\u010d radilo je u pro\u0161irenom\u2026","rel":"","context":"U &quot;\u010casopisi&quot;","block_context":{"text":"\u010casopisi","link":"https:\/\/historiografija.hr\/?cat=21"},"img":{"alt_text":"","src":"https:\/\/i0.wp.com\/historiografija.hr\/wp-content\/uploads\/2025\/11\/Podravski-zbornik.jpg?fit=875%2C720&ssl=1&resize=350%2C200","width":350,"height":200,"srcset":"https:\/\/i0.wp.com\/historiografija.hr\/wp-content\/uploads\/2025\/11\/Podravski-zbornik.jpg?fit=875%2C720&ssl=1&resize=350%2C200 1x, https:\/\/i0.wp.com\/historiografija.hr\/wp-content\/uploads\/2025\/11\/Podravski-zbornik.jpg?fit=875%2C720&ssl=1&resize=525%2C300 1.5x, https:\/\/i0.wp.com\/historiografija.hr\/wp-content\/uploads\/2025\/11\/Podravski-zbornik.jpg?fit=875%2C720&ssl=1&resize=700%2C400 2x"},"classes":[]},{"id":54750,"url":"https:\/\/historiografija.hr\/?p=54750","url_meta":{"origin":37280,"position":3},"title":"Alta voce et calamo acri: zbornik povodom sedamdesetog ro\u0111endana Mladena An\u010di\u0107a","author":"Branimir Jankovi\u0107","date":"22. srpnja 2026.","format":false,"excerpt":"Novo suizdanje Sveu\u010dili\u0161ta u Zadru i Hrvatske akademije znanosti i umjetnosti\u00a0Alta voce et calamo acri: zbornik povodom sedamdesetog ro\u0111endana Mladena An\u010di\u0107a urednika Ante Brali\u0107a, Nikole Markulina, Antuna Neki\u0107a i Tomislava Popi\u0107a. U nakladi Sveu\u010dili\u0161ta u Zadru i sunakladni\u0161tvu Hrvatske akademije znanosti i umjetnosti tiskan je zbornik znanstvenih radova \u201eAlta voce\u2026","rel":"","context":"U &quot;Knjige&quot;","block_context":{"text":"Knjige","link":"https:\/\/historiografija.hr\/?cat=8"},"img":{"alt_text":"","src":"https:\/\/i0.wp.com\/historiografija.hr\/wp-content\/uploads\/2026\/07\/zbornik-Ancic.jpg?fit=420%2C600&ssl=1&resize=350%2C200","width":350,"height":200},"classes":[]},{"id":54829,"url":"https:\/\/historiografija.hr\/?p=54829","url_meta":{"origin":37280,"position":4},"title":"Jak\u0161a Ragu\u017e, Slaven Ru\u017ei\u0107, &#8220;SPECIJALNA JEDINICA POLICIJE \u201eGROF\u201c POLICIJSKE UPRAVE DUBROVNIK U DOMOVINSKOM RATU 1991. \u2013 1996.&#8221;","author":"Branimir Jankovi\u0107","date":"28. srpnja 2026.","format":false,"excerpt":"Autori: dr. sc. Jak\u0161a Ragu\u017e, dr. sc. Slaven Ru\u017ei\u0107 Udruga Specijalne jedinice policije \u201eGrof\u201c Dubrovnik, Hrvatski institut za povijest, Hrvatski memorijalno-dokumentacijski centar Domovinskog rata, Dubrovnik \u2013 Zagreb, 2026. U Dubrovniku je 5. svibnja 2026. odr\u017eana promocija znanstvene monografije \u201eSpecijalna jedinica policije Grof Policijske uprave Dubrovnik u Domovinskom ratu 1991.-1996., autora\u2026","rel":"","context":"U &quot;Knjige&quot;","block_context":{"text":"Knjige","link":"https:\/\/historiografija.hr\/?cat=8"},"img":{"alt_text":"","src":"https:\/\/i0.wp.com\/historiografija.hr\/wp-content\/uploads\/2026\/07\/Grof.jpg?fit=845%2C1200&ssl=1&resize=350%2C200","width":350,"height":200,"srcset":"https:\/\/i0.wp.com\/historiografija.hr\/wp-content\/uploads\/2026\/07\/Grof.jpg?fit=845%2C1200&ssl=1&resize=350%2C200 1x, https:\/\/i0.wp.com\/historiografija.hr\/wp-content\/uploads\/2026\/07\/Grof.jpg?fit=845%2C1200&ssl=1&resize=525%2C300 1.5x, https:\/\/i0.wp.com\/historiografija.hr\/wp-content\/uploads\/2026\/07\/Grof.jpg?fit=845%2C1200&ssl=1&resize=700%2C400 2x"},"classes":[]},{"id":52578,"url":"https:\/\/historiografija.hr\/?p=52578","url_meta":{"origin":37280,"position":5},"title":"Poziv za sudjelovanje: XXII. Dani Julija Bene\u0161i\u0107a u Iloku","author":"Branimir Jankovi\u0107","date":"21. travnja 2026.","format":false,"excerpt":"Zavod za lingvisti\u010dka istra\u017eivanja Hrvatske akademije znanosti i umjetnosti, zajedno s Muzejom grada Iloka, organizira XXII. Dane Julija Bene\u0161i\u0107a, koji \u0107e se odr\u017eati od 28. do 30. listopada 2026. u Iloku.\u00a0Teme ovogodi\u0161njih Dana podijeljene su u dvije cjeline: Knji\u017eevno-jezikoslovni d\u00ecv\u0101n s Bene\u0161i\u0107em te Ilok i Srijem u povijesnim stalnicama i\u2026","rel":"","context":"U &quot;Novosti&quot;","block_context":{"text":"Novosti","link":"https:\/\/historiografija.hr\/?cat=3"},"img":{"alt_text":"","src":"https:\/\/i0.wp.com\/historiografija.hr\/wp-content\/uploads\/2019\/10\/HE2_Benesic.jpg?fit=413%2C591&ssl=1&resize=350%2C200","width":350,"height":200},"classes":[]}],"_links":{"self":[{"href":"https:\/\/historiografija.hr\/index.php?rest_route=\/wp\/v2\/posts\/37280","targetHints":{"allow":["GET"]}}],"collection":[{"href":"https:\/\/historiografija.hr\/index.php?rest_route=\/wp\/v2\/posts"}],"about":[{"href":"https:\/\/historiografija.hr\/index.php?rest_route=\/wp\/v2\/types\/post"}],"author":[{"embeddable":true,"href":"https:\/\/historiografija.hr\/index.php?rest_route=\/wp\/v2\/users\/2"}],"replies":[{"embeddable":true,"href":"https:\/\/historiografija.hr\/index.php?rest_route=%2Fwp%2Fv2%2Fcomments&post=37280"}],"version-history":[{"count":2,"href":"https:\/\/historiografija.hr\/index.php?rest_route=\/wp\/v2\/posts\/37280\/revisions"}],"predecessor-version":[{"id":37284,"href":"https:\/\/historiografija.hr\/index.php?rest_route=\/wp\/v2\/posts\/37280\/revisions\/37284"}],"wp:featuredmedia":[{"embeddable":true,"href":"https:\/\/historiografija.hr\/index.php?rest_route=\/wp\/v2\/media\/37281"}],"wp:attachment":[{"href":"https:\/\/historiografija.hr\/index.php?rest_route=%2Fwp%2Fv2%2Fmedia&parent=37280"}],"wp:term":[{"taxonomy":"category","embeddable":true,"href":"https:\/\/historiografija.hr\/index.php?rest_route=%2Fwp%2Fv2%2Fcategories&post=37280"},{"taxonomy":"post_tag","embeddable":true,"href":"https:\/\/historiografija.hr\/index.php?rest_route=%2Fwp%2Fv2%2Ftags&post=37280"}],"curies":[{"name":"wp","href":"https:\/\/api.w.org\/{rel}","templated":true}]}}