{"id":37277,"date":"2023-09-29T09:09:45","date_gmt":"2023-09-29T09:09:45","guid":{"rendered":"http:\/\/historiografija.hr\/?p=37277"},"modified":"2023-09-29T09:09:45","modified_gmt":"2023-09-29T09:09:45","slug":"godisnji-znanstveni-skup-hrvatskog-arheoloskog-drustva-tisucljeca-medu-rijekama-arheologija-medurjecja","status":"publish","type":"post","link":"https:\/\/historiografija.hr\/?p=37277","title":{"rendered":"Godi\u0161nji znanstveni skup Hrvatskog arheolo\u0161kog dru\u0161tva &#8220;TISU\u0106LJE\u0106A ME\u0110U RIJEKAMA \u2013 ARHEOLOGIJA ME\u0110URJE\u010cJA&#8221;"},"content":{"rendered":"\n<p>Godi\u0161nji znanstveni skup Hrvatskog arheolo\u0161kog dru\u0161tva TISU\u0106LJE\u0106A ME\u0110U RIJEKAMA \u2013 ARHEOLOGIJA ME\u0110URJE\u010cJA odr\u017eat \u0107e se u Belom Manastiru od 2. do 6. listopada 2023. godine.<\/p>\n\n\n\n<p>U sklopu znanstvenog skupa odr\u017eat \u0107e se i Sve\u010dano uru\u010denje nagrada Hrvatskog arheolo\u0161kog dru\u0161tva za 2021. godinu i otvorenje dvije izlo\u017ebe.<\/p>\n\n\n\n<p>Ove godine Arheolo\u0161ki muzej u Zagrebu suorganizator je znanstvenog skupa Hrvatskog arheolo\u0161kog dru\u0161tva uz Centar za kulturu grada Belog Manastira, Etnolo\u0161ki centar baranjske ba\u0161tine, Arheolo\u0161ki muzeja Osijek i Institut za arheologiju.<\/p>\n\n\n\n<hr class=\"wp-block-separator\"\/>\n\n\n\n<p><strong>Znanstveni skup<\/strong><\/p>\n\n\n\n<p><strong>TISU\u0106LJE\u0106A ME\u0110U RIJEKAMA \u2013 ARHEOLOGIJA ME\u0110URJE\u010cJA<\/strong><\/p>\n\n\n\n<p><strong>2. &#8211; 6. 10. 2023.<\/strong><\/p>\n\n\n\n<p><a href=\"https:\/\/www.amz.hr\/media\/h0spxgst\/knjiga-sazetaka-znanstvenog-skupa-hada-u-belom-manastiru-2023.pdf\"><strong>Preuzmite knjigu sa\u017eetaka i program godi\u0161njeg znanstvenog skupa Hrvatskog arheolo\u0161kog dru\u0161tva<\/strong><\/a><\/p>\n\n\n\n<p>Sudionici znanstvenog skupa TISU\u0106LJE\u0106A ME\u0110U RIJEKAMA \u2013 ARHEOLOGIJA ME\u0110URJE\u010cJA u svojim izlaganjima dat \u0107e pregled rezultata najnovijih za\u0161titnih i sustavnih arheolo\u0161kih istra\u017eivanja, te tako\u0111er i multidisciplinarnih istra\u017eivanja, zatim izdava\u010dke i izlo\u017ebene djelatnosti.<\/p>\n\n\n\n<p>Iz programa izdvajamo predavanje Liminal zones, bottleneck and a new core area: the spread of farmers and the birth of the Central European Neolithic, koje \u0107e odr\u017eati Eszter Banffy, predsjednica Europskog arheolo\u0161kog dru\u0161tva u utorak, 3. listopada, s po\u010detkom u 18.30 sati u Etnolo\u0161kom centru baranjske ba\u0161tine u Belom Manastiru. Te tako\u0111er, promociju publikacije Arheolo\u0161ka istra\u017eivanja bjelovarsko-bilogorske \u017eupanije i okolnih krajeva u nakladi Hrvatskog arheolo\u0161kog dru\u0161tva i Jazz koncert izvo\u0111a\u010da Zrinke Bari\u0107 na violon\u010delu i Gorana Juri\u0107a na gitari koje \u0107e se odr\u017eati u srijedu 4. listopada s po\u010detkom u 20 sati u Etnolo\u0161kom centru baranjske ba\u0161tine u Belom Manastiru<\/p>\n\n\n\n<hr class=\"wp-block-separator\"\/>\n\n\n\n<p><strong>Sve\u010dano uru\u010denje nagrada Hrvatskog arheolo\u0161kog dru\u0161tva za 2021. godinu i otvorenje dvije izlo\u017ebe<\/strong><\/p>\n\n\n\n<p><strong>5. 10. 2023.<\/strong><\/p>\n\n\n\n<p><strong>Arheolo\u0161ki muzej Osijek<\/strong><\/p>\n\n\n\n<p><strong>Trg Sv. Trojstva 2<\/strong><\/p>\n\n\n\n<p><strong>Osijek<\/strong><\/p>\n\n\n\n<p>Kao dio programa godi\u0161njeg znanstvenog skupa Hrvatskog arheolo\u0161kog dru\u0161tva TISU\u0106LJE\u0106A ME\u0110U RIJEKAMA \u2013 ARHEOLOGIJA ME\u0110URJE\u010cJA u Arheolo\u0161kom muzeju u Osijeku u \u010detvrtak, 5. listopada, s po\u010detkom u 17 sati odr\u017eat \u0107e se sve\u010dano uru\u010denje Nagrada Hrvatskog arheolo\u0161kog dru\u0161tva za 2021. godinu. Nagrada Hrvatskog arheolo\u0161kog dru\u0161tva \u201cDon \u0160ime Ljubi\u0107\u201d za rad u Dru\u0161tvu dodjeljuje se dr. sc. Bruni Kunti\u0107 Makvi\u0107. Godi\u0161nje nagrade \u201eJosip Brun\u0161mid\u201c dobivaju: dr. sc. Mate Parica za monografiju Prapovijesne maritimne konstrukcije Dalmacije i Kvarnera te dr. sc. Ina Miloglav za popularizaciju arheologije u zemlji i svijetu za organizaciju konferencije METARH \u2013 Methodology and Archaeometry.<\/p>\n\n\n\n<p>Nakon dodjele nagrada u Arheolo\u0161kom muzeju Osijek, s po\u010detkom u 19 sati odr\u017eat \u0107e se sve\u010dano otvorenje dvije izlo\u017ebe <em>Tisu\u0107lje\u0107a me\u0111u rijekama \u2013 arheologija me\u0111urje\u010dja<\/em>. <em>Najnovija arheolo\u0161ka istra\u017eivanja na podru\u010dju Baranje i Arheologija iz zraka<\/em>.<\/p>\n\n\n\n<p>Baranjski kraj prebogat je arheolo\u0161kom ba\u0161tinom i svjedo\u010di kontinuitet u ovim krajevima nastanjenim od mla\u0111eg kamenog doba. U me\u0111urije\u010dju Save, Drave i Dunava je posljednjih 15tak godina u sklopu velikih infrastrukturnih projekata izvr\u0161en veliki broj\u00a0 za\u0161titnih arheolo\u0161kih istra\u017eivanja. Tako\u0111er, uz podr\u0161ku Ministarstva kulture i medija, istra\u017eivanje Dunavskog limesa je postavljeno kao strate\u0161ki projekt u sklopu nominacije \u201eGranice Rimskoga Carstva \u2013 spomenik svjetske ba\u0161tine\u201c na UNESCO listu svjetske ba\u0161tine. Izuzetno zna\u010dajan i kontinuiran rad brojnih arheologa potaknula su Hrvatsko arheolo\u0161ko dru\u0161tvo da se u 2023. godini skup Dru\u0161tva, po prvi puta odr\u017ei u Belom Manastiru.<\/p>\n\n\n\n<hr class=\"wp-block-separator\"\/>\n\n\n\n<p>Izvor:<\/p>\n\n\n\n<p><a href=\"https:\/\/www.amz.hr\/hr\/dogadanja\/godisnji-znanstveni-skup-hrvatskog-arheoloskog-drustva-u-belom-manastiru\/\">https:\/\/www.amz.hr\/hr\/dogadanja\/godisnji-znanstveni-skup-hrvatskog-arheoloskog-drustva-u-belom-manastiru\/<\/a><\/p>\n\n\n\n<hr class=\"wp-block-separator\"\/>\n","protected":false},"excerpt":{"rendered":"","protected":false},"author":2,"featured_media":37278,"comment_status":"open","ping_status":"open","sticky":false,"template":"","format":"standard","meta":{"_acf_changed":false,"jetpack_post_was_ever_published":false,"_jetpack_newsletter_access":"","_jetpack_dont_email_post_to_subs":false,"_jetpack_newsletter_tier_id":0,"_jetpack_memberships_contains_paywalled_content":false,"_jetpack_memberships_contains_paid_content":false,"footnotes":"","jetpack_publicize_message":"","jetpack_publicize_feature_enabled":true,"jetpack_social_post_already_shared":true,"jetpack_social_options":{"image_generator_settings":{"template":"highway","default_image_id":0,"font":"","enabled":false},"version":2}},"categories":[3,9],"tags":[],"class_list":["post-37277","post","type-post","status-publish","format-standard","has-post-thumbnail","hentry","category-novosti","category-skupovi"],"acf":{"facebook_opis":""},"jetpack_publicize_connections":[],"jetpack_featured_media_url":"https:\/\/i0.wp.com\/historiografija.hr\/wp-content\/uploads\/2023\/09\/jezero-s-drvecem-bez-lisca-na-obali-nenad-milic-autor-fotografije.jpg?fit=250%2C341&ssl=1","jetpack_sharing_enabled":true,"jetpack-related-posts":[],"_links":{"self":[{"href":"https:\/\/historiografija.hr\/index.php?rest_route=\/wp\/v2\/posts\/37277","targetHints":{"allow":["GET"]}}],"collection":[{"href":"https:\/\/historiografija.hr\/index.php?rest_route=\/wp\/v2\/posts"}],"about":[{"href":"https:\/\/historiografija.hr\/index.php?rest_route=\/wp\/v2\/types\/post"}],"author":[{"embeddable":true,"href":"https:\/\/historiografija.hr\/index.php?rest_route=\/wp\/v2\/users\/2"}],"replies":[{"embeddable":true,"href":"https:\/\/historiografija.hr\/index.php?rest_route=%2Fwp%2Fv2%2Fcomments&post=37277"}],"version-history":[{"count":1,"href":"https:\/\/historiografija.hr\/index.php?rest_route=\/wp\/v2\/posts\/37277\/revisions"}],"predecessor-version":[{"id":37279,"href":"https:\/\/historiografija.hr\/index.php?rest_route=\/wp\/v2\/posts\/37277\/revisions\/37279"}],"wp:featuredmedia":[{"embeddable":true,"href":"https:\/\/historiografija.hr\/index.php?rest_route=\/wp\/v2\/media\/37278"}],"wp:attachment":[{"href":"https:\/\/historiografija.hr\/index.php?rest_route=%2Fwp%2Fv2%2Fmedia&parent=37277"}],"wp:term":[{"taxonomy":"category","embeddable":true,"href":"https:\/\/historiografija.hr\/index.php?rest_route=%2Fwp%2Fv2%2Fcategories&post=37277"},{"taxonomy":"post_tag","embeddable":true,"href":"https:\/\/historiografija.hr\/index.php?rest_route=%2Fwp%2Fv2%2Ftags&post=37277"}],"curies":[{"name":"wp","href":"https:\/\/api.w.org\/{rel}","templated":true}]}}