{"id":37271,"date":"2023-09-28T18:34:35","date_gmt":"2023-09-28T18:34:35","guid":{"rendered":"http:\/\/historiografija.hr\/?p=37271"},"modified":"2023-09-28T18:34:35","modified_gmt":"2023-09-28T18:34:35","slug":"josip-mlakic-izgaranje","status":"publish","type":"post","link":"https:\/\/historiografija.hr\/?p=37271","title":{"rendered":"Josip Mlaki\u0107, \u201eIzgaranje\u201c"},"content":{"rendered":"\n<p>Svako ekstremno zbivanje iz \u010dovjeka izvla\u010di ono najdublje skriveno u njemu \u2013 dobro ili zlo, ponekad oboje, no uvijek \u0107e ga promijeniti, i to trajno, tako da \u0107e posljedice \u010desto osje\u0107ati i sljede\u0107e generacije. Najnoviji roman Josipa Mlaki\u0107a <em>Izgaranje<\/em> pripovijeda o posljedicama rata i pora\u0107a, o \u017eivotu nekolicine momaka \u010diji je svijet stubokom promijenjen kada su istrgnuti iz svakodnevice i ba\u010deni na rati\u0161te. Strahove, nadanja i stradanja nosit \u0107e sa sobom jo\u0161 dugo nakon \u0161to se vratio mir ili ono \u0161to se mirom naziva. U <em>Izgaranju<\/em> se kao u Altmanovim Kratkim rezovima ili Austerovu Dimu kroz niz fragmenata postupno stvara jedan svijet; ovdje je to svijet bosanskoga gradi\u0107a. Autenti\u010dni, filmski Mlaki\u0107evi junaci kroz sekvence donose stvarno&#8211;nestvarnu fresku u kojoj se pokazuje da \u017eivot jest ve\u0107i od knji\u017eevnosti, no da ga samo knji\u017eevnost mo\u017ee to\u010dno i precizno opisati. <em>Izgaranje<\/em> je netipi\u010dan mali veliki roman o ratu, a knji\u017eevno oko Josipa Mlaki\u0107a, poput najbolje filmske kamere, ni\u0161ta ne prepu\u0161ta slu\u010daju.<\/p>\n\n\n\n<p>\u201cRat je jo\u0161 trajao, iako je bilo jasno da se bli\u017ei kraju. Ta nas je izvjesnost na neki na\u010din i pla\u0161ila, bez obzira na to \u0161to nismo pretjerano ni razmi\u0161ljali o tome. Najednom se pred nama ukazala budu\u0107nost, na koju smo, dok je trajao rat, privremeno zaboravili, kao neka tiha i prigu\u0161ena prijetnja. Najgore je bilo pro\u0161lo: sada vi\u0161e nismo ratovali u svom gradu, tu je vladao mir, ve\u0107 smo odlazili autobusima na rati\u0161te pedesetak kilometara dalje, prema Srbima. Dan-dva prije vratili smo se iz \u0160ipova, sa smjene, i sve to vrijeme bjesomu\u010dno pili.\u201d<\/p>\n\n\n\n<hr class=\"wp-block-separator\"\/>\n\n\n\n<p>Datum izdanja: rujan 2023.<\/p>\n\n\n\n<p>Broj stranica: 176<\/p>\n\n\n\n<hr class=\"wp-block-separator\"\/>\n\n\n\n<p>Izvor:<\/p>\n\n\n\n<p><a href=\"https:\/\/fraktura.hr\/izgaranje.html\">https:\/\/fraktura.hr\/izgaranje.html<\/a><\/p>\n\n\n\n<hr class=\"wp-block-separator\"\/>\n","protected":false},"excerpt":{"rendered":"","protected":false},"author":2,"featured_media":37272,"comment_status":"open","ping_status":"open","sticky":false,"template":"","format":"standard","meta":{"_acf_changed":false,"jetpack_post_was_ever_published":false,"_jetpack_newsletter_access":"","_jetpack_dont_email_post_to_subs":false,"_jetpack_newsletter_tier_id":0,"_jetpack_memberships_contains_paywalled_content":false,"_jetpack_memberships_contains_paid_content":false,"footnotes":"","jetpack_publicize_message":"","jetpack_publicize_feature_enabled":true,"jetpack_social_post_already_shared":true,"jetpack_social_options":{"image_generator_settings":{"template":"highway","default_image_id":0,"font":"","enabled":false},"version":2}},"categories":[3,12],"tags":[],"class_list":["post-37271","post","type-post","status-publish","format-standard","has-post-thumbnail","hentry","category-novosti","category-knjizevnost"],"acf":{"facebook_opis":""},"jetpack_publicize_connections":[],"jetpack_featured_media_url":"https:\/\/i0.wp.com\/historiografija.hr\/wp-content\/uploads\/2023\/09\/izgaranje.jpg?fit=410%2C610&ssl=1","jetpack_sharing_enabled":true,"jetpack-related-posts":[],"_links":{"self":[{"href":"https:\/\/historiografija.hr\/index.php?rest_route=\/wp\/v2\/posts\/37271","targetHints":{"allow":["GET"]}}],"collection":[{"href":"https:\/\/historiografija.hr\/index.php?rest_route=\/wp\/v2\/posts"}],"about":[{"href":"https:\/\/historiografija.hr\/index.php?rest_route=\/wp\/v2\/types\/post"}],"author":[{"embeddable":true,"href":"https:\/\/historiografija.hr\/index.php?rest_route=\/wp\/v2\/users\/2"}],"replies":[{"embeddable":true,"href":"https:\/\/historiografija.hr\/index.php?rest_route=%2Fwp%2Fv2%2Fcomments&post=37271"}],"version-history":[{"count":1,"href":"https:\/\/historiografija.hr\/index.php?rest_route=\/wp\/v2\/posts\/37271\/revisions"}],"predecessor-version":[{"id":37273,"href":"https:\/\/historiografija.hr\/index.php?rest_route=\/wp\/v2\/posts\/37271\/revisions\/37273"}],"wp:featuredmedia":[{"embeddable":true,"href":"https:\/\/historiografija.hr\/index.php?rest_route=\/wp\/v2\/media\/37272"}],"wp:attachment":[{"href":"https:\/\/historiografija.hr\/index.php?rest_route=%2Fwp%2Fv2%2Fmedia&parent=37271"}],"wp:term":[{"taxonomy":"category","embeddable":true,"href":"https:\/\/historiografija.hr\/index.php?rest_route=%2Fwp%2Fv2%2Fcategories&post=37271"},{"taxonomy":"post_tag","embeddable":true,"href":"https:\/\/historiografija.hr\/index.php?rest_route=%2Fwp%2Fv2%2Ftags&post=37271"}],"curies":[{"name":"wp","href":"https:\/\/api.w.org\/{rel}","templated":true}]}}