{"id":37267,"date":"2023-09-28T18:28:05","date_gmt":"2023-09-28T18:28:05","guid":{"rendered":"http:\/\/historiografija.hr\/?p=37267"},"modified":"2023-09-28T18:28:05","modified_gmt":"2023-09-28T18:28:05","slug":"6-berliner-herbstsalon-2023-lost-you-go-slavia","status":"publish","type":"post","link":"https:\/\/historiografija.hr\/?p=37267","title":{"rendered":"6. Berliner Herbstsalon 2023: LOST \u2013 YOU GO SLAVIA"},"content":{"rendered":"\n<p>After Russia\u2019s attack on all of Ukraine on February 24th, 2022, again and again the talk was of the first war in Europe since 1945. What? Didn\u2019t we forget something? Our friends and colleagues from the former Yugoslavia rubbed their eyes in disbelief, and those of us who can, and want to, remember still have the names Osijek, Vukovar, Srebrenica, Sarajevo and Omarska ringing in our ears, just as we cannot get the names Bucha, Irpin, Cherson, Bakhmut und Mariupol out of our heads today. But isn\u2019t that view again too Eurocentric? Aren&#8217;t much more global questions at play right now? What to do? How to face all the crises at home and around the world? These questions for the 6. Berliner Herbstsalon were already in the air during the prologue in spring: <em>GEZ\u0130 \u2013 TEN YEARS AFTER<\/em>. Now, in the second part, <em>LOST \u2013 YOU GO SLAVIA<\/em>, we take a look at what the bloody dissolution of Yugoslavia has to do with our present. State structures don\u2019t just simply fall apart. That is what we saw 30 years ago, what we saw in Georgia in 2008, 2011 in Sudan and what we have seen in Ukraine since 2014. And what do our politics, our history, our ignorance have to do with all of that?<br><br>Curated by <strong>Shermin Langhoff &amp; Oliver Frlji\u0107 with Johannes Kirsten<\/strong> Co-Curator <strong>Erden Kosova<\/strong> Assistant Curator <strong>Gabriela Seith<\/strong> Scenography <strong>Pia Gr\u00fcter\u00a0<\/strong>Curatorial Assistance <strong>Nele Lindemann, Theresa Welge\u00a0<\/strong>Scenography Assistant<strong>\u00a0Alice Faucher,\u00a0Ronja Bendel, Ruby Wisdom<\/strong><br><br><em>Gef\u00f6rdert aus Mitteln des Landes Berlin, Senatsverwaltung f\u00fcr Kultur und Gesellschaftlichen Zusammenhalt.<\/em><br><br><em>\u00a9\u00a0Mladen Stilinovi\u0107: Pjevaj! (Sing!), 1980. By courtesy of Branka Stipan\u010di\u0107<\/em><\/p>\n\n\n\n<hr class=\"wp-block-separator\"\/>\n\n\n\n<p>ER\u00d6FFNUNG \/ OPENING (28\/29\/30\/September)<\/p>\n\n\n\n<p>Ausstellungen \/ Exhibitions<\/p>\n\n\n\n<p>Gastspiele \/ Guest Performances<\/p>\n\n\n\n<p>Theater \/ Premieren<\/p>\n\n\n\n<p>Cinema<\/p>\n\n\n\n<p>TALKS\/LECTURE \/\/ PERFORMANCE \/\/ OTHER FORMATS<\/p>\n\n\n\n<hr class=\"wp-block-separator\"\/>\n\n\n\n<p><a href=\"https:\/\/www.gorki.de\/en\/lost\">https:\/\/www.gorki.de\/en\/lost<\/a><\/p>\n\n\n\n<hr class=\"wp-block-separator\"\/>\n","protected":false},"excerpt":{"rendered":"","protected":false},"author":2,"featured_media":37268,"comment_status":"open","ping_status":"open","sticky":false,"template":"","format":"standard","meta":{"_acf_changed":false,"jetpack_post_was_ever_published":false,"_jetpack_newsletter_access":"","_jetpack_dont_email_post_to_subs":false,"_jetpack_newsletter_tier_id":0,"_jetpack_memberships_contains_paywalled_content":false,"_jetpack_memberships_contains_paid_content":false,"footnotes":"","jetpack_publicize_message":"","jetpack_publicize_feature_enabled":true,"jetpack_social_post_already_shared":true,"jetpack_social_options":{"image_generator_settings":{"template":"highway","default_image_id":0,"font":"","enabled":false},"version":2}},"categories":[13,10,22,3],"tags":[],"class_list":["post-37267","post","type-post","status-publish","format-standard","has-post-thumbnail","hentry","category-filmovi-i-serije","category-izlozbe","category-kazalisne-predstave","category-novosti"],"acf":{"facebook_opis":""},"jetpack_publicize_connections":[],"jetpack_featured_media_url":"https:\/\/i0.wp.com\/historiografija.hr\/wp-content\/uploads\/2023\/09\/Mladen_Stilinovic.png?fit=1200%2C1600&ssl=1","jetpack_sharing_enabled":true,"jetpack-related-posts":[],"_links":{"self":[{"href":"https:\/\/historiografija.hr\/index.php?rest_route=\/wp\/v2\/posts\/37267","targetHints":{"allow":["GET"]}}],"collection":[{"href":"https:\/\/historiografija.hr\/index.php?rest_route=\/wp\/v2\/posts"}],"about":[{"href":"https:\/\/historiografija.hr\/index.php?rest_route=\/wp\/v2\/types\/post"}],"author":[{"embeddable":true,"href":"https:\/\/historiografija.hr\/index.php?rest_route=\/wp\/v2\/users\/2"}],"replies":[{"embeddable":true,"href":"https:\/\/historiografija.hr\/index.php?rest_route=%2Fwp%2Fv2%2Fcomments&post=37267"}],"version-history":[{"count":1,"href":"https:\/\/historiografija.hr\/index.php?rest_route=\/wp\/v2\/posts\/37267\/revisions"}],"predecessor-version":[{"id":37269,"href":"https:\/\/historiografija.hr\/index.php?rest_route=\/wp\/v2\/posts\/37267\/revisions\/37269"}],"wp:featuredmedia":[{"embeddable":true,"href":"https:\/\/historiografija.hr\/index.php?rest_route=\/wp\/v2\/media\/37268"}],"wp:attachment":[{"href":"https:\/\/historiografija.hr\/index.php?rest_route=%2Fwp%2Fv2%2Fmedia&parent=37267"}],"wp:term":[{"taxonomy":"category","embeddable":true,"href":"https:\/\/historiografija.hr\/index.php?rest_route=%2Fwp%2Fv2%2Fcategories&post=37267"},{"taxonomy":"post_tag","embeddable":true,"href":"https:\/\/historiografija.hr\/index.php?rest_route=%2Fwp%2Fv2%2Ftags&post=37267"}],"curies":[{"name":"wp","href":"https:\/\/api.w.org\/{rel}","templated":true}]}}