{"id":37256,"date":"2023-09-27T08:49:37","date_gmt":"2023-09-27T08:49:37","guid":{"rendered":"http:\/\/historiografija.hr\/?p=37256"},"modified":"2023-09-28T18:30:57","modified_gmt":"2023-09-28T18:30:57","slug":"socijalizam-na-klupi-predstavljanja-knjiga-projekta-mikrosocijalizam","status":"publish","type":"post","link":"https:\/\/historiografija.hr\/?p=37256","title":{"rendered":"\u201eSocijalizam na klupi\u201c: Predstavljanja knjiga projekta \u201eMikrosocijalizam\u201c"},"content":{"rendered":"\n<p>Na \u0160estom me\u0111unarodnom znanstvenom skupu <a href=\"https:\/\/www.unipu.hr\/ckpis\/socijalizam_na_klupi\/2023\" target=\"_blank\" rel=\"noreferrer noopener\">Socijalizam na klupi<\/a>, koji se odr\u017eava u Puli od 28. do 30. rujna 2023., bit \u0107e po prvi put predstavljene knjige koje su rezultat rada na istra\u017eiva\u010dkom projektu <a href=\"https:\/\/www.unipu.hr\/ckpis\/mikrosocijalizam\" target=\"_blank\" rel=\"noreferrer noopener\">Mikrosocijalizam<\/a> koji je od 2018. do 2023. financirala Hrvatska zaklada za znanost (HRZZ).<\/p>\n\n\n\n<p>Knjige su objavljene u rujnu 2023. kao suizdanje Srednje Europe iz Zagreba i Sveu\u010dili\u0161ta Jurja Dobrile u Puli, u Biblioteci CeKaPISarnica sveu\u010dili\u0161nog Centra za kulturolo\u0161ka i povijesna istra\u017eivanja socijalizma. <a href=\"https:\/\/www.unipu.hr\/ckpis\/mikrosocijalizam\/radovi\">Vi\u0161e o izdanjima<\/a> mogu\u0107e je pro\u010ditati na stranicama projekta.<\/p>\n\n\n\n<p>U <strong>\u010detvrtak, 28. rujna, u 18.30<\/strong> sati bit \u0107e predstavljen zbornik <em>Mikrosocijalizam. Mikrostrukture jugoslavenskoga socijalizma u Hrvatskoj 1970-ih i 1980-ih<\/em> koji je uredio Igor Duda. O zborniku \u0107e govoriti recenzent Goran Musi\u0107 (Sveu\u010dili\u0161te u Be\u010du), Damir Agi\u010di\u0107 kao izdava\u010d, autori poglavlja Chiara Bonfiglioli, Anita Buhin, Tina Filipovi\u0107, Magdalena Najbar-Agi\u010di\u0107 i Sa\u0161a Vejzagi\u0107 te Igor Duda kao autor dvaju poglavlja i urednik.<\/p>\n\n\n\n<p>Dan kasnije, u <strong>petak, 29. rujna, u 19.00<\/strong> sati predstavlja se znanstvena monografija <em>Socijalizam na ku\u0107nom pragu. Mjesna zajednica i svakodnevica dru\u0161tvenog samoupravljanja u Jugoslaviji,<\/em> \u010detvrta autorska knjiga Igora Dude, voditelja projekta Mikrosocijalizam. U promociji sudjeluju recenzentice Ivana Dobrivojevi\u0107 Tomi\u0107 (Institut za suvremenu povijest, Beograd) i Tanja Petrovi\u0107 (ZRC Slovenske akademije znanosti i umjetnosti, Ljubljana), Damir Agi\u010di\u0107 uime izdava\u010da te autor knjige.<\/p>\n\n\n\n<p>Mjesto odr\u017eavanja obje promocije je dvorana Pula na <strong>Fakultetu ekonomije i turizma<\/strong> Dr. Mijo Mirkovi\u0107, Pula, Preradovi\u0107eva 1 (novija zgrada). Doga\u0111aji su otvoreni za javnost i svi ste dobrodo\u0161li!<\/p>\n\n\n\n<hr class=\"wp-block-separator\"\/>\n\n\n\n<p>Izvori i dodatne obavijesti:<\/p>\n\n\n\n<p><a href=\"https:\/\/www.unipu.hr\/ckpis\/obavijesti?@=2fg9e#news_107528\">https:\/\/www.unipu.hr\/ckpis\/obavijesti?@=2fg9e#news_107528<\/a><\/p>\n\n\n\n<figure class=\"wp-block-embed-wordpress wp-block-embed is-type-wp-embed is-provider-srednja-europa\"><div class=\"wp-block-embed__wrapper\">\n<blockquote class=\"wp-embedded-content\" data-secret=\"t3OqGRYelw\"><a href=\"https:\/\/srednja-europa.hr\/dogadaji\/pula-28-rujna-2023-predstavljanje-knjige-mikrosocijalizam-mikrostrukture-jugoslavenskoga-socijalizma-u-hrvatskoj-1970-ih-i-1980-ih\/\">Pula, 28. rujna 2023. \u2013 Predstavljanje knjige Mikrosocijalizam. Mikrostrukture jugoslavenskoga socijalizma u Hrvatskoj 1970-ih i 1980-ih<\/a><\/blockquote><iframe loading=\"lazy\" class=\"wp-embedded-content\" sandbox=\"allow-scripts\" security=\"restricted\" style=\"position: absolute; clip: rect(1px, 1px, 1px, 1px);\" title=\"&#8220;Pula, 28. rujna 2023. \u2013 Predstavljanje knjige Mikrosocijalizam. Mikrostrukture jugoslavenskoga socijalizma u Hrvatskoj 1970-ih i 1980-ih&#8221; &#8212; Srednja Europa\" src=\"https:\/\/srednja-europa.hr\/dogadaji\/pula-28-rujna-2023-predstavljanje-knjige-mikrosocijalizam-mikrostrukture-jugoslavenskoga-socijalizma-u-hrvatskoj-1970-ih-i-1980-ih\/embed\/#?secret=t3OqGRYelw\" data-secret=\"t3OqGRYelw\" width=\"600\" height=\"338\" frameborder=\"0\" marginwidth=\"0\" marginheight=\"0\" scrolling=\"no\"><\/iframe>\n<\/div><\/figure>\n\n\n\n<figure class=\"wp-block-embed-wordpress wp-block-embed is-type-wp-embed is-provider-srednja-europa\"><div class=\"wp-block-embed__wrapper\">\n<blockquote class=\"wp-embedded-content\" data-secret=\"v64pZVWt0E\"><a href=\"https:\/\/srednja-europa.hr\/dogadaji\/pula-29-rujna-2023-predstavljanje-knjige-socijalizam-na-kucnom-pragu-mjesna-zajednica-i-svakodnevica-drustvenog-samoupravljanja-u-jugoslaviji-igor-duda\/\">Pula, 29. rujna 2023. \u2013 Predstavljanje knjige Socijalizam na ku\u0107nom pragu. Mjesna zajednica i svakodnevica dru\u0161tvenog samoupravljanja u Jugoslaviji, Igor Duda<\/a><\/blockquote><iframe loading=\"lazy\" class=\"wp-embedded-content\" sandbox=\"allow-scripts\" security=\"restricted\" style=\"position: absolute; clip: rect(1px, 1px, 1px, 1px);\" title=\"&#8220;Pula, 29. rujna 2023. \u2013 Predstavljanje knjige Socijalizam na ku\u0107nom pragu. Mjesna zajednica i svakodnevica dru\u0161tvenog samoupravljanja u Jugoslaviji, Igor Duda&#8221; &#8212; Srednja Europa\" src=\"https:\/\/srednja-europa.hr\/dogadaji\/pula-29-rujna-2023-predstavljanje-knjige-socijalizam-na-kucnom-pragu-mjesna-zajednica-i-svakodnevica-drustvenog-samoupravljanja-u-jugoslaviji-igor-duda\/embed\/#?secret=v64pZVWt0E\" data-secret=\"v64pZVWt0E\" width=\"600\" height=\"338\" frameborder=\"0\" marginwidth=\"0\" marginheight=\"0\" scrolling=\"no\"><\/iframe>\n<\/div><\/figure>\n\n\n\n<p><a href=\"https:\/\/historiografija.ba\/article.php?id=1926\">https:\/\/historiografija.ba\/article.php?id=1926<\/a><\/p>\n\n\n\n<p><a href=\"https:\/\/historiografija.ba\/article.php?id=1928\">https:\/\/historiografija.ba\/article.php?id=1928<\/a><\/p>\n\n\n\n<hr class=\"wp-block-separator\"\/>\n\n\n\n<p><\/p>\n","protected":false},"excerpt":{"rendered":"","protected":false},"author":2,"featured_media":37257,"comment_status":"open","ping_status":"open","sticky":false,"template":"","format":"standard","meta":{"_acf_changed":false,"_jetpack_newsletter_access":"","_jetpack_dont_email_post_to_subs":false,"_jetpack_newsletter_tier_id":0,"_jetpack_memberships_contains_paywalled_content":false,"_jetpack_memberships_contains_paid_content":false,"footnotes":"","jetpack_publicize_message":"","jetpack_publicize_feature_enabled":true,"jetpack_social_post_already_shared":true,"jetpack_social_options":{"image_generator_settings":{"template":"highway","default_image_id":0,"font":"","enabled":false},"version":2},"jetpack_post_was_ever_published":false},"categories":[3],"tags":[],"class_list":["post-37256","post","type-post","status-publish","format-standard","has-post-thumbnail","hentry","category-novosti"],"acf":{"facebook_opis":""},"jetpack_publicize_connections":[],"jetpack_featured_media_url":"https:\/\/i0.wp.com\/historiografija.hr\/wp-content\/uploads\/2023\/09\/MZ-Mikro-novo.png?fit=1280%2C720&ssl=1","jetpack_sharing_enabled":true,"jetpack-related-posts":[{"id":54081,"url":"https:\/\/historiografija.hr\/?p=54081","url_meta":{"origin":37256,"position":0},"title":"Promocija knjige Ankice \u010cakardi\u0107 &#8220;Dionizijski socijalizam Praksis \u0161kole&#8221;","author":"Branimir Jankovi\u0107","date":"15. lipnja 2026.","format":false,"excerpt":"Utorak, 16. lipnja 2026. u 19:00 sati Knji\u017eara Fraktura (Ulica kneza Mislava 17, Zagreb) Sudjeluju: Ankica \u010cakardi\u0107, Nade\u017eda \u010ca\u010dinovi\u010d, Ana Maskalan Moderira: Roman Simi\u0107 Studija Dionizijski socijalizam Praksis \u0161kole Ankice \u010cakardi\u0107 po mnogo\u010demu je pionirski pothvat \u2013 prva detaljna rekonstrukcija jednoga od najuzbudljivijih poglavlja intelektualne povijesti socijalizma. No istinski novum\u2026","rel":"","context":"U &quot;Novosti&quot;","block_context":{"text":"Novosti","link":"https:\/\/historiografija.hr\/?cat=3"},"img":{"alt_text":"","src":"https:\/\/i0.wp.com\/historiografija.hr\/wp-content\/uploads\/2026\/06\/dionizijski-socijalizam-praksis-skole-ankica-cakardic.jpg?fit=768%2C662&ssl=1&resize=350%2C200","width":350,"height":200,"srcset":"https:\/\/i0.wp.com\/historiografija.hr\/wp-content\/uploads\/2026\/06\/dionizijski-socijalizam-praksis-skole-ankica-cakardic.jpg?fit=768%2C662&ssl=1&resize=350%2C200 1x, https:\/\/i0.wp.com\/historiografija.hr\/wp-content\/uploads\/2026\/06\/dionizijski-socijalizam-praksis-skole-ankica-cakardic.jpg?fit=768%2C662&ssl=1&resize=525%2C300 1.5x, https:\/\/i0.wp.com\/historiografija.hr\/wp-content\/uploads\/2026\/06\/dionizijski-socijalizam-praksis-skole-ankica-cakardic.jpg?fit=768%2C662&ssl=1&resize=700%2C400 2x"},"classes":[]},{"id":53902,"url":"https:\/\/historiografija.hr\/?p=53902","url_meta":{"origin":37256,"position":1},"title":"Poziv za sudjelovanje na skupu &#8220;Commissioners, Artists, and the Public in the Cities of Central Europe (16th\u2013mid-19th centuries)&#8221;","author":"Filip \u0160imunjak","date":"2. lipnja 2026.","format":false,"excerpt":"U zavr\u0161noj godini projekta Modeli naru\u010diteljstva: Naru\u010ditelji, umjetnici i publika u Zagrebu u 17. i dugom 18. stolje\u0107u, koji financira Hrvatska zaklada za znanost (IP-2022-10-3190, voditelj projekta prof.dr.sc. Dubravka Botica), najavljujemo me\u0111unarodnu konferenciju Commissioners, Artists, and the Public in the Cities of Central Europe(16th\u2013mid-19th centuries).\u00a0Konferencija se organizira u suradnji s\u2026","rel":"","context":"U &quot;Novosti&quot;","block_context":{"text":"Novosti","link":"https:\/\/historiografija.hr\/?cat=3"},"img":{"alt_text":"","src":"https:\/\/i0.wp.com\/historiografija.hr\/wp-content\/uploads\/2026\/06\/Modenar.webp?fit=894%2C400&ssl=1&resize=350%2C200","width":350,"height":200,"srcset":"https:\/\/i0.wp.com\/historiografija.hr\/wp-content\/uploads\/2026\/06\/Modenar.webp?fit=894%2C400&ssl=1&resize=350%2C200 1x, https:\/\/i0.wp.com\/historiografija.hr\/wp-content\/uploads\/2026\/06\/Modenar.webp?fit=894%2C400&ssl=1&resize=525%2C300 1.5x, https:\/\/i0.wp.com\/historiografija.hr\/wp-content\/uploads\/2026\/06\/Modenar.webp?fit=894%2C400&ssl=1&resize=700%2C400 2x"},"classes":[]},{"id":54140,"url":"https:\/\/historiografija.hr\/?p=54140","url_meta":{"origin":37256,"position":2},"title":"Objavljen zbornik \u201cInterregional Mobilities in (Post)Ottoman Contexts: The Cases of Slavonia and Bosnia\u201d","author":"Branimir Jankovi\u0107","date":"17. lipnja 2026.","format":false,"excerpt":"Me\u0111unarodni nakladnik Brill Deutschland | V&Runipress upravo je objavio zbornik na engleskom jeziku pod naslovom\u201cInterregional Mobilities in (Post)Ottoman Contexts: The Cases of Slavonia and Bosnia\u201d, \u010diji su urednici Dino Mujad\u017eevi\u0107, Markus Koller i Stefan Rohdewald. Ovaj zbornik na 476 stranica nastao je u okviru kolaborativnog projekta koji je financirala Zaklada\u2026","rel":"","context":"U &quot;Knjige&quot;","block_context":{"text":"Knjige","link":"https:\/\/historiografija.hr\/?cat=8"},"img":{"alt_text":"","src":"https:\/\/i0.wp.com\/historiografija.hr\/wp-content\/uploads\/2019\/10\/Hrvatska-povijest-iz-godine-u-godinu.jpg?resize=350%2C200&ssl=1","width":350,"height":200},"classes":[]},{"id":55035,"url":"https:\/\/historiografija.hr\/?p=55035","url_meta":{"origin":37256,"position":3},"title":"12. Doktorska radionica: Socijalizam i more","author":"Branimir Jankovi\u0107","date":"20. kolovoza 2026.","format":false,"excerpt":"Na Sveu\u010dili\u0161tu Jurja Dobrile u Puli od 26. do 29. kolovoza 2026. odr\u017eat \u0107e se 12. Doktorska radionica \"Socijalizam i more \/ Socialism and the Sea\". Program i dodatne obavijesti: https:\/\/www.unipu.hr\/ckpis\/doktorska_radionica\/2026 https:\/\/www.unipu.hr\/ckpis\/en\/doctoral_workshop\/2026","rel":"","context":"U &quot;Novosti&quot;","block_context":{"text":"Novosti","link":"https:\/\/historiografija.hr\/?cat=3"},"img":{"alt_text":"","src":"https:\/\/i0.wp.com\/historiografija.hr\/wp-content\/uploads\/2026\/08\/radionica26.png?fit=1200%2C675&ssl=1&resize=350%2C200","width":350,"height":200,"srcset":"https:\/\/i0.wp.com\/historiografija.hr\/wp-content\/uploads\/2026\/08\/radionica26.png?fit=1200%2C675&ssl=1&resize=350%2C200 1x, https:\/\/i0.wp.com\/historiografija.hr\/wp-content\/uploads\/2026\/08\/radionica26.png?fit=1200%2C675&ssl=1&resize=525%2C300 1.5x, https:\/\/i0.wp.com\/historiografija.hr\/wp-content\/uploads\/2026\/08\/radionica26.png?fit=1200%2C675&ssl=1&resize=700%2C400 2x, https:\/\/i0.wp.com\/historiografija.hr\/wp-content\/uploads\/2026\/08\/radionica26.png?fit=1200%2C675&ssl=1&resize=1050%2C600 3x"},"classes":[]},{"id":53197,"url":"https:\/\/historiografija.hr\/?p=53197","url_meta":{"origin":37256,"position":4},"title":"Predstavljanje knjige Tvrtka Bo\u017ei\u0107a \u201eKr\u010dani u fa\u0161isti\u010dkim, nacisti\u010dkim i usta\u0161kim zatvorima i logorima 1941. \u2013 1945.\u201c","author":"Filip \u0160imunjak","date":"13. svibnja 2026.","format":false,"excerpt":"Predstavljanje knjige Kr\u010dani u fa\u0161isti\u010dkim, nacisti\u010dkim i usta\u0161kim zatvorima i logorima 1941. - 1945., autora Tvrtka Bo\u017ei\u0107a, odr\u017eat \u0107e se 15. svibnja 2026. godine u prostorijama Saveza antifa\u0161isti\u010dkih boraca i antifa\u0161ista Republike Hrvatske u Zagrebu (Pavla Hatza 16). Knjiga\u00a0Kr\u010dani u fa\u0161isti\u010dkim, nacisti\u010dkim i usta\u0161kim zatvorima i logorima 1941. \u2013 1945.\u2026","rel":"","context":"U &quot;Novosti&quot;","block_context":{"text":"Novosti","link":"https:\/\/historiografija.hr\/?cat=3"},"img":{"alt_text":"","src":"https:\/\/i0.wp.com\/historiografija.hr\/wp-content\/uploads\/2026\/05\/Krcani-u-fasistickim-Featured-scaled.webp?fit=933%2C1200&ssl=1&resize=350%2C200","width":350,"height":200,"srcset":"https:\/\/i0.wp.com\/historiografija.hr\/wp-content\/uploads\/2026\/05\/Krcani-u-fasistickim-Featured-scaled.webp?fit=933%2C1200&ssl=1&resize=350%2C200 1x, https:\/\/i0.wp.com\/historiografija.hr\/wp-content\/uploads\/2026\/05\/Krcani-u-fasistickim-Featured-scaled.webp?fit=933%2C1200&ssl=1&resize=525%2C300 1.5x, https:\/\/i0.wp.com\/historiografija.hr\/wp-content\/uploads\/2026\/05\/Krcani-u-fasistickim-Featured-scaled.webp?fit=933%2C1200&ssl=1&resize=700%2C400 2x"},"classes":[]},{"id":54825,"url":"https:\/\/historiografija.hr\/?p=54825","url_meta":{"origin":37256,"position":5},"title":"Katalog izlo\u017ebe \u201eHrvatsko prolje\u0107e (1971. \u2013 2021.)\u201c","author":"Branimir Jankovi\u0107","date":"28. srpnja 2026.","format":false,"excerpt":"Katalog izlo\u017ebe \u201eHrvatsko prolje\u0107e (1971. \u2013 2021.)\u201c autora Dinka \u010cuture, koja je odr\u017eana od 15. lipnja do 15. rujna 2021. u Francuskom paviljonu Studentskog centra u Zagrebu, donosi presjek doga\u0111anja koji su zahvatili Hrvatsku kasnih \u0161ezdesetih i po\u010detkom sedamdesetih godina. Nazvan hrvatskim prolje\u0107em, pokret je nasilno ugu\u0161en, ali i postao\u2026","rel":"","context":"U &quot;Izlo\u017ebe&quot;","block_context":{"text":"Izlo\u017ebe","link":"https:\/\/historiografija.hr\/?cat=10"},"img":{"alt_text":"","src":"https:\/\/i0.wp.com\/historiografija.hr\/wp-content\/uploads\/2026\/07\/Hrvatsko-proljece-2.jpg?fit=1200%2C849&ssl=1&resize=350%2C200","width":350,"height":200,"srcset":"https:\/\/i0.wp.com\/historiografija.hr\/wp-content\/uploads\/2026\/07\/Hrvatsko-proljece-2.jpg?fit=1200%2C849&ssl=1&resize=350%2C200 1x, https:\/\/i0.wp.com\/historiografija.hr\/wp-content\/uploads\/2026\/07\/Hrvatsko-proljece-2.jpg?fit=1200%2C849&ssl=1&resize=525%2C300 1.5x, https:\/\/i0.wp.com\/historiografija.hr\/wp-content\/uploads\/2026\/07\/Hrvatsko-proljece-2.jpg?fit=1200%2C849&ssl=1&resize=700%2C400 2x, https:\/\/i0.wp.com\/historiografija.hr\/wp-content\/uploads\/2026\/07\/Hrvatsko-proljece-2.jpg?fit=1200%2C849&ssl=1&resize=1050%2C600 3x"},"classes":[]}],"_links":{"self":[{"href":"https:\/\/historiografija.hr\/index.php?rest_route=\/wp\/v2\/posts\/37256","targetHints":{"allow":["GET"]}}],"collection":[{"href":"https:\/\/historiografija.hr\/index.php?rest_route=\/wp\/v2\/posts"}],"about":[{"href":"https:\/\/historiografija.hr\/index.php?rest_route=\/wp\/v2\/types\/post"}],"author":[{"embeddable":true,"href":"https:\/\/historiografija.hr\/index.php?rest_route=\/wp\/v2\/users\/2"}],"replies":[{"embeddable":true,"href":"https:\/\/historiografija.hr\/index.php?rest_route=%2Fwp%2Fv2%2Fcomments&post=37256"}],"version-history":[{"count":2,"href":"https:\/\/historiografija.hr\/index.php?rest_route=\/wp\/v2\/posts\/37256\/revisions"}],"predecessor-version":[{"id":37270,"href":"https:\/\/historiografija.hr\/index.php?rest_route=\/wp\/v2\/posts\/37256\/revisions\/37270"}],"wp:featuredmedia":[{"embeddable":true,"href":"https:\/\/historiografija.hr\/index.php?rest_route=\/wp\/v2\/media\/37257"}],"wp:attachment":[{"href":"https:\/\/historiografija.hr\/index.php?rest_route=%2Fwp%2Fv2%2Fmedia&parent=37256"}],"wp:term":[{"taxonomy":"category","embeddable":true,"href":"https:\/\/historiografija.hr\/index.php?rest_route=%2Fwp%2Fv2%2Fcategories&post=37256"},{"taxonomy":"post_tag","embeddable":true,"href":"https:\/\/historiografija.hr\/index.php?rest_route=%2Fwp%2Fv2%2Ftags&post=37256"}],"curies":[{"name":"wp","href":"https:\/\/api.w.org\/{rel}","templated":true}]}}