{"id":37246,"date":"2023-09-26T08:51:29","date_gmt":"2023-09-26T08:51:29","guid":{"rendered":"http:\/\/historiografija.hr\/?p=37246"},"modified":"2023-09-27T09:12:54","modified_gmt":"2023-09-27T09:12:54","slug":"pozivno-pismo-sedmi-kongres-hrvatskih-povjesnicara-osijek-2024","status":"publish","type":"post","link":"https:\/\/historiografija.hr\/?p=37246","title":{"rendered":"Poziv za prijavu &#8211; Sedmi kongres hrvatskih povjesni\u010dara Osijek 2024."},"content":{"rendered":"\n<p>Hrvatski nacionalni odbor za povijesne znanosti (HNOPZ) priprema VII. kongres hrvatskih povjesni\u010dara koji \u0107e se odr\u017eati u Osijeku od 25. do 28. rujna 2024. godine. Tema je kongresa <strong><em>Zemlja <\/em><\/strong>\u2013 kao izravan poticaj i prilog razumijevanju prostora na kome se odr\u017eava, a to je po prvi puta Slavonija, Srijem i Baranja.<\/p>\n\n\n\n<p>Na kongresu \u0107e biti predstavljeni rezultati razli\u010ditih aspekata povijesnih istra\u017eivanja kroz sva vremenska razdoblja. Posebno se pozivaju sudionici kongresa da prijave izlaganja na teme vezane uz odnos \u010dovjeka i zemlje: primjerice, vlasni\u010dki odnosi, gospodarenje zemljom, ekolo\u0161ki aspekti, zemlja kao motiv umjetnosti i sl. Na dosada\u0161njim kongresima povjesni\u010dara poticali smo interdisciplinarnost, pa pozivamo na sudjelovanje i pripadnike drugih struka, etnologije, povijesti umjetnosti, arheologije, filologije i dr.<\/p>\n\n\n\n<p>Uz Hrvatski nacionalni odbor za povijesne znanosti kao glavni organizatori ovoga kongresa su Dru\u0161tvo za hrvatsku povjesnicu (Zagreb), Hrvatski institut za povijest \u2013 Podru\u017enica za povijest Slavonije, Srijema i Baranje (Slavonski Brod) te doma\u0107in Filozofski fakultet Sveu\u010dili\u0161ta Josipa Jurja Strossmayera u Osijeku \u2013 Odsjek za povijest.<\/p>\n\n\n\n<p>Svi zainteresirani za sudjelovanje i izlaganje na VII. kongresu hrvatskih povjesni\u010dara trebaju se prijaviti izravno Organizacijskom odboru. Postoje\u0107e se kongresne sekcije mogu i sada organizirati samostalno te njihovi voditelji mogu prijaviti Organizacijskom odboru cjelovit program.<\/p>\n\n\n\n<p>Kao i na na\u0161im prethodnim kongresima, rad \u0107e biti organiziran u sekcijama i plenarno.<\/p>\n\n\n\n<p>Molim Vas da prijedlog teme svoga referata s podacima i afilijacijom o autoru, uz sa\u017eetak do 400 rije\u010di, po\u0161aljete izv. prof. dr. sc. Tomislavu Galovi\u0107u, tajniku HNOPZ-a i predsjedniku Organizacijskog odbora VII. kongresa hrvatskih povjesni\u010dara, na e-mail adresu: <a href=\"mailto:7.kongres.hnopz@gmail.com\">7.kongres.hnopz@gmail.com<\/a> do 31. sije\u010dnja 2024. godine.<\/p>\n\n\n\n<p>Prijave se primaju isklju\u010divo elektroni\u010dkom po\u0161tom i nakon prijave \u0107ete dobiti potvrdu primitka teme i sa\u017eetka, a nakon evaluacije i potvrdu o prihva\u0107anju izlaganja.<\/p>\n\n\n\n<p>Kotizacija za sudjelovanje na kongresu iznosi&nbsp;<strong>75,00 eura<\/strong>&nbsp;za sudionike kojima kotizaciju pla\u0107a institucija,&nbsp;<strong>50,00 eura<\/strong>&nbsp;za sudionike koji kotizaciju pla\u0107aju sami te&nbsp;<strong>25,00 eura&nbsp;<\/strong>za studente preddiplomskih i diplomskih studija te nezaposlene doktorande, nezaposlene i umirovljenike. Sudionicima kongresa, osnovno\u0161kolskim i srednjo\u0161kolskim nastavnicima koji budu pratili kongresna izlaganja i svim drugim zainteresiranim izdavat \u0107e se potvrde o sudjelovanju.<\/p>\n\n\n\n<p>Organizatori ne snose tro\u0161kove puta i boravka.<\/p>\n\n\n\n<p>Molimo Vas da ovu obavijest proslijedite svima za koje mislite da mogu biti zainteresirani za sudjelovanje na kongresu.<\/p>\n\n\n\n<p>U nadi da \u0107emo se vidjeti na VII. kongresu hrvatskih povjesni\u010dara u Osijeku, srda\u010dno Vas pozdravljam!<\/p>\n\n\n\n<p><em>prof. dr. sc. Damir Agi\u010di\u0107,<\/em><\/p>\n\n\n\n<p><em>predsjednik HNOPZ-a i predsjednik Znanstvenog odbora<\/em><\/p>\n\n\n\n<hr class=\"wp-block-separator\"\/>\n","protected":false},"excerpt":{"rendered":"","protected":false},"author":2,"featured_media":0,"comment_status":"open","ping_status":"open","sticky":false,"template":"","format":"standard","meta":{"_acf_changed":false,"jetpack_post_was_ever_published":false,"_jetpack_newsletter_access":"","_jetpack_dont_email_post_to_subs":false,"_jetpack_newsletter_tier_id":0,"_jetpack_memberships_contains_paywalled_content":false,"_jetpack_memberships_contains_paid_content":false,"footnotes":"","jetpack_publicize_message":"","jetpack_publicize_feature_enabled":true,"jetpack_social_post_already_shared":true,"jetpack_social_options":{"image_generator_settings":{"template":"highway","default_image_id":0,"font":"","enabled":false},"version":2}},"categories":[4,9],"tags":[],"class_list":["post-37246","post","type-post","status-publish","format-standard","hentry","category-osvrti","category-skupovi"],"acf":{"facebook_opis":""},"jetpack_publicize_connections":[],"jetpack_featured_media_url":"","jetpack_sharing_enabled":true,"jetpack-related-posts":[],"_links":{"self":[{"href":"https:\/\/historiografija.hr\/index.php?rest_route=\/wp\/v2\/posts\/37246","targetHints":{"allow":["GET"]}}],"collection":[{"href":"https:\/\/historiografija.hr\/index.php?rest_route=\/wp\/v2\/posts"}],"about":[{"href":"https:\/\/historiografija.hr\/index.php?rest_route=\/wp\/v2\/types\/post"}],"author":[{"embeddable":true,"href":"https:\/\/historiografija.hr\/index.php?rest_route=\/wp\/v2\/users\/2"}],"replies":[{"embeddable":true,"href":"https:\/\/historiografija.hr\/index.php?rest_route=%2Fwp%2Fv2%2Fcomments&post=37246"}],"version-history":[{"count":2,"href":"https:\/\/historiografija.hr\/index.php?rest_route=\/wp\/v2\/posts\/37246\/revisions"}],"predecessor-version":[{"id":37262,"href":"https:\/\/historiografija.hr\/index.php?rest_route=\/wp\/v2\/posts\/37246\/revisions\/37262"}],"wp:attachment":[{"href":"https:\/\/historiografija.hr\/index.php?rest_route=%2Fwp%2Fv2%2Fmedia&parent=37246"}],"wp:term":[{"taxonomy":"category","embeddable":true,"href":"https:\/\/historiografija.hr\/index.php?rest_route=%2Fwp%2Fv2%2Fcategories&post=37246"},{"taxonomy":"post_tag","embeddable":true,"href":"https:\/\/historiografija.hr\/index.php?rest_route=%2Fwp%2Fv2%2Ftags&post=37246"}],"curies":[{"name":"wp","href":"https:\/\/api.w.org\/{rel}","templated":true}]}}