{"id":37243,"date":"2023-09-26T08:48:53","date_gmt":"2023-09-26T08:48:53","guid":{"rendered":"http:\/\/historiografija.hr\/?p=37243"},"modified":"2023-09-26T08:48:53","modified_gmt":"2023-09-26T08:48:53","slug":"znanstveni-skup-susreti-na-dragom-kamenu-tragom-mije-mirkovica","status":"publish","type":"post","link":"https:\/\/historiografija.hr\/?p=37243","title":{"rendered":"Znanstveni skup \u201cSusreti na dragom kamenu\u201c &#8211; Tragom Mije Mirkovi\u0107a"},"content":{"rendered":"\n<p>Znanstveni skup Susreti na dragom kamenu \u201eTragom Mije Mirkovi\u0107a \u2013 Od uzroka ekonomskog zaostajanja do integracije u suvremeno dru\u0161tvo\u201d odr\u017eat \u0107e se u Puli i Raklju, 27. i 28. rujna 2023. pod pokroviteljstvom Hrvatske akademije znanosti i umjetnosti, Razreda za dru\u0161tvene znanosti. Skup se odr\u017eava u suorganizaciji Razreda za dru\u0161tvene znanosti HAZU i Zavoda za povijesne i dru\u0161tvene znanosti HAZU u Rijeci s Podru\u010dnom jedinicom u Puli, Fakulteta ekonomije i turizma \u201cDr. Mijo Mirkovi\u0107\u201d i Filozofskog fakulteta Sveu\u010dili\u0161ta Jurja Dobrile u Puli, Ekonomskog fakulteta Sveu\u010dili\u0161ta u Zagrebu, Ekonomskog fakulteta Sveu\u010dili\u0161ta u Splitu, Ekonomskog fakulteta Sveu\u010dili\u0161ta u Rijeci, Ekonomskog fakulteta Sveu\u010dili\u0161ta u Osijeku, Odjela za ekonomiju Sveu\u010dili\u0161ta u Zadru, Odjela za ekonomiju i poslovnu ekonomiju Sveu\u010dili\u0161ta u Dubrovniku, Fakulteta za menad\u017ement u turizmu i hotelijerstvu Opatija, Instituta za razvoj i me\u0111unarodne odnose, Hrvatskog dru\u0161tva ekonomista, Istarskog povijesnog dru\u0161tva, \u010cakavskog sabora, Istarske \u017eupanije i Op\u0107ine Mar\u010dana.<\/p>\n\n\n\n<p><strong>Prvi dan skupa, 27. rujna u Puli, s po\u010detkom u 9 sati na FET \u201eDr. Mijo Mirkovi\u0107\u201c (dvorana Pula, Preradovi\u0107eva 1\/1) odr\u017eat \u0107e se znanstveni dio skupa<\/strong> s ukupno 25 izlaganja: uz tri plenarna izlaganja uglednih stru\u010dnjaka (program u prilogu) bit \u0107e predstavljena i 22 rada znanstvenika i stru\u010dnjaka koji se bave raznim aspektima Mirkovi\u0107eva stvarala\u0161tva i aktualnim razvojnim izazovima, tragom Mije Mirkovi\u0107a. Uz prigodnu izlo\u017ebu u Sveu\u010dili\u0161noj knji\u017enici, na konferenciji bit \u0107e predstavljena i ostav\u0161tina Mije Mirkovi\u0107a iz njegove Spomen-sobe, a zavi\u010dajnim temama i mogu\u0107nostima revalorizacije naslje\u0111a Mije Mirkovi\u0107a\/Mate Balote kroz zavi\u010dajnu nastavu i razvoj tematskih ruta nastavljamo se baviti <strong>drugi dan skupa, 28. rujna, uz prigodan kulturni program u Raklju<\/strong>. Sudionicima skupa doma\u0107ini iz O\u0160 Vladimira Nazora Krnica predstavit \u0107e projekt zavi\u010dajne nastave \u201eOsluhni zavi\u010daj \u2013 zove te pramali\u0107e\u201c, inspiriran \u017eivotom i djelom Mije Mirkovi\u0107a, a uz studente pulskog Sveu\u010dili\u0161ta koji su kreirali kulturnu rutu \u201eTragom Mije Mirkovi\u0107a\u201c pridru\u017eit \u0107e im se i u\u010denici \u0161kola Mate Balota iz Pore\u010da i Buja, Ekonomske \u0161kole Pula, kao i O\u0160 Tone Peru\u0161ka te KUD Mate Balota Rakalj.<\/p>\n\n\n\n<p>Mnogostranim Mirkovi\u0107evim stvarala\u0161tvom bavio se ponajvi\u0161e znanstveni skup Susreti na dragom kamenu, na kojemu su u trideset godina rada, od 1968. do 2001., kad je tiskan posljednji od 22 sveska zbornika, obra\u0111eni klju\u010dni aspekti njegova znanstvenog, publicisti\u010dkog i knji\u017eevnog djela, ali i problematika razvojnih i integracijskih procesa Istre i \u0161ire regije. U \u017eelji da revaloriziramo Mirkovi\u0107evo djelo u aktualnom globalnom kontekstu, FET \u201eDr. Mijo Mirkovi\u0107\u201c s partnerskim institucijama obnovio je Susrete, a ovogodi\u0161nji \u0107e se skup odr\u017eati povodom 125. godi\u0161njice ro\u0111enja Mije Mirkovi\u0107a, 27. i 28. rujna 2023. Konferencija tematski pokriva razli\u010dite aspekte Mirkovi\u0107eva znanstvenoga, publicisti\u010dkog i knji\u017eevnog djela te razvojnih procesa Istre i \u0161ire regije.<\/p>\n\n\n\n<p>Akademik Mijo Mirkovi\u0107 (28. 9. 1898. \u2013 17. 2. 1963.), znameniti istarski znanstvenik i polihistor, utemeljitelj moderne ekonomske znanosti i pokreta\u010d ve\u0107ine ekonomskih fakulteta i znanstvenih instituta u Hrvatskoj (i \u0161iroj regiji), ekonomist i sociolog, kulturni i ekonomski povjesni\u010dar, velik dio svog bogatog i raznorodnog znanstvenog opusa posvetio je problemima gospodarskog razvoja i izazovima optimalnog kori\u0161tenja razvojnog potencijala regije rje\u0161avanjem uzroka razvojnih pote\u0161ko\u0107a. Uz doprinos razvoju sustava ekonomskih politika, posebno agrarne i prometne politike te promi\u0161ljanju odnosa makroekonomske regulacije i tr\u017ei\u0161ta, kao i ekonomske strukture nacionalne privrede i ekonomske politike, bitni su prilozi vezani za povijest ekonomske misli i gospodarsku povijest Hrvatske.<\/p>\n\n\n\n<p>Iz egzilne pozicije anga\u017eiranog intelektualca, svestrani je Istranin, u nastojanju da sa\u010duva i afirmira najugro\u017eenije elemente kulturnog identiteta svog zavi\u010daja, kroz najraznovrsnije knji\u017eevne, publicisti\u010dke i znanstvene \u017eanrove na jedinstven na\u010din artikulirao i \u201einventarizirao\u201c autenti\u010dan doprinos kulturne tradicije Istre europskoj civilizaciji. Pitanje odnosa tradicije i modernosti, kulturnog identiteta i razvoja, uzroka gospodarskog zaostajanja i razvojnih potencijala, koje se nametnulo i kao klju\u010dni problem suvremene europske sociolo\u0161ke i ekonomske misli, pratilo ga je kroz bogatu znanstvenu karijeru, od doktorske disertacije obranjene u Frankfurtu 1923. (Glavni uzroci gospodarske zaostalosti slavenskih naroda).<\/p>\n\n\n\n<hr class=\"wp-block-separator\"\/>\n\n\n\n<p>Izvori i program:<\/p>\n\n\n\n<figure class=\"wp-block-embed-wordpress wp-block-embed is-type-wp-embed is-provider-hazu\"><div class=\"wp-block-embed__wrapper\">\n<blockquote class=\"wp-embedded-content\" data-secret=\"BxoQAnFheK\"><a href=\"https:\/\/www.info.hazu.hr\/2023\/09\/znanstveni-skup-susreti-na-dragom-kamenu-tragom-mije-mirkovica\/\">Znanstveni skup Susreti na dragom kamenu \u201eTragom Mije Mirkovi\u0107a&#8221;<\/a><\/blockquote><iframe loading=\"lazy\" class=\"wp-embedded-content\" sandbox=\"allow-scripts\" security=\"restricted\" style=\"position: absolute; clip: rect(1px, 1px, 1px, 1px);\" title=\"&#8220;Znanstveni skup Susreti na dragom kamenu \u201eTragom Mije Mirkovi\u0107a&#8221;&#8221; &#8212; HAZU\" src=\"https:\/\/www.info.hazu.hr\/2023\/09\/znanstveni-skup-susreti-na-dragom-kamenu-tragom-mije-mirkovica\/embed\/#?secret=BxoQAnFheK\" data-secret=\"BxoQAnFheK\" width=\"600\" height=\"338\" frameborder=\"0\" marginwidth=\"0\" marginheight=\"0\" scrolling=\"no\"><\/iframe>\n<\/div><\/figure>\n\n\n\n<figure class=\"wp-block-embed-wordpress wp-block-embed is-type-wp-embed is-provider-istarsko-povijesno-drustvo-societa-storica-istriana\"><div class=\"wp-block-embed__wrapper\">\n<blockquote class=\"wp-embedded-content\" data-secret=\"85awWkUnAM\"><a href=\"https:\/\/ipd-ssi.hr\/\">Po\u010detna stranica<\/a><\/blockquote><iframe loading=\"lazy\" class=\"wp-embedded-content\" sandbox=\"allow-scripts\" security=\"restricted\" style=\"position: absolute; clip: rect(1px, 1px, 1px, 1px);\" title=\"&#8220;Po\u010detna stranica&#8221; &#8212; Istarsko povijesno dru\u0161tvo - Societ\u00e0 Storica Istriana\" src=\"https:\/\/ipd-ssi.hr\/embed\/#?secret=cdYEcKALPP#?secret=85awWkUnAM\" data-secret=\"85awWkUnAM\" width=\"600\" height=\"338\" frameborder=\"0\" marginwidth=\"0\" marginheight=\"0\" scrolling=\"no\"><\/iframe>\n<\/div><\/figure>\n\n\n\n<hr class=\"wp-block-separator\"\/>\n","protected":false},"excerpt":{"rendered":"","protected":false},"author":2,"featured_media":37244,"comment_status":"open","ping_status":"open","sticky":false,"template":"","format":"standard","meta":{"_acf_changed":false,"jetpack_post_was_ever_published":false,"_jetpack_newsletter_access":"","_jetpack_dont_email_post_to_subs":false,"_jetpack_newsletter_tier_id":0,"_jetpack_memberships_contains_paywalled_content":false,"_jetpack_memberships_contains_paid_content":false,"footnotes":"","jetpack_publicize_message":"","jetpack_publicize_feature_enabled":true,"jetpack_social_post_already_shared":true,"jetpack_social_options":{"image_generator_settings":{"template":"highway","default_image_id":0,"font":"","enabled":false},"version":2}},"categories":[3,9],"tags":[],"class_list":["post-37243","post","type-post","status-publish","format-standard","has-post-thumbnail","hentry","category-novosti","category-skupovi"],"acf":{"facebook_opis":""},"jetpack_publicize_connections":[],"jetpack_featured_media_url":"https:\/\/i0.wp.com\/historiografija.hr\/wp-content\/uploads\/2023\/09\/Mirkovic.jpg?fit=700%2C441&ssl=1","jetpack_sharing_enabled":true,"jetpack-related-posts":[],"_links":{"self":[{"href":"https:\/\/historiografija.hr\/index.php?rest_route=\/wp\/v2\/posts\/37243","targetHints":{"allow":["GET"]}}],"collection":[{"href":"https:\/\/historiografija.hr\/index.php?rest_route=\/wp\/v2\/posts"}],"about":[{"href":"https:\/\/historiografija.hr\/index.php?rest_route=\/wp\/v2\/types\/post"}],"author":[{"embeddable":true,"href":"https:\/\/historiografija.hr\/index.php?rest_route=\/wp\/v2\/users\/2"}],"replies":[{"embeddable":true,"href":"https:\/\/historiografija.hr\/index.php?rest_route=%2Fwp%2Fv2%2Fcomments&post=37243"}],"version-history":[{"count":1,"href":"https:\/\/historiografija.hr\/index.php?rest_route=\/wp\/v2\/posts\/37243\/revisions"}],"predecessor-version":[{"id":37245,"href":"https:\/\/historiografija.hr\/index.php?rest_route=\/wp\/v2\/posts\/37243\/revisions\/37245"}],"wp:featuredmedia":[{"embeddable":true,"href":"https:\/\/historiografija.hr\/index.php?rest_route=\/wp\/v2\/media\/37244"}],"wp:attachment":[{"href":"https:\/\/historiografija.hr\/index.php?rest_route=%2Fwp%2Fv2%2Fmedia&parent=37243"}],"wp:term":[{"taxonomy":"category","embeddable":true,"href":"https:\/\/historiografija.hr\/index.php?rest_route=%2Fwp%2Fv2%2Fcategories&post=37243"},{"taxonomy":"post_tag","embeddable":true,"href":"https:\/\/historiografija.hr\/index.php?rest_route=%2Fwp%2Fv2%2Ftags&post=37243"}],"curies":[{"name":"wp","href":"https:\/\/api.w.org\/{rel}","templated":true}]}}