{"id":37240,"date":"2023-09-26T08:43:05","date_gmt":"2023-09-26T08:43:05","guid":{"rendered":"http:\/\/historiografija.hr\/?p=37240"},"modified":"2023-09-26T08:43:05","modified_gmt":"2023-09-26T08:43:05","slug":"medunarodni-znanstveni-skup-u-povodu-100-obljetnice-smrti-vatroslava-jagica","status":"publish","type":"post","link":"https:\/\/historiografija.hr\/?p=37240","title":{"rendered":"Me\u0111unarodni znanstveni skup u povodu 100. obljetnice smrti Vatroslava Jagi\u0107a"},"content":{"rendered":"\n<p>Zavod za znanstveni rad Hrvatske akademije znanosti i umjetnosti u Vara\u017edinu <strong>od 28. do 30. rujna 2023.<\/strong> organizira znanstveni skup u povodu 100. obljetnice smrti hrvatskoga slavista svjetskoga ugleda Vatroslava Jagi\u0107a (umro je 5. kolovoza 1923. u Be\u010du i sahranjen tjedan dana kasnije u svom rodnom gradu Vara\u017edinu).\u00a0Dr\u017ei se jednim od najve\u0107ih slavista do sada. Bio je zagreba\u010dki gimnazijski profesor, sveu\u010dili\u0161ni profesor u Odesi, Petrogradu, Berlinu i Be\u010du. Kada je u o\u017eujku 1866. predlo\u017eeno, a u svibnju iste godine potvr\u0111eno prvih 16 \u010dlanova Jugoslavenske akademije znanosti i umjetnosti, me\u0111u njima je najmla\u0111i 28\u2013godi\u0161nji Vatroslav Jagi\u0107. Znanstveno mu je djelo opse\u017eno i raznoliko i njime je uvelike pomogao da se slavistika po svojim dosezima izjedna\u010di s germanistikom i romanistikom.<\/p>\n\n\n\n<hr class=\"wp-block-separator\"\/>\n\n\n\n<p><strong>Organizacijski odbor Znanstvenog skupa<\/strong>:<\/p>\n\n\n\n<p>akademik Stjepan Damjanovi\u0107, akademik Mateo \u017dagar, akademik Ranko Matasovi\u0107, dr. sc. Vladimir Huzjan, dr. sc. Vesna Haluga, Silvija Zagorec<\/p>\n\n\n\n<hr class=\"wp-block-separator\"\/>\n\n\n\n<p><strong>Program Znanstvenog skupa:<\/strong><\/p>\n\n\n\n<figure class=\"wp-block-embed-wordpress wp-block-embed is-type-wp-embed is-provider-hazu\"><div class=\"wp-block-embed__wrapper\">\n<blockquote class=\"wp-embedded-content\" data-secret=\"gPkk0Bhfpj\"><a href=\"https:\/\/www.info.hazu.hr\/events\/medunarodni-znanstveni-skup-u-povodu-100-obljetnice-smrti-vatroslava-jagica\/\">Me\u0111unarodni znanstveni skup u povodu 100. obljetnice smrti Vatroslava Jagi\u0107a<\/a><\/blockquote><iframe loading=\"lazy\" class=\"wp-embedded-content\" sandbox=\"allow-scripts\" security=\"restricted\" style=\"position: absolute; clip: rect(1px, 1px, 1px, 1px);\" title=\"&#8220;Me\u0111unarodni znanstveni skup u povodu 100. obljetnice smrti Vatroslava Jagi\u0107a&#8221; &#8212; HAZU\" src=\"https:\/\/www.info.hazu.hr\/events\/medunarodni-znanstveni-skup-u-povodu-100-obljetnice-smrti-vatroslava-jagica\/embed\/#?secret=gPkk0Bhfpj\" data-secret=\"gPkk0Bhfpj\" width=\"600\" height=\"338\" frameborder=\"0\" marginwidth=\"0\" marginheight=\"0\" scrolling=\"no\"><\/iframe>\n<\/div><\/figure>\n\n\n\n<hr class=\"wp-block-separator\"\/>\n","protected":false},"excerpt":{"rendered":"","protected":false},"author":2,"featured_media":37241,"comment_status":"open","ping_status":"open","sticky":false,"template":"","format":"standard","meta":{"_acf_changed":false,"jetpack_post_was_ever_published":false,"_jetpack_newsletter_access":"","_jetpack_dont_email_post_to_subs":false,"_jetpack_newsletter_tier_id":0,"_jetpack_memberships_contains_paywalled_content":false,"_jetpack_memberships_contains_paid_content":false,"footnotes":"","jetpack_publicize_message":"","jetpack_publicize_feature_enabled":true,"jetpack_social_post_already_shared":true,"jetpack_social_options":{"image_generator_settings":{"template":"highway","default_image_id":0,"font":"","enabled":false},"version":2}},"categories":[3,9],"tags":[],"class_list":["post-37240","post","type-post","status-publish","format-standard","has-post-thumbnail","hentry","category-novosti","category-skupovi"],"acf":{"facebook_opis":""},"jetpack_publicize_connections":[],"jetpack_featured_media_url":"https:\/\/i0.wp.com\/historiografija.hr\/wp-content\/uploads\/2023\/09\/Vatroslav-Jagic.png?fit=800%2C362&ssl=1","jetpack_sharing_enabled":true,"jetpack-related-posts":[],"_links":{"self":[{"href":"https:\/\/historiografija.hr\/index.php?rest_route=\/wp\/v2\/posts\/37240","targetHints":{"allow":["GET"]}}],"collection":[{"href":"https:\/\/historiografija.hr\/index.php?rest_route=\/wp\/v2\/posts"}],"about":[{"href":"https:\/\/historiografija.hr\/index.php?rest_route=\/wp\/v2\/types\/post"}],"author":[{"embeddable":true,"href":"https:\/\/historiografija.hr\/index.php?rest_route=\/wp\/v2\/users\/2"}],"replies":[{"embeddable":true,"href":"https:\/\/historiografija.hr\/index.php?rest_route=%2Fwp%2Fv2%2Fcomments&post=37240"}],"version-history":[{"count":1,"href":"https:\/\/historiografija.hr\/index.php?rest_route=\/wp\/v2\/posts\/37240\/revisions"}],"predecessor-version":[{"id":37242,"href":"https:\/\/historiografija.hr\/index.php?rest_route=\/wp\/v2\/posts\/37240\/revisions\/37242"}],"wp:featuredmedia":[{"embeddable":true,"href":"https:\/\/historiografija.hr\/index.php?rest_route=\/wp\/v2\/media\/37241"}],"wp:attachment":[{"href":"https:\/\/historiografija.hr\/index.php?rest_route=%2Fwp%2Fv2%2Fmedia&parent=37240"}],"wp:term":[{"taxonomy":"category","embeddable":true,"href":"https:\/\/historiografija.hr\/index.php?rest_route=%2Fwp%2Fv2%2Fcategories&post=37240"},{"taxonomy":"post_tag","embeddable":true,"href":"https:\/\/historiografija.hr\/index.php?rest_route=%2Fwp%2Fv2%2Ftags&post=37240"}],"curies":[{"name":"wp","href":"https:\/\/api.w.org\/{rel}","templated":true}]}}