{"id":37232,"date":"2023-09-25T23:46:21","date_gmt":"2023-09-25T23:46:21","guid":{"rendered":"http:\/\/historiografija.hr\/?p=37232"},"modified":"2023-09-25T23:48:26","modified_gmt":"2023-09-25T23:48:26","slug":"izlozba-i-okrugli-stol-hrvatski-skolski-brod-jadran-maticna-luka-split-1933-2023","status":"publish","type":"post","link":"https:\/\/historiografija.hr\/?p=37232","title":{"rendered":"Izlo\u017eba i okrugli stol \u201eHrvatski \u0161kolski brod Jadran \u2013 mati\u010dna luka Split, 1933. \u2013 2023.\u201c"},"content":{"rendered":"\n<p><strong>Hrvatski pomorski muzej Split <\/strong>i <strong>Muzej Domovinskog rata u Splitu<\/strong> pozivaju vas na otvorenje izlo\u017ebe i okrugli stol pod nazivom: <strong>\u201eHrvatski \u0161kolski brod Jadran \u2013 mati\u010dna luka Split, 1933. \u2013 2023.\u201c <\/strong>\u00a0koji \u0107e se odr\u017eati <strong>28. rujna 2023. godine <\/strong>(\u010detvrtak) s po\u010detkom u<strong> 18 sati, Dom Hrvatske vojske \u201eGeneral-bojnik Ivo Jeli\u0107\u201c<\/strong> (Lora).<\/p>\n\n\n\n<p>Izlo\u017ebom i okruglim stolom obilje\u017eava se 90 godina od uplovljavanja hrvatskog \u0161kolskog jedrenjaka \u201eJadran\u201c u Splitsku luku. Doga\u0111aju \u0107e nazo\u010diti ministar vanjskih i europskih poslova Gordan Grli\u0107 Radman, ministar obrane Mario Bano\u017ei\u0107, zapovjednik Hrvatske ratne mornarice kontraadmiral Ivo Raffanelli, biv\u0161i zapovjednici \u0161\/b \u201eJadran\u201c, akademik Davorin Rudolf te stru\u010dnjaci iz oblasti sukcesije vojne imovine i me\u0111unarodnog prava.<\/p>\n\n\n\n<p>Jedrenjak, barkantin \u201eJadran\u201c djelo je hrvatskog brodogra\u0111evnog znanja i tradicije, a sagra\u0111en na inicijativu \u201eJadranske stra\u017ee\u201c iz Splita, jedne od\u00a0 najzna\u010dajnijih organizacija u hrvatskoj pomorskoj povijesti.\u00a0 Od 1933. do 1990. godine brod je bio vezan isklju\u010divo uz pomorska u\u010dili\u0161ta na hrvatskoj obali: Dubrovnik, \u0160ibenik, Pula, Divulje i Split. Od jeseni 1991. brod prisilno ostaje u crnogorskim rukama, jer je u Hrvatskoj zapo\u010deo rat i srpsko-crnogorska agresija. Od tada do danas traju napori Republike Hrvatske u povratku \u0161\/b \u201cJadran\u201c u njegovu mati\u010dnu luku &#8211; Split.<\/p>\n\n\n\n<hr class=\"wp-block-separator\"\/>\n\n\n\n<p><a href=\"https:\/\/www.facebook.com\/HrvatskiPomorskiMuzejSplit\">https:\/\/www.facebook.com\/HrvatskiPomorskiMuzejSplit<\/a><\/p>\n\n\n\n<hr class=\"wp-block-separator\"\/>\n","protected":false},"excerpt":{"rendered":"","protected":false},"author":2,"featured_media":37233,"comment_status":"open","ping_status":"open","sticky":false,"template":"","format":"standard","meta":{"_acf_changed":false,"jetpack_post_was_ever_published":false,"_jetpack_newsletter_access":"","_jetpack_dont_email_post_to_subs":false,"_jetpack_newsletter_tier_id":0,"_jetpack_memberships_contains_paywalled_content":false,"_jetpack_memberships_contains_paid_content":false,"footnotes":"","jetpack_publicize_message":"","jetpack_publicize_feature_enabled":true,"jetpack_social_post_already_shared":true,"jetpack_social_options":{"image_generator_settings":{"template":"highway","default_image_id":0,"font":"","enabled":false},"version":2}},"categories":[10,3],"tags":[],"class_list":["post-37232","post","type-post","status-publish","format-standard","has-post-thumbnail","hentry","category-izlozbe","category-novosti"],"acf":{"facebook_opis":""},"jetpack_publicize_connections":[],"jetpack_featured_media_url":"https:\/\/i0.wp.com\/historiografija.hr\/wp-content\/uploads\/2023\/09\/Pozivnica-Jadran.jpg?fit=823%2C1599&ssl=1","jetpack_sharing_enabled":true,"jetpack-related-posts":[],"_links":{"self":[{"href":"https:\/\/historiografija.hr\/index.php?rest_route=\/wp\/v2\/posts\/37232","targetHints":{"allow":["GET"]}}],"collection":[{"href":"https:\/\/historiografija.hr\/index.php?rest_route=\/wp\/v2\/posts"}],"about":[{"href":"https:\/\/historiografija.hr\/index.php?rest_route=\/wp\/v2\/types\/post"}],"author":[{"embeddable":true,"href":"https:\/\/historiografija.hr\/index.php?rest_route=\/wp\/v2\/users\/2"}],"replies":[{"embeddable":true,"href":"https:\/\/historiografija.hr\/index.php?rest_route=%2Fwp%2Fv2%2Fcomments&post=37232"}],"version-history":[{"count":3,"href":"https:\/\/historiografija.hr\/index.php?rest_route=\/wp\/v2\/posts\/37232\/revisions"}],"predecessor-version":[{"id":37236,"href":"https:\/\/historiografija.hr\/index.php?rest_route=\/wp\/v2\/posts\/37232\/revisions\/37236"}],"wp:featuredmedia":[{"embeddable":true,"href":"https:\/\/historiografija.hr\/index.php?rest_route=\/wp\/v2\/media\/37233"}],"wp:attachment":[{"href":"https:\/\/historiografija.hr\/index.php?rest_route=%2Fwp%2Fv2%2Fmedia&parent=37232"}],"wp:term":[{"taxonomy":"category","embeddable":true,"href":"https:\/\/historiografija.hr\/index.php?rest_route=%2Fwp%2Fv2%2Fcategories&post=37232"},{"taxonomy":"post_tag","embeddable":true,"href":"https:\/\/historiografija.hr\/index.php?rest_route=%2Fwp%2Fv2%2Ftags&post=37232"}],"curies":[{"name":"wp","href":"https:\/\/api.w.org\/{rel}","templated":true}]}}