{"id":37229,"date":"2023-09-25T23:36:42","date_gmt":"2023-09-25T23:36:42","guid":{"rendered":"http:\/\/historiografija.hr\/?p=37229"},"modified":"2023-09-25T23:36:42","modified_gmt":"2023-09-25T23:36:42","slug":"medunarodna-konferencija-re-interpreting-the-first-world-war-cultural-memory-sites-of-memory-rituals-symbols-and-commemorative-practices","status":"publish","type":"post","link":"https:\/\/historiografija.hr\/?p=37229","title":{"rendered":"Me\u0111unarodna konferencija \u201eRe-interpreting the First World War Cultural Memory: Sites of memory, Rituals, Symbols and Commemorative Practices&#8221;"},"content":{"rendered":"\n<p>Me\u0111unarodna konferencija \u201eRe-interpreting the First World War Cultural Memory: Sites of memory, Rituals, Symbols and Commemorative Practices&#8221; u organizaciji Instituta dru\u0161tvenih znanosti Ivo Pilar i Matice Hrvatske odr\u017eava se u konferencijskoj dvorani Jure Petri\u010devi\u0107a Matice Hrvatske (Strossmayerov trg 4) od 29. rujna do 30. rujna 2023. godine.<\/p>\n\n\n\n<p>Me\u0111unarodna znanstvena konferencija sastavni je dio projekta HRZZ-a Prvi svjetski rat u kulturi sje\u0107anja. Zaboravljena ba\u0161tina (IP-2019-04-5897). Uvodno predavanje pod naslovom \u201eShadows Cast by the Great War in East-Central Europe&#8221; odr\u017eati \u0107e dr. sc. John P. Newman sa Sveu\u010dili\u0161ta Maynooth, Maynooth, Irska.<\/p>\n\n\n\n<p>Uz Johna P. Newmana na me\u0111unarodnoj konferenciji sudjeluju predava\u010di iz Ma\u0111arske, Slovenije, Poljske, Australije, Srbije, Njema\u010dke i Hrvatske. Konferencija se odr\u017eava na engleskom jeziku.<\/p>\n\n\n\n<hr class=\"wp-block-separator\"\/>\n\n\n\n<p>Program konferencije i knji\u017eica sa\u017eetaka dostupni su na sljede\u0107oj poveznici: <\/p>\n\n\n\n<p><a rel=\"noreferrer noopener\" href=\"https:\/\/www.pilar.hr\/2023\/09\/medunarodna-konferencija-re-interpreting-the-first-world-war-cultural-memory-sites-of-memory-rituals-symbols-and-commemorative-practices-zagreb-29-30-9-2023\/\" target=\"_blank\">https:\/\/www.pilar.hr\/2023\/09\/medunarodna-konferencija-re-interpreting-the-first-world-war-cultural-memory-sites-of-memory-rituals-symbols-and-commemorative-practices-zagreb-29-30-9-2023\/<\/a><\/p>\n\n\n\n<hr class=\"wp-block-separator\"\/>\n","protected":false},"excerpt":{"rendered":"","protected":false},"author":2,"featured_media":37230,"comment_status":"open","ping_status":"open","sticky":false,"template":"","format":"standard","meta":{"_acf_changed":false,"jetpack_post_was_ever_published":false,"_jetpack_newsletter_access":"","_jetpack_dont_email_post_to_subs":false,"_jetpack_newsletter_tier_id":0,"_jetpack_memberships_contains_paywalled_content":false,"_jetpack_memberships_contains_paid_content":false,"footnotes":"","jetpack_publicize_message":"","jetpack_publicize_feature_enabled":true,"jetpack_social_post_already_shared":true,"jetpack_social_options":{"image_generator_settings":{"template":"highway","default_image_id":0,"font":"","enabled":false},"version":2}},"categories":[3,9],"tags":[],"class_list":["post-37229","post","type-post","status-publish","format-standard","has-post-thumbnail","hentry","category-novosti","category-skupovi"],"acf":{"facebook_opis":""},"jetpack_publicize_connections":[],"jetpack_featured_media_url":"https:\/\/i0.wp.com\/historiografija.hr\/wp-content\/uploads\/2023\/09\/IMG-s.jpg?fit=620%2C386&ssl=1","jetpack_sharing_enabled":true,"jetpack-related-posts":[],"_links":{"self":[{"href":"https:\/\/historiografija.hr\/index.php?rest_route=\/wp\/v2\/posts\/37229","targetHints":{"allow":["GET"]}}],"collection":[{"href":"https:\/\/historiografija.hr\/index.php?rest_route=\/wp\/v2\/posts"}],"about":[{"href":"https:\/\/historiografija.hr\/index.php?rest_route=\/wp\/v2\/types\/post"}],"author":[{"embeddable":true,"href":"https:\/\/historiografija.hr\/index.php?rest_route=\/wp\/v2\/users\/2"}],"replies":[{"embeddable":true,"href":"https:\/\/historiografija.hr\/index.php?rest_route=%2Fwp%2Fv2%2Fcomments&post=37229"}],"version-history":[{"count":1,"href":"https:\/\/historiografija.hr\/index.php?rest_route=\/wp\/v2\/posts\/37229\/revisions"}],"predecessor-version":[{"id":37231,"href":"https:\/\/historiografija.hr\/index.php?rest_route=\/wp\/v2\/posts\/37229\/revisions\/37231"}],"wp:featuredmedia":[{"embeddable":true,"href":"https:\/\/historiografija.hr\/index.php?rest_route=\/wp\/v2\/media\/37230"}],"wp:attachment":[{"href":"https:\/\/historiografija.hr\/index.php?rest_route=%2Fwp%2Fv2%2Fmedia&parent=37229"}],"wp:term":[{"taxonomy":"category","embeddable":true,"href":"https:\/\/historiografija.hr\/index.php?rest_route=%2Fwp%2Fv2%2Fcategories&post=37229"},{"taxonomy":"post_tag","embeddable":true,"href":"https:\/\/historiografija.hr\/index.php?rest_route=%2Fwp%2Fv2%2Ftags&post=37229"}],"curies":[{"name":"wp","href":"https:\/\/api.w.org\/{rel}","templated":true}]}}