{"id":37225,"date":"2023-09-25T23:26:53","date_gmt":"2023-09-25T23:26:53","guid":{"rendered":"http:\/\/historiografija.hr\/?p=37225"},"modified":"2023-09-25T23:29:56","modified_gmt":"2023-09-25T23:29:56","slug":"6-medunarodni-znanstveni-skup-socijalizam-na-klupi-krize-i-reforme","status":"publish","type":"post","link":"https:\/\/historiografija.hr\/?p=37225","title":{"rendered":"6. me\u0111unarodni znanstveni skup \u201cSocijalizam na klupi\u201d: KRIZE I REFORME"},"content":{"rendered":"\n<p>\u0160esti me\u0111unarodni znanstveni skup Socijalizam na klupi \u201eKrize i reforme&#8221; odr\u017eat \u0107e se u Puli 28-30. rujna 2023. u organizaciji Centra za kulturolo\u0161ka i povijesna istra\u017eivanja socijalizma. Izlaganja \u0107e, me\u0111u ostalim, propitivati razloge za politi\u010dke, dru\u0161tvene, financijske i druge krize i prilagodbe, kroz koje su prolazila dru\u0161tva dr\u017eavnog i tr\u017ei\u0161nog socijalizma u nastojanjima za unaprje\u0111ivanjem sustava. Detektirat \u0107e se akteri kriza, poku\u0161ati uvidjeti jesu li one iskori\u0161tene kao prilike za zna\u010dajnije preobra\u017eaje, jesu li reforme donijele napredak ili rezultirale neredom u poznatom i uhodanom poretku, kako su krize i reforme predstavljane javnosti, kako su te procese vidjele&nbsp; razli\u010dite dru\u0161tvene skupine itd.<\/p>\n\n\n\n<p>U trodnevnom radu u 18 panela sudjelovat \u0107e stotinjak izlaga\u010da. Pozvani predava\u010di su prof. dr. sc. Lilijana Burcar (Sveu\u010dili\u0161te u Ljubljani), professor emerita Sabrina Petra Ramet (Norve\u0161ki institut znanosti i tehnologije, Trondheim) i prof. dr. sc. Josip Tica (Sveu\u010dili\u0161te u Zagrebu).<\/p>\n\n\n\n<p>Tijekom odr\u017eavanja skupa bit \u0107e predstavljeni zbornici radova s 5. simpozija <em>Socijalizam na klupi: Antifa\u0161izam<\/em> (Lada Durakovi\u0107, Andrea Mato\u0161evi\u0107, ur.); <em>Zami\u0161ljanje \u017eene. O ideolo\u0161kim i kulturnim konceptima \u017eenskog roda u povijesti Bosne i Hercegovine<\/em> (Aida Li\u010dina Rami\u0107, Sabina Velad\u017ei\u0107, ur.), <em>Mikrosocijalizam. Mikrostrukture jugoslavenskoga socijalizma u Hrvatskoj 1970-ih i 1980-ih<\/em> (Igor Duda, ur); <em>Duh pruge. Zbornik radova o knjizi E.P. Thompsona<\/em> (Tanja Petrovi\u0107, Andrea Mato\u0161evi\u0107, ur.), <em>China, Yugoslavia, and Socialist Worldmaking: Convergences and Divergences<\/em> (Zvonimir Stopi\u0107, Jure Ram\u0161ak, Liang Zhanjun, Jo\u017ee Pirjevec, ur.) te knjige <em>Rije\u010dke studentske godine 1968.-1971.<\/em> Andree Rokni\u0107 Be\u017eani\u0107 i <em>Socijalizam na ku\u0107nom pragu. Mjesna zajednica i svakodnevica dru\u0161tvenog samoupravljanja u Jugoslaviji<\/em> Igora Dude.<\/p>\n\n\n\n<p>Skup \u0107e se odr\u017eati na Sveu\u010dili\u0161tu Jurja Dobrile u Puli u zgradi FET-a i u partnerstvu sa Zakladom Rosa Luxemburg SEE<\/p>\n\n\n\n<hr class=\"wp-block-separator\"\/>\n\n\n\n<p>Dodatne informacije potra\u017eite na mre\u017enoj stranici:<\/p>\n\n\n\n<p><a href=\"https:\/\/www.unipu.hr\/ckpis\/socijalizam_na_klupi\/2023\">https:\/\/www.unipu.hr\/ckpis\/socijalizam_na_klupi\/2023<\/a><\/p>\n\n\n\n<hr class=\"wp-block-separator\"\/>\n\n\n\n<p><a href=\"https:\/\/www.facebook.com\/ckpis.unipu.hr\">https:\/\/www.facebook.com\/ckpis.unipu.hr<\/a><\/p>\n\n\n\n<hr class=\"wp-block-separator\"\/>\n","protected":false},"excerpt":{"rendered":"","protected":false},"author":2,"featured_media":33959,"comment_status":"open","ping_status":"open","sticky":false,"template":"","format":"standard","meta":{"_acf_changed":false,"jetpack_post_was_ever_published":false,"_jetpack_newsletter_access":"","_jetpack_dont_email_post_to_subs":false,"_jetpack_newsletter_tier_id":0,"_jetpack_memberships_contains_paywalled_content":false,"_jetpack_memberships_contains_paid_content":false,"footnotes":"","jetpack_publicize_message":"","jetpack_publicize_feature_enabled":true,"jetpack_social_post_already_shared":true,"jetpack_social_options":{"image_generator_settings":{"template":"highway","default_image_id":0,"font":"","enabled":false},"version":2}},"categories":[3,9],"tags":[],"class_list":["post-37225","post","type-post","status-publish","format-standard","has-post-thumbnail","hentry","category-novosti","category-skupovi"],"acf":{"facebook_opis":""},"jetpack_publicize_connections":[],"jetpack_featured_media_url":"https:\/\/i0.wp.com\/historiografija.hr\/wp-content\/uploads\/2022\/12\/Socijalizam-2023.jpg?fit=2048%2C1152&ssl=1","jetpack_sharing_enabled":true,"jetpack-related-posts":[],"_links":{"self":[{"href":"https:\/\/historiografija.hr\/index.php?rest_route=\/wp\/v2\/posts\/37225","targetHints":{"allow":["GET"]}}],"collection":[{"href":"https:\/\/historiografija.hr\/index.php?rest_route=\/wp\/v2\/posts"}],"about":[{"href":"https:\/\/historiografija.hr\/index.php?rest_route=\/wp\/v2\/types\/post"}],"author":[{"embeddable":true,"href":"https:\/\/historiografija.hr\/index.php?rest_route=\/wp\/v2\/users\/2"}],"replies":[{"embeddable":true,"href":"https:\/\/historiografija.hr\/index.php?rest_route=%2Fwp%2Fv2%2Fcomments&post=37225"}],"version-history":[{"count":3,"href":"https:\/\/historiografija.hr\/index.php?rest_route=\/wp\/v2\/posts\/37225\/revisions"}],"predecessor-version":[{"id":37228,"href":"https:\/\/historiografija.hr\/index.php?rest_route=\/wp\/v2\/posts\/37225\/revisions\/37228"}],"wp:featuredmedia":[{"embeddable":true,"href":"https:\/\/historiografija.hr\/index.php?rest_route=\/wp\/v2\/media\/33959"}],"wp:attachment":[{"href":"https:\/\/historiografija.hr\/index.php?rest_route=%2Fwp%2Fv2%2Fmedia&parent=37225"}],"wp:term":[{"taxonomy":"category","embeddable":true,"href":"https:\/\/historiografija.hr\/index.php?rest_route=%2Fwp%2Fv2%2Fcategories&post=37225"},{"taxonomy":"post_tag","embeddable":true,"href":"https:\/\/historiografija.hr\/index.php?rest_route=%2Fwp%2Fv2%2Ftags&post=37225"}],"curies":[{"name":"wp","href":"https:\/\/api.w.org\/{rel}","templated":true}]}}