{"id":37212,"date":"2023-09-23T15:01:08","date_gmt":"2023-09-23T15:01:08","guid":{"rendered":"http:\/\/historiografija.hr\/?p=37212"},"modified":"2023-09-23T15:01:08","modified_gmt":"2023-09-23T15:01:08","slug":"znanstveni-skup-crtice-iz-povijesti-kanfanarstine-u-kanfanaru-5","status":"publish","type":"post","link":"https:\/\/historiografija.hr\/?p=37212","title":{"rendered":"Znanstveni skup &#8220;Crtice iz povijesti kanfanar\u0161tine&#8221; u Kanfanaru"},"content":{"rendered":"\n<p>U utorak, 26. rujna, s po\u010detkom u 18:30 sati u Domu mladih u Kanfanaru \u0107e se odr\u017eati znanstveni skup Crtice iz povijesti Kanfanar\u0161tine. Bit \u0107e to prilika za saznati zanimljivosti i novosti o bogatoj kanfanarskoj povijesti, kao i tradiciji i ostalim socio-kulturnim temama. Skup organiziraju Udruga Dvegrajci i Op\u0107ina Kanfanar u suradnji s Arheolo\u0161kim muzejom Istre.<\/p>\n\n\n\n<p><a href=\"https:\/\/ipd-ssi.hr\/wp-content\/uploads\/2023\/09\/Program-1.pdf\">Program<\/a><\/p>\n\n\n\n<hr class=\"wp-block-separator\"\/>\n\n\n\n<p>Izvor:<\/p>\n\n\n\n<figure class=\"wp-block-embed-wordpress wp-block-embed is-type-wp-embed is-provider-istarsko-povijesno-drustvo-societa-storica-istriana\"><div class=\"wp-block-embed__wrapper\">\n<blockquote class=\"wp-embedded-content\" data-secret=\"Rebq850Egg\"><a href=\"https:\/\/ipd-ssi.hr\/2023\/09\/23\/znanstveni-skup-crtice-iz-povijesti-kanfanarstine-u-kanfanaru-6\/\">Znanstveni skup Crtice iz povijesti kanfanar\u0161tine u Kanfanaru<\/a><\/blockquote><iframe loading=\"lazy\" class=\"wp-embedded-content\" sandbox=\"allow-scripts\" security=\"restricted\" style=\"position: absolute; clip: rect(1px, 1px, 1px, 1px);\" title=\"&#8220;Znanstveni skup Crtice iz povijesti kanfanar\u0161tine u Kanfanaru&#8221; &#8212; Istarsko povijesno dru\u0161tvo - Societ\u00e0 Storica Istriana\" src=\"https:\/\/ipd-ssi.hr\/2023\/09\/23\/znanstveni-skup-crtice-iz-povijesti-kanfanarstine-u-kanfanaru-6\/embed\/#?secret=LgOqUXBfZ4#?secret=Rebq850Egg\" data-secret=\"Rebq850Egg\" width=\"600\" height=\"338\" frameborder=\"0\" marginwidth=\"0\" marginheight=\"0\" scrolling=\"no\"><\/iframe>\n<\/div><\/figure>\n\n\n\n<hr class=\"wp-block-separator\"\/>\n","protected":false},"excerpt":{"rendered":"","protected":false},"author":2,"featured_media":37213,"comment_status":"open","ping_status":"open","sticky":false,"template":"","format":"standard","meta":{"_acf_changed":false,"jetpack_post_was_ever_published":false,"_jetpack_newsletter_access":"","_jetpack_dont_email_post_to_subs":false,"_jetpack_newsletter_tier_id":0,"_jetpack_memberships_contains_paywalled_content":false,"_jetpack_memberships_contains_paid_content":false,"footnotes":"","jetpack_publicize_message":"","jetpack_publicize_feature_enabled":true,"jetpack_social_post_already_shared":true,"jetpack_social_options":{"image_generator_settings":{"template":"highway","default_image_id":0,"font":"","enabled":false},"version":2}},"categories":[3,9],"tags":[],"class_list":["post-37212","post","type-post","status-publish","format-standard","has-post-thumbnail","hentry","category-novosti","category-skupovi"],"acf":{"facebook_opis":""},"jetpack_publicize_connections":[],"jetpack_featured_media_url":"https:\/\/i0.wp.com\/historiografija.hr\/wp-content\/uploads\/2023\/09\/Kanfanar.jpg?fit=700%2C441&ssl=1","jetpack_sharing_enabled":true,"jetpack-related-posts":[],"_links":{"self":[{"href":"https:\/\/historiografija.hr\/index.php?rest_route=\/wp\/v2\/posts\/37212","targetHints":{"allow":["GET"]}}],"collection":[{"href":"https:\/\/historiografija.hr\/index.php?rest_route=\/wp\/v2\/posts"}],"about":[{"href":"https:\/\/historiografija.hr\/index.php?rest_route=\/wp\/v2\/types\/post"}],"author":[{"embeddable":true,"href":"https:\/\/historiografija.hr\/index.php?rest_route=\/wp\/v2\/users\/2"}],"replies":[{"embeddable":true,"href":"https:\/\/historiografija.hr\/index.php?rest_route=%2Fwp%2Fv2%2Fcomments&post=37212"}],"version-history":[{"count":1,"href":"https:\/\/historiografija.hr\/index.php?rest_route=\/wp\/v2\/posts\/37212\/revisions"}],"predecessor-version":[{"id":37214,"href":"https:\/\/historiografija.hr\/index.php?rest_route=\/wp\/v2\/posts\/37212\/revisions\/37214"}],"wp:featuredmedia":[{"embeddable":true,"href":"https:\/\/historiografija.hr\/index.php?rest_route=\/wp\/v2\/media\/37213"}],"wp:attachment":[{"href":"https:\/\/historiografija.hr\/index.php?rest_route=%2Fwp%2Fv2%2Fmedia&parent=37212"}],"wp:term":[{"taxonomy":"category","embeddable":true,"href":"https:\/\/historiografija.hr\/index.php?rest_route=%2Fwp%2Fv2%2Fcategories&post=37212"},{"taxonomy":"post_tag","embeddable":true,"href":"https:\/\/historiografija.hr\/index.php?rest_route=%2Fwp%2Fv2%2Ftags&post=37212"}],"curies":[{"name":"wp","href":"https:\/\/api.w.org\/{rel}","templated":true}]}}