{"id":37199,"date":"2023-09-20T21:45:30","date_gmt":"2023-09-20T21:45:30","guid":{"rendered":"http:\/\/historiografija.hr\/?p=37199"},"modified":"2023-09-20T21:45:30","modified_gmt":"2023-09-20T21:45:30","slug":"50-znanstveni-skup-pazinski-memorijal-u-pazinu","status":"publish","type":"post","link":"https:\/\/historiografija.hr\/?p=37199","title":{"rendered":"50. znanstveni skup \u201cPazinski memorijal\u201d u Pazinu"},"content":{"rendered":"\n<p>U petak, 22. rujna 2023., s po\u010detkom u 9 sati u Spomen domu Pazin, dvorana Istra, odr\u017eat \u0107e se 50. izdanje znanstvenoga skupa Pazinski memorijal. Tema ovogodi\u0161njeg memorijala je \u201cGrad Pazin u pro\u0161losti i sada\u0161njosti\u201d. Organizator je Katedra \u010cakavskoga sabora za povijest Istre Pazin u suradnji s Dr\u017eavnim arhivom u Pazinu.<\/p>\n\n\n\n<p><a href=\"https:\/\/ipd-ssi.hr\/wp-content\/uploads\/2023\/09\/Pozivnica-program-sazetci.pdf\">Pozivnica, program, sa\u017eeci<\/a><\/p>\n\n\n\n<hr class=\"wp-block-separator\"\/>\n\n\n\n<p>Izvori i dodatne obavijesti:<\/p>\n\n\n\n<figure class=\"wp-block-embed-wordpress wp-block-embed is-type-wp-embed is-provider-istarsko-povijesno-drustvo-societa-storica-istriana\"><div class=\"wp-block-embed__wrapper\">\n<blockquote class=\"wp-embedded-content\" data-secret=\"8gOFulYVhE\"><a href=\"https:\/\/ipd-ssi.hr\/2023\/09\/19\/50-znanstveni-skup-pazinski-memorijal-u-pazinu\/\">50. znanstveni skup &#8220;Pazinski memorijal&#8221; u Pazinu<\/a><\/blockquote><iframe loading=\"lazy\" class=\"wp-embedded-content\" sandbox=\"allow-scripts\" security=\"restricted\" style=\"position: absolute; clip: rect(1px, 1px, 1px, 1px);\" title=\"&#8220;50. znanstveni skup &#8220;Pazinski memorijal&#8221; u Pazinu&#8221; &#8212; Istarsko povijesno dru\u0161tvo - Societ\u00e0 Storica Istriana\" src=\"https:\/\/ipd-ssi.hr\/2023\/09\/19\/50-znanstveni-skup-pazinski-memorijal-u-pazinu\/embed\/#?secret=GYYVCu6uIb#?secret=8gOFulYVhE\" data-secret=\"8gOFulYVhE\" width=\"600\" height=\"338\" frameborder=\"0\" marginwidth=\"0\" marginheight=\"0\" scrolling=\"no\"><\/iframe>\n<\/div><\/figure>\n\n\n\n<p><a href=\"https:\/\/www.pazin.hr\/u-petak-50-pazinski-memorijal-na-temu-grad-pazin-u-proslosti-i-sadasnjosti\/#more-39043\">https:\/\/www.pazin.hr\/u-petak-50-pazinski-memorijal-na-temu-grad-pazin-u-proslosti-i-sadasnjosti\/#more-39043<\/a><\/p>\n\n\n\n<hr class=\"wp-block-separator\"\/>\n","protected":false},"excerpt":{"rendered":"","protected":false},"author":2,"featured_media":37200,"comment_status":"open","ping_status":"open","sticky":false,"template":"","format":"standard","meta":{"_acf_changed":false,"jetpack_post_was_ever_published":false,"_jetpack_newsletter_access":"","_jetpack_dont_email_post_to_subs":false,"_jetpack_newsletter_tier_id":0,"_jetpack_memberships_contains_paywalled_content":false,"_jetpack_memberships_contains_paid_content":false,"footnotes":"","jetpack_publicize_message":"","jetpack_publicize_feature_enabled":true,"jetpack_social_post_already_shared":true,"jetpack_social_options":{"image_generator_settings":{"template":"highway","default_image_id":0,"font":"","enabled":false},"version":2}},"categories":[3,9],"tags":[],"class_list":["post-37199","post","type-post","status-publish","format-standard","has-post-thumbnail","hentry","category-novosti","category-skupovi"],"acf":{"facebook_opis":""},"jetpack_publicize_connections":[],"jetpack_featured_media_url":"https:\/\/i0.wp.com\/historiografija.hr\/wp-content\/uploads\/2023\/09\/Pazin.png?fit=300%2C218&ssl=1","jetpack_sharing_enabled":true,"jetpack-related-posts":[],"_links":{"self":[{"href":"https:\/\/historiografija.hr\/index.php?rest_route=\/wp\/v2\/posts\/37199","targetHints":{"allow":["GET"]}}],"collection":[{"href":"https:\/\/historiografija.hr\/index.php?rest_route=\/wp\/v2\/posts"}],"about":[{"href":"https:\/\/historiografija.hr\/index.php?rest_route=\/wp\/v2\/types\/post"}],"author":[{"embeddable":true,"href":"https:\/\/historiografija.hr\/index.php?rest_route=\/wp\/v2\/users\/2"}],"replies":[{"embeddable":true,"href":"https:\/\/historiografija.hr\/index.php?rest_route=%2Fwp%2Fv2%2Fcomments&post=37199"}],"version-history":[{"count":1,"href":"https:\/\/historiografija.hr\/index.php?rest_route=\/wp\/v2\/posts\/37199\/revisions"}],"predecessor-version":[{"id":37201,"href":"https:\/\/historiografija.hr\/index.php?rest_route=\/wp\/v2\/posts\/37199\/revisions\/37201"}],"wp:featuredmedia":[{"embeddable":true,"href":"https:\/\/historiografija.hr\/index.php?rest_route=\/wp\/v2\/media\/37200"}],"wp:attachment":[{"href":"https:\/\/historiografija.hr\/index.php?rest_route=%2Fwp%2Fv2%2Fmedia&parent=37199"}],"wp:term":[{"taxonomy":"category","embeddable":true,"href":"https:\/\/historiografija.hr\/index.php?rest_route=%2Fwp%2Fv2%2Fcategories&post=37199"},{"taxonomy":"post_tag","embeddable":true,"href":"https:\/\/historiografija.hr\/index.php?rest_route=%2Fwp%2Fv2%2Ftags&post=37199"}],"curies":[{"name":"wp","href":"https:\/\/api.w.org\/{rel}","templated":true}]}}