{"id":37193,"date":"2023-09-20T21:34:54","date_gmt":"2023-09-20T21:34:54","guid":{"rendered":"http:\/\/historiografija.hr\/?p=37193"},"modified":"2023-09-20T21:34:54","modified_gmt":"2023-09-20T21:34:54","slug":"izlozba-sloboda-narodu-antifasizam-u-istri-u-pazinu","status":"publish","type":"post","link":"https:\/\/historiografija.hr\/?p=37193","title":{"rendered":"Izlo\u017eba \u201eSLOBODA NARODU! Antifa\u0161izam u Istri\u201c u Pazinu"},"content":{"rendered":"\n<p>U subotu, 9. rujna, s po\u010detkom u 19:30 sati u holu pazinskog Spomen doma otvara se i izlo\u017eba SLOBODA NARODU! Antifa\u0161izam u Istri u organizaciji Povijesnog i pomorskog muzeja Istre. Rije\u010d je o izlo\u017ebi koja kronolo\u0161kim slijedom, kroz sedam tematskih cjelina, prati politi\u010dka zbivanja u Istri od raspada Austro-Ugarske Monarhije i talijanske okupacije (krajem 1918.) do Pari\u0161ke mirovne konferencije (1947.). Izlo\u017ebu je mogu\u0107e razgledati do 10. listopada 2023. godine u holu Spomen doma sjedinjenja i slobode.<\/p>\n\n\n\n<p><a href=\"https:\/\/ipd-ssi.hr\/wp-content\/uploads\/2023\/09\/Pozivnica-\u2013-Invito.pdf\">Pozivnica \u2013 Invito<\/a><\/p>\n\n\n\n<hr class=\"wp-block-separator\"\/>\n\n\n\n<p>Izvor:<\/p>\n\n\n\n<figure class=\"wp-block-embed-wordpress wp-block-embed is-type-wp-embed is-provider-istarsko-povijesno-drustvo-societa-storica-istriana\"><div class=\"wp-block-embed__wrapper\">\n<blockquote class=\"wp-embedded-content\" data-secret=\"N2jLKE7aBX\"><a href=\"https:\/\/ipd-ssi.hr\/2023\/09\/08\/izlozba-sloboda-narodu-anatifasizam-u-istri-u-pazinu\/\">Izlo\u017eba SLOBODA NARODU! anatifa\u0161izam u Istri u Pazinu<\/a><\/blockquote><iframe loading=\"lazy\" class=\"wp-embedded-content\" sandbox=\"allow-scripts\" security=\"restricted\" style=\"position: absolute; clip: rect(1px, 1px, 1px, 1px);\" title=\"&#8220;Izlo\u017eba SLOBODA NARODU! anatifa\u0161izam u Istri u Pazinu&#8221; &#8212; Istarsko povijesno dru\u0161tvo - Societ\u00e0 Storica Istriana\" src=\"https:\/\/ipd-ssi.hr\/2023\/09\/08\/izlozba-sloboda-narodu-anatifasizam-u-istri-u-pazinu\/embed\/#?secret=auyV7tJBSO#?secret=N2jLKE7aBX\" data-secret=\"N2jLKE7aBX\" width=\"600\" height=\"338\" frameborder=\"0\" marginwidth=\"0\" marginheight=\"0\" scrolling=\"no\"><\/iframe>\n<\/div><\/figure>\n\n\n\n<hr class=\"wp-block-separator\"\/>\n","protected":false},"excerpt":{"rendered":"","protected":false},"author":2,"featured_media":37194,"comment_status":"open","ping_status":"open","sticky":false,"template":"","format":"standard","meta":{"_acf_changed":false,"jetpack_post_was_ever_published":false,"_jetpack_newsletter_access":"","_jetpack_dont_email_post_to_subs":false,"_jetpack_newsletter_tier_id":0,"_jetpack_memberships_contains_paywalled_content":false,"_jetpack_memberships_contains_paid_content":false,"footnotes":"","jetpack_publicize_message":"","jetpack_publicize_feature_enabled":true,"jetpack_social_post_already_shared":true,"jetpack_social_options":{"image_generator_settings":{"template":"highway","default_image_id":0,"font":"","enabled":false},"version":2}},"categories":[10,3],"tags":[],"class_list":["post-37193","post","type-post","status-publish","format-standard","has-post-thumbnail","hentry","category-izlozbe","category-novosti"],"acf":{"facebook_opis":""},"jetpack_publicize_connections":[],"jetpack_featured_media_url":"https:\/\/i0.wp.com\/historiografija.hr\/wp-content\/uploads\/2023\/09\/Antifasizam.jpg?fit=500%2C261&ssl=1","jetpack_sharing_enabled":true,"jetpack-related-posts":[],"_links":{"self":[{"href":"https:\/\/historiografija.hr\/index.php?rest_route=\/wp\/v2\/posts\/37193","targetHints":{"allow":["GET"]}}],"collection":[{"href":"https:\/\/historiografija.hr\/index.php?rest_route=\/wp\/v2\/posts"}],"about":[{"href":"https:\/\/historiografija.hr\/index.php?rest_route=\/wp\/v2\/types\/post"}],"author":[{"embeddable":true,"href":"https:\/\/historiografija.hr\/index.php?rest_route=\/wp\/v2\/users\/2"}],"replies":[{"embeddable":true,"href":"https:\/\/historiografija.hr\/index.php?rest_route=%2Fwp%2Fv2%2Fcomments&post=37193"}],"version-history":[{"count":1,"href":"https:\/\/historiografija.hr\/index.php?rest_route=\/wp\/v2\/posts\/37193\/revisions"}],"predecessor-version":[{"id":37195,"href":"https:\/\/historiografija.hr\/index.php?rest_route=\/wp\/v2\/posts\/37193\/revisions\/37195"}],"wp:featuredmedia":[{"embeddable":true,"href":"https:\/\/historiografija.hr\/index.php?rest_route=\/wp\/v2\/media\/37194"}],"wp:attachment":[{"href":"https:\/\/historiografija.hr\/index.php?rest_route=%2Fwp%2Fv2%2Fmedia&parent=37193"}],"wp:term":[{"taxonomy":"category","embeddable":true,"href":"https:\/\/historiografija.hr\/index.php?rest_route=%2Fwp%2Fv2%2Fcategories&post=37193"},{"taxonomy":"post_tag","embeddable":true,"href":"https:\/\/historiografija.hr\/index.php?rest_route=%2Fwp%2Fv2%2Ftags&post=37193"}],"curies":[{"name":"wp","href":"https:\/\/api.w.org\/{rel}","templated":true}]}}