{"id":37180,"date":"2023-09-19T21:51:15","date_gmt":"2023-09-19T21:51:15","guid":{"rendered":"http:\/\/historiografija.hr\/?p=37180"},"modified":"2023-09-19T21:51:15","modified_gmt":"2023-09-19T21:51:15","slug":"objavljen-17-broj-casopisa-pro-tempore-za-2022-civilizacijski-i-kulturni-susreti","status":"publish","type":"post","link":"https:\/\/historiografija.hr\/?p=37180","title":{"rendered":"Objavljen 17. broj \u010dasopisa Pro tempore za 2022: Civilizacijski i kulturni susreti"},"content":{"rendered":"\n<p>Ovih dana na Portalu hrvatskih znanstvenih i stru\u010dnih \u010dasopisa \u2013 Hr\u010dak (<a href=\"https:\/\/hrcak.srce.hr\/broj\/23292\">https:\/\/hrcak.srce.hr\/broj\/23292<\/a>) objavljen je, netom iz tiska iza\u0161li, novi <strong>17. broj \u010dasopisa <em>Pro tempore<\/em> za 2022. godinu<\/strong>. Ovaj \u010dasopis studenata povijesti s Odsjeka za povijest Filozofskog fakulteta u Zagrebu izlazi od 2004. godine, a objavljuje znanstvene, stru\u010dne i pregledne radove te eseje, prikaze, kritike, intervjue i razne druge priloge iz podru\u010dja povijesti, arheologije, povijesti umjetnosti i drugih srodnih disciplina. Jedna je od glavnih svrha \u010dasopisa ponuditi studentima platformu za objavljivanje vlastitih raznovrsnih radova te tako poticati studentsku istra\u017eiva\u010dku aktivnost i njihov znanstveni razvoj.<\/p>\n\n\n\n<p>Najnoviji 17. broj \u010dasopisa obra\u0111uje temu&nbsp;<strong><em>Civilizacijski i kulturni susreti<\/em><\/strong>. Taj je fenomen obilje\u017eio sva povijesna razdoblja pa je u 17. broju mogu\u0107e prona\u0107i radove od stare povijesti do suvremene povijesti koji tematiziraju u vi\u0161e-manje podjednakoj mjeri hrvatsku i globalnu povijest. U \u010dlancima je stavljen naglasak na propitivanje civilizacijskih i kulturnih pro\u017eimanja i odbacivanja, zatim na istra\u017eivanje kulturnih transfera, do\u017eivljaj Drugog i stvaranje slike o njemu, te posljedi\u010dno na kontaktne zone kao prostor razgrani\u010denja, ali i susreta raznolikih kulturnih entiteta.<\/p>\n\n\n\n<p>Na odre\u0111en na\u010din, 17. broj ima i elemente zbornika radova. Naime, nakon \u0161to je 11. travnja 2022. godine, u organizaciji uredni\u0161tva \u010dasopisa, odr\u017ean studentski skup na istu temu, a na kojemu se okupilo petnaest izlaga\u010da, uslijedio je ovaj tematski broj u kojemu je objavljeno osam izlaganja sa skupa. Uz izlaganja, preure\u0111ena u pregledne i stru\u010dne radove, objavljena su i tri diplomska rada te jo\u0161 nekoliko zaprimljenih \u010dlanaka. U \u010detiri tematske cjeline&nbsp;<strong><em>Susreti, sukobi i pro\u017eimanja: globalna perspektiva, Susreti, sukobi i pro\u017eimanja: hrvatski povijesni prostor, Identiteti i alteriteti: historijsko-imagolo\u0161ke teme<\/em>&nbsp;<\/strong>i<strong><em>&nbsp;Pod barjakom zvijezde i polumjeseca: ottomanica<\/em>&nbsp;<\/strong>objavljeno je petnaest \u010dlanaka, koje su recenzirali nastavnici s Odsjeka za povijest Filozofskog fakulteta te drugi hrvatski povjesni\u010dari i stru\u010dnjaci, te \u010detiri prijevoda, od kojih su dva nastala za nastavne potrebe Odsjeka za povijest. Prijevode, pregledne i stru\u010dne radove te eseje prati pet prikaza novijih knjiga, sedam nekrologa i obituarija te \u0161est intervjua, a 17. broj sveukupno broji 562 stranice.<\/p>\n\n\n\n<p>Uredni\u0161tvo 17. broja \u010dasopisa \u010dini sedam studenata povijesti &#8211; Ivan Mrnarevi\u0107, glavni urednik, Ivan \u0106ori\u0107, zamjenik glavnog urednika, Petar Be\u0161li\u0107, Ivana \u0110ordi\u0107, Stanka Mujo, Filip \u0160imunjak i Marko Zidari\u0107.<\/p>\n\n\n\n<hr class=\"wp-block-separator\"\/>\n\n\n\n<p>Predstavljanje 17. broja \u010dasopisa Pro tempore uskoro \u0107e se odr\u017eati na Filozofskom fakultetu u Zagrebu.<\/p>\n\n\n\n<hr class=\"wp-block-separator\"\/>\n\n\n\n<p>Op\u0161irnije:<\/p>\n\n\n\n<figure class=\"wp-block-embed-wordpress wp-block-embed is-type-wp-embed is-provider-povcast-hr\"><div class=\"wp-block-embed__wrapper\">\n<blockquote class=\"wp-embedded-content\" data-secret=\"ZUsYiiR3Ta\"><a href=\"https:\/\/povcast.ffzg.unizg.hr\/prema-povijesti-civilizacijskih-i-kulturnih-susreta-novi-17-broj-casopisa-pro-tempore\/\">Prema povijesti civilizacijskih i kulturnih susreta: novi 17. broj \u010dasopisa Pro tempore<\/a><\/blockquote><iframe loading=\"lazy\" class=\"wp-embedded-content\" sandbox=\"allow-scripts\" security=\"restricted\" style=\"position: absolute; clip: rect(1px, 1px, 1px, 1px);\" title=\"&#8220;Prema povijesti civilizacijskih i kulturnih susreta: novi 17. broj \u010dasopisa Pro tempore&#8221; &#8212; Povcast.hr\" src=\"https:\/\/povcast.ffzg.unizg.hr\/prema-povijesti-civilizacijskih-i-kulturnih-susreta-novi-17-broj-casopisa-pro-tempore\/embed\/#?secret=0MioqjgeLH#?secret=ZUsYiiR3Ta\" data-secret=\"ZUsYiiR3Ta\" width=\"600\" height=\"338\" frameborder=\"0\" marginwidth=\"0\" marginheight=\"0\" scrolling=\"no\"><\/iframe>\n<\/div><\/figure>\n\n\n\n<hr class=\"wp-block-separator\"\/>\n","protected":false},"excerpt":{"rendered":"","protected":false},"author":2,"featured_media":37181,"comment_status":"open","ping_status":"open","sticky":false,"template":"","format":"standard","meta":{"_acf_changed":false,"jetpack_post_was_ever_published":false,"_jetpack_newsletter_access":"","_jetpack_dont_email_post_to_subs":false,"_jetpack_newsletter_tier_id":0,"_jetpack_memberships_contains_paywalled_content":false,"_jetpack_memberships_contains_paid_content":false,"footnotes":"","jetpack_publicize_message":"","jetpack_publicize_feature_enabled":true,"jetpack_social_post_already_shared":true,"jetpack_social_options":{"image_generator_settings":{"template":"highway","default_image_id":0,"font":"","enabled":false},"version":2}},"categories":[21,3],"tags":[],"class_list":["post-37180","post","type-post","status-publish","format-standard","has-post-thumbnail","hentry","category-casopisi","category-novosti"],"acf":{"facebook_opis":""},"jetpack_publicize_connections":[],"jetpack_featured_media_url":"https:\/\/i0.wp.com\/historiografija.hr\/wp-content\/uploads\/2023\/09\/naslovnica_PT.jpg?fit=1240%2C1755&ssl=1","jetpack_sharing_enabled":true,"jetpack-related-posts":[],"_links":{"self":[{"href":"https:\/\/historiografija.hr\/index.php?rest_route=\/wp\/v2\/posts\/37180","targetHints":{"allow":["GET"]}}],"collection":[{"href":"https:\/\/historiografija.hr\/index.php?rest_route=\/wp\/v2\/posts"}],"about":[{"href":"https:\/\/historiografija.hr\/index.php?rest_route=\/wp\/v2\/types\/post"}],"author":[{"embeddable":true,"href":"https:\/\/historiografija.hr\/index.php?rest_route=\/wp\/v2\/users\/2"}],"replies":[{"embeddable":true,"href":"https:\/\/historiografija.hr\/index.php?rest_route=%2Fwp%2Fv2%2Fcomments&post=37180"}],"version-history":[{"count":1,"href":"https:\/\/historiografija.hr\/index.php?rest_route=\/wp\/v2\/posts\/37180\/revisions"}],"predecessor-version":[{"id":37182,"href":"https:\/\/historiografija.hr\/index.php?rest_route=\/wp\/v2\/posts\/37180\/revisions\/37182"}],"wp:featuredmedia":[{"embeddable":true,"href":"https:\/\/historiografija.hr\/index.php?rest_route=\/wp\/v2\/media\/37181"}],"wp:attachment":[{"href":"https:\/\/historiografija.hr\/index.php?rest_route=%2Fwp%2Fv2%2Fmedia&parent=37180"}],"wp:term":[{"taxonomy":"category","embeddable":true,"href":"https:\/\/historiografija.hr\/index.php?rest_route=%2Fwp%2Fv2%2Fcategories&post=37180"},{"taxonomy":"post_tag","embeddable":true,"href":"https:\/\/historiografija.hr\/index.php?rest_route=%2Fwp%2Fv2%2Ftags&post=37180"}],"curies":[{"name":"wp","href":"https:\/\/api.w.org\/{rel}","templated":true}]}}