{"id":37175,"date":"2023-09-19T21:39:00","date_gmt":"2023-09-19T21:39:00","guid":{"rendered":"http:\/\/historiografija.hr\/?p=37175"},"modified":"2023-09-19T21:39:33","modified_gmt":"2023-09-19T21:39:33","slug":"xxviith-annual-forum-of-young-legal-historians","status":"publish","type":"post","link":"https:\/\/historiografija.hr\/?p=37175","title":{"rendered":"XXVIIth Annual Forum of Young Legal Historians"},"content":{"rendered":"\n<p>U organizaciji Univerziteta u Sarajevu \u2013 Pravnog fakulteta, u periodu od 21. do 23. rujna 2023. godine, odr\u017eava se&nbsp;<a href=\"https:\/\/aylh.org\/association\/\" target=\"_blank\" rel=\"noreferrer noopener\">XXVIIth Annual Forum of Young Legal Historians<\/a>.&nbsp;<\/p>\n\n\n\n<p>Tema ovogodi\u0161nje konferencije je &#8220;Meeting of Legal Cultures&#8221;.&nbsp;<\/p>\n\n\n\n<p>Susret pravnih kultura Orijenta i Okcidenta predstavlja jedan klju\u010dnih aspekata pravne povijesti, oblikuje razvoj prava i promovira povezaniji i pravedniji pravni sustav.<\/p>\n\n\n\n<p>Na ovogodi\u0161njem skupu \u0107e sudjelovati 52 stru\u010dnjaka iz razli\u010ditih dr\u017eava \u2013 Austrije, Belgije, Bosne i Hercegovine, Brazila, \u010ce\u0161ke Republike, Gr\u010dke, Hrvatske, Italije, Japana, Kine, Ma\u0111arske, Njema\u010dke, Poljske, Sjedinjenih Ameri\u010dkih Dr\u017eava, Turske, Velike Britanije.&nbsp;<\/p>\n\n\n\n<p>Paneli su podijeljeni po temama: susreti pravnih kultura, religijsko pravo, rimsko pravo i moderni pravni sustavi.&nbsp;<\/p>\n\n\n\n<p>Knjiga sa\u017eetaka, koju su uredili dr. sc. Amila Svraka Imamovi\u0107, doc. dr. sc. Mirza Hebib i mr. sc. Mirela Ro\u017eajac Zul\u010di\u0107 dostupna je na:\u00a0<a rel=\"noreferrer noopener\" href=\"https:\/\/www.pfsa.unsa.ba\/pf\/biblioteka\/e-izdavastvo\/\" target=\"_blank\">https:\/\/www.pfsa.unsa.ba\/pf\/biblioteka\/e-izdavastvo\/<\/a><\/p>\n\n\n\n<hr class=\"wp-block-separator\"\/>\n\n\n\n<div class=\"wp-block-file\"><a href=\"https:\/\/historiografija.hr\/wp-content\/uploads\/2023\/09\/Program.pdf\">Program<\/a><a href=\"https:\/\/historiografija.hr\/wp-content\/uploads\/2023\/09\/Program.pdf\" class=\"wp-block-file__button\" download>Preuzmi<\/a><\/div>\n\n\n\n<hr class=\"wp-block-separator\"\/>\n","protected":false},"excerpt":{"rendered":"","protected":false},"author":2,"featured_media":37177,"comment_status":"open","ping_status":"open","sticky":false,"template":"","format":"standard","meta":{"_acf_changed":false,"jetpack_post_was_ever_published":false,"_jetpack_newsletter_access":"","_jetpack_dont_email_post_to_subs":false,"_jetpack_newsletter_tier_id":0,"_jetpack_memberships_contains_paywalled_content":false,"_jetpack_memberships_contains_paid_content":false,"footnotes":"","jetpack_publicize_message":"","jetpack_publicize_feature_enabled":true,"jetpack_social_post_already_shared":true,"jetpack_social_options":{"image_generator_settings":{"template":"highway","default_image_id":0,"font":"","enabled":false},"version":2}},"categories":[3,9],"tags":[],"class_list":["post-37175","post","type-post","status-publish","format-standard","has-post-thumbnail","hentry","category-novosti","category-skupovi"],"acf":{"facebook_opis":""},"jetpack_publicize_connections":[],"jetpack_featured_media_url":"https:\/\/i0.wp.com\/historiografija.hr\/wp-content\/uploads\/2023\/09\/Meeting.png?fit=1587%2C2245&ssl=1","jetpack_sharing_enabled":true,"jetpack-related-posts":[],"_links":{"self":[{"href":"https:\/\/historiografija.hr\/index.php?rest_route=\/wp\/v2\/posts\/37175","targetHints":{"allow":["GET"]}}],"collection":[{"href":"https:\/\/historiografija.hr\/index.php?rest_route=\/wp\/v2\/posts"}],"about":[{"href":"https:\/\/historiografija.hr\/index.php?rest_route=\/wp\/v2\/types\/post"}],"author":[{"embeddable":true,"href":"https:\/\/historiografija.hr\/index.php?rest_route=\/wp\/v2\/users\/2"}],"replies":[{"embeddable":true,"href":"https:\/\/historiografija.hr\/index.php?rest_route=%2Fwp%2Fv2%2Fcomments&post=37175"}],"version-history":[{"count":2,"href":"https:\/\/historiografija.hr\/index.php?rest_route=\/wp\/v2\/posts\/37175\/revisions"}],"predecessor-version":[{"id":37179,"href":"https:\/\/historiografija.hr\/index.php?rest_route=\/wp\/v2\/posts\/37175\/revisions\/37179"}],"wp:featuredmedia":[{"embeddable":true,"href":"https:\/\/historiografija.hr\/index.php?rest_route=\/wp\/v2\/media\/37177"}],"wp:attachment":[{"href":"https:\/\/historiografija.hr\/index.php?rest_route=%2Fwp%2Fv2%2Fmedia&parent=37175"}],"wp:term":[{"taxonomy":"category","embeddable":true,"href":"https:\/\/historiografija.hr\/index.php?rest_route=%2Fwp%2Fv2%2Fcategories&post=37175"},{"taxonomy":"post_tag","embeddable":true,"href":"https:\/\/historiografija.hr\/index.php?rest_route=%2Fwp%2Fv2%2Ftags&post=37175"}],"curies":[{"name":"wp","href":"https:\/\/api.w.org\/{rel}","templated":true}]}}