{"id":37172,"date":"2023-09-19T21:28:51","date_gmt":"2023-09-19T21:28:51","guid":{"rendered":"http:\/\/historiografija.hr\/?p=37172"},"modified":"2023-09-19T21:28:51","modified_gmt":"2023-09-19T21:28:51","slug":"filmski-cetvrtak-juraj-dalmatinac-graditelj-katedrale","status":"publish","type":"post","link":"https:\/\/historiografija.hr\/?p=37172","title":{"rendered":"Filmski \u010detvrtak: Juraj Dalmatinac \u2013 graditelj katedrale"},"content":{"rendered":"\n<p>Povodom 550 godina od smrti Jurja Dalmatinca&nbsp;<strong>21. rujna 2023., u 18 sati,<\/strong> u dvorani Katalozi Hrvatskog dr\u017eavnog arhiva (Maruli\u0107ev trg 21) prikazat \u0107emo dva dokumentarna filma,&nbsp; <em>Poruka u kamenu <\/em>(Stjepan Dragani\u0107, 1961., 14 min) i <em>Juraj Dalmatinac \u2013 graditelj katedrale<\/em> (Oktavijan Mileti\u0107, 1977., 22 min.), koji se fokusiraju na Dalmatin\u010dev \u017eivotni projekt, gradnju \u0161ibenske katedrale, ali opisuju i njegova ostala djela. Posebno je fascinantan dokumentarac glasovitog autora Oktavijana Mileti\u0107a s manje poznatim detaljima iz majstorova&nbsp;\u017eivota i vizualnim trikovima uz pomo\u0107 kojih su prikazane faze izgradnje katedrale.<\/p>\n\n\n\n<p>O Jurju Dalmatincu i njegovu\u00a0djelu nakon projekcije govorit \u0107e dr. sc. <strong>Predrag Markovi\u0107<\/strong>, predstojnik Katedre za umjetnost romanike i gotike na Filozofskom fakultetu u Zagrebu. Program je priredio vi\u0161i filmski arhivist <strong>Juraj Kuko\u010d. <\/strong>Ulaz na program je besplatan.<\/p>\n\n\n\n<hr class=\"wp-block-separator\"\/>\n\n\n\n<p>Izvor:<\/p>\n\n\n\n<p><a href=\"http:\/\/www.arhiv.hr\/hr-hr\/Kulturno-prosvjetne-aktivnosti\/ArticleId\/1736\/oamid\/1633\">http:\/\/www.arhiv.hr\/hr-hr\/Kulturno-prosvjetne-aktivnosti\/ArticleId\/1736\/oamid\/1633<\/a><\/p>\n\n\n\n<hr class=\"wp-block-separator\"\/>\n","protected":false},"excerpt":{"rendered":"","protected":false},"author":2,"featured_media":37173,"comment_status":"open","ping_status":"open","sticky":false,"template":"","format":"standard","meta":{"_acf_changed":false,"jetpack_post_was_ever_published":false,"_jetpack_newsletter_access":"","_jetpack_dont_email_post_to_subs":false,"_jetpack_newsletter_tier_id":0,"_jetpack_memberships_contains_paywalled_content":false,"_jetpack_memberships_contains_paid_content":false,"footnotes":"","jetpack_publicize_message":"","jetpack_publicize_feature_enabled":true,"jetpack_social_post_already_shared":true,"jetpack_social_options":{"image_generator_settings":{"template":"highway","default_image_id":0,"font":"","enabled":false},"version":2}},"categories":[13,3],"tags":[],"class_list":["post-37172","post","type-post","status-publish","format-standard","has-post-thumbnail","hentry","category-filmovi-i-serije","category-novosti"],"acf":{"facebook_opis":""},"jetpack_publicize_connections":[],"jetpack_featured_media_url":"https:\/\/i0.wp.com\/historiografija.hr\/wp-content\/uploads\/2023\/09\/Juraj-Dalmatinac-graditelj-katedrale.png?fit=1920%2C1080&ssl=1","jetpack_sharing_enabled":true,"jetpack-related-posts":[],"_links":{"self":[{"href":"https:\/\/historiografija.hr\/index.php?rest_route=\/wp\/v2\/posts\/37172","targetHints":{"allow":["GET"]}}],"collection":[{"href":"https:\/\/historiografija.hr\/index.php?rest_route=\/wp\/v2\/posts"}],"about":[{"href":"https:\/\/historiografija.hr\/index.php?rest_route=\/wp\/v2\/types\/post"}],"author":[{"embeddable":true,"href":"https:\/\/historiografija.hr\/index.php?rest_route=\/wp\/v2\/users\/2"}],"replies":[{"embeddable":true,"href":"https:\/\/historiografija.hr\/index.php?rest_route=%2Fwp%2Fv2%2Fcomments&post=37172"}],"version-history":[{"count":1,"href":"https:\/\/historiografija.hr\/index.php?rest_route=\/wp\/v2\/posts\/37172\/revisions"}],"predecessor-version":[{"id":37174,"href":"https:\/\/historiografija.hr\/index.php?rest_route=\/wp\/v2\/posts\/37172\/revisions\/37174"}],"wp:featuredmedia":[{"embeddable":true,"href":"https:\/\/historiografija.hr\/index.php?rest_route=\/wp\/v2\/media\/37173"}],"wp:attachment":[{"href":"https:\/\/historiografija.hr\/index.php?rest_route=%2Fwp%2Fv2%2Fmedia&parent=37172"}],"wp:term":[{"taxonomy":"category","embeddable":true,"href":"https:\/\/historiografija.hr\/index.php?rest_route=%2Fwp%2Fv2%2Fcategories&post=37172"},{"taxonomy":"post_tag","embeddable":true,"href":"https:\/\/historiografija.hr\/index.php?rest_route=%2Fwp%2Fv2%2Ftags&post=37172"}],"curies":[{"name":"wp","href":"https:\/\/api.w.org\/{rel}","templated":true}]}}