{"id":37162,"date":"2023-09-18T22:23:28","date_gmt":"2023-09-18T22:23:28","guid":{"rendered":"http:\/\/historiografija.hr\/?p=37162"},"modified":"2023-09-18T22:23:28","modified_gmt":"2023-09-18T22:23:28","slug":"prevodenje-i-transnacionalno-knjizevno-polje-povijest-sociologija-ekonomija","status":"publish","type":"post","link":"https:\/\/historiografija.hr\/?p=37162","title":{"rendered":"Prevo\u0111enje i transnacionalno knji\u017eevno polje: povijest, sociologija, ekonomija"},"content":{"rendered":"\n<p><strong>Utorak 19. rujna 2023. u 17:30 sati, Francuski institut, Preradovi\u0107eva 5, Zagreb<\/strong><\/p>\n\n\n\n<hr class=\"wp-block-separator\"\/>\n\n\n\n<p>Dana 19. rujna ugostit \u0107emo dvije svjetski priznate stru\u010dnjakinje za prevo\u0111enje, Gis\u00e8le Sapiro (EHESS, CNRS, Pariz) i Zrinku Stahuljak (UCLA, Los Angeles). Ovaj \u0107e susret biti iznimna prilika da se ponovo osvrnemo na pitanje prevo\u0111enja kao kompleksnog interkulturalnog posredovanja i da istaknemo njegovu temeljnu povezanost s povije\u0161\u0107u, sociologijom i ekonomijom. U razgovoru o istra\u017eiva\u010dkom radu na\u0161ih dviju uva\u017eenih go\u0161\u0107a poseban \u0107e se naglasak staviti na njihove tekstove koji su upravo iza\u0161li u hrvatskom prijevodu, posebice tri \u010dlanka Gis\u00e8le Sapiro objavljena u knji\u017eevnom \u010dasopisu <em>Tema<\/em> te knjigu <em>Fikseri u srednjem vijeku<\/em>. <em>Umre\u017eenost povijesti i knji\u017eevnosti<\/em> Zrinke Stahuljak (Meandar Media), u prijevodu Lee Kov\u00e1cs, koja \u0107e osigurati i konsekutivno prevo\u0111enje. Razgovor \u0107e moderirati Vanda Mik\u0161i\u0107, prevoditeljica i profesorica na Sveu\u010dili\u0161tu u Zadru.<\/p>\n\n\n\n<p>Doga\u0111anje se organizira u suradnji sa Sveu\u010dili\u0161tem u Zadru i izdava\u010dkom ku\u0107om Meandar Media.<\/p>\n\n\n\n<p><strong>Gis\u00e8le Sapiro<\/strong> francuska je sociologinja, profesorica na pari\u0161koj Visokoj \u0161koli za dru\u0161tvene znanosti (EHESS), direktorica istra\u017eivanja na CNRS-u i \u010dlanica Academia Europeae. Podru\u010dja njezina interesa su sociologija kulture, knji\u017eevnosti, intelektualaca, prevo\u0111enja, izdava\u0161tva, prava te epistemologija i povijest dru\u0161tvenih i humanisti\u010dkih znanosti. Voditeljica je europskoga projekta Interco-SSH. Autorica je niza znanstvenih radova i knjiga u kojima se nadovezuje na teoriju knji\u017eevnoga polja Pierrea Bourdieua, a me\u0111u kojima su: <em>La Guerre des \u00e9crivains<\/em>, 1940-1953 (<em>Rat pisaca<\/em>, 1940. \u2013 1953., Fayard, 1999), <em>La Responsabilit\u00e9 de l\u2019\u00e9crivain. Litt\u00e9rature, droit et morale en France, XIXe \u2013 XXIe si\u00e8cle<\/em> <em>(Odgovornost pisca. Knji\u017eevnost, pravo i moral u Francuskoj od 19. do 21. stolje\u0107a<\/em>, Seuil, 2011), <em>La Sociologie de la litt\u00e9rature<\/em> (<em>Sociologija knji\u017eevnosti<\/em>, La D\u00e9couverte, 2014), <em>Los Intelectuales: profesionalizacion, politizacion, internationalizacion<\/em> (<em>Intelektualci: profesionalizacija, politizacija, internacionalizacija<\/em>, Eduvim, 2017), <em>Les Ecrivains et la politique en France<\/em> (<em>Pisci i politika u Francuskoj<\/em>, Seuil, 2018), <em>Peut-on dissocier l\u2019\u0153uvre de l\u2019auteur?<\/em> (<em>Mo\u017ee li se djelo odvojiti od autora?<\/em>, Seuil, 2020), <em>Des mots qui tuent. La responsabilit\u00e9 de l\u2019intellectuel en temps de crise, 1944-1953 <\/em>(<em>Rije\u010di koje ubijaju. Odgovornost intelektualca u doba krize, 1944. \u2013 1953.<\/em>, Points Seuil, 2020). Tako\u0111er je (su)uredila desetak zbornika i kolektivnih knjiga. Pi\u0161e na francuskom i engleskom jeziku, a radovi i knjige su joj prevo\u0111eni i na brojne druge jezike. Tri su joj teksta objavljena u \u010dasopisu <em>Tema <\/em>(1-3, 12023): \u201cTransnacionalno knji\u017eevno polje izme\u0111u (inter-)nacionalizma i kozmopolitizma\u201d, \u201cKako knji\u017eevna djela (ne) prelaze granice? Sociolo\u0161ki pristup svjetskoj knji\u017eevnosti\u201d i \u201cKnji\u017eevni festivali. Novi autoritet u transnacionalnom knji\u017eevnom polju\u201d.<\/p>\n\n\n\n<p><strong>Zrinka Stahuljak<\/strong> ro\u0111ena je i odrasla u Zagrebu, gdje je studirala engleski i francuski jezik s knji\u017eevno\u0161\u0107u. Tijekom Domovinskog rata radila je kao tuma\u010d i prevoditeljica, a 1993. je oti\u0161la na daljnje usavr\u0161avanje u SAD. Danas je redovna profesorica komparatistike i francuske knji\u017eevnosti na Kalifornijskom sveu\u010dili\u0161tu u Los Angelesu (UCLA). Pri istom je sveu\u010dili\u0161tu ravnateljica Centra za rane globalne studije (CEGS) te suvoditeljica programa Eksperimentalne kriti\u010dke teorije. Autorica je pet monografija, suautorica dviju knjiga: <em>Les Fixeurs au Moyen \u00c2ge: Histoire et litt\u00e9rature connect\u00e9es<\/em> (2021), <em>M\u00e9di\u00e9val contemporain: Pour une litt\u00e9rature connect\u00e9e<\/em> (2020), <em>The Adventures of Gillion de Trazegnies: Chivalry and Romance in the Medieval East<\/em> (2015, u suautorstvu), <em>Pornographic Archeology: Medicine, Medievalism, and the Invention of the French Nation<\/em> (2013, francuski prijevod 2018), <em>Thinking through Chr\u00e9tien de Troyes<\/em> (2011, u suautorstvu) te <em>Bloodless Genealogies of the French Middle Ages. Translatio, Kinship and Metaphor<\/em> (2005). Tako\u0111er je suurednica dvaju naslova, a potpisuje i vi\u0161e od trideset znanstvenih \u010dlanaka, eseja i prijevoda. U pari\u0161koj izdava\u010dkoj ku\u0107i \u00c9ditions Macula urednica je niza Anamn\u00e8ses: M\u00e9di\u00e9val\/Contemporain. U lipnju 2018. kao gostuju\u0107a je profesorica odr\u017eala ciklus predavanja na Coll\u00e8ge de France. Dobila je nekoliko stipendija za znanstveno usavr\u0161avanje (Guggenheim stipendija 2016, Fulbright 2013, Institute for Advanced Study, Princeton, 2005\u20132006), a redovito je pozivana kao gostuju\u0107i profesor na ugledna sveu\u010dili\u0161ta u Europi i u SAD-u. Od 2020. dopisna je \u010dlanica Hrvatske akademije znanosti i umjetnosti.<\/p>\n\n\n\n<hr class=\"wp-block-separator\"\/>\n\n\n\n<p>Izvori:<\/p>\n\n\n\n<figure class=\"wp-block-embed-wordpress wp-block-embed is-type-wp-embed is-provider-institut-francais-francuski-institut\"><div class=\"wp-block-embed__wrapper\">\n<blockquote class=\"wp-embedded-content\" data-secret=\"4BmJrDwuxJ\"><a href=\"https:\/\/institutfrancais.hr\/prevodenje-i-transnacionalno-knjizevno-polje-povijest-sociologija-ekonomija\/\">Prevo\u0111enje i transnacionalno knji\u017eevno polje: povijest, sociologija, ekonomija<\/a><\/blockquote><iframe loading=\"lazy\" class=\"wp-embedded-content\" sandbox=\"allow-scripts\" security=\"restricted\" style=\"position: absolute; clip: rect(1px, 1px, 1px, 1px);\" title=\"&#8220;Prevo\u0111enje i transnacionalno knji\u017eevno polje: povijest, sociologija, ekonomija&#8221; &#8212; Institut fran\u00e7ais - Francuski Institut\" src=\"https:\/\/institutfrancais.hr\/prevodenje-i-transnacionalno-knjizevno-polje-povijest-sociologija-ekonomija\/embed\/#?secret=HqGf1LId6b#?secret=4BmJrDwuxJ\" data-secret=\"4BmJrDwuxJ\" width=\"600\" height=\"338\" frameborder=\"0\" marginwidth=\"0\" marginheight=\"0\" scrolling=\"no\"><\/iframe>\n<\/div><\/figure>\n\n\n\n<figure class=\"wp-block-embed-wordpress wp-block-embed is-type-wp-embed is-provider-meandar-media\"><div class=\"wp-block-embed__wrapper\">\n<blockquote class=\"wp-embedded-content\" data-secret=\"meTyurNw10\"><a href=\"https:\/\/meandar.hr\/prevodenje-i-transnacionalno-knjizevno-polje-povijest-sociologija-ekonomija\/\">Prevo\u0111enje i transnacionalno knji\u017eevno polje: povijest, sociologija, ekonomija<\/a><\/blockquote><iframe loading=\"lazy\" class=\"wp-embedded-content\" sandbox=\"allow-scripts\" security=\"restricted\" style=\"position: absolute; clip: rect(1px, 1px, 1px, 1px);\" title=\"&#8220;Prevo\u0111enje i transnacionalno knji\u017eevno polje: povijest, sociologija, ekonomija&#8221; &#8212; Meandar Media\" src=\"https:\/\/meandar.hr\/prevodenje-i-transnacionalno-knjizevno-polje-povijest-sociologija-ekonomija\/embed\/#?secret=C5G3efOkYG#?secret=meTyurNw10\" data-secret=\"meTyurNw10\" width=\"600\" height=\"338\" frameborder=\"0\" marginwidth=\"0\" marginheight=\"0\" scrolling=\"no\"><\/iframe>\n<\/div><\/figure>\n\n\n\n<hr class=\"wp-block-separator\"\/>\n","protected":false},"excerpt":{"rendered":"","protected":false},"author":2,"featured_media":37163,"comment_status":"open","ping_status":"open","sticky":false,"template":"","format":"standard","meta":{"_acf_changed":false,"jetpack_post_was_ever_published":false,"_jetpack_newsletter_access":"","_jetpack_dont_email_post_to_subs":false,"_jetpack_newsletter_tier_id":0,"_jetpack_memberships_contains_paywalled_content":false,"_jetpack_memberships_contains_paid_content":false,"footnotes":"","jetpack_publicize_message":"","jetpack_publicize_feature_enabled":true,"jetpack_social_post_already_shared":true,"jetpack_social_options":{"image_generator_settings":{"template":"highway","default_image_id":0,"font":"","enabled":false},"version":2}},"categories":[3,12],"tags":[],"class_list":["post-37162","post","type-post","status-publish","format-standard","has-post-thumbnail","hentry","category-novosti","category-knjizevnost"],"acf":{"facebook_opis":""},"jetpack_publicize_connections":[],"jetpack_featured_media_url":"https:\/\/i0.wp.com\/historiografija.hr\/wp-content\/uploads\/2023\/09\/Diapositive.jpg?fit=1171%2C615&ssl=1","jetpack_sharing_enabled":true,"jetpack-related-posts":[],"_links":{"self":[{"href":"https:\/\/historiografija.hr\/index.php?rest_route=\/wp\/v2\/posts\/37162","targetHints":{"allow":["GET"]}}],"collection":[{"href":"https:\/\/historiografija.hr\/index.php?rest_route=\/wp\/v2\/posts"}],"about":[{"href":"https:\/\/historiografija.hr\/index.php?rest_route=\/wp\/v2\/types\/post"}],"author":[{"embeddable":true,"href":"https:\/\/historiografija.hr\/index.php?rest_route=\/wp\/v2\/users\/2"}],"replies":[{"embeddable":true,"href":"https:\/\/historiografija.hr\/index.php?rest_route=%2Fwp%2Fv2%2Fcomments&post=37162"}],"version-history":[{"count":1,"href":"https:\/\/historiografija.hr\/index.php?rest_route=\/wp\/v2\/posts\/37162\/revisions"}],"predecessor-version":[{"id":37164,"href":"https:\/\/historiografija.hr\/index.php?rest_route=\/wp\/v2\/posts\/37162\/revisions\/37164"}],"wp:featuredmedia":[{"embeddable":true,"href":"https:\/\/historiografija.hr\/index.php?rest_route=\/wp\/v2\/media\/37163"}],"wp:attachment":[{"href":"https:\/\/historiografija.hr\/index.php?rest_route=%2Fwp%2Fv2%2Fmedia&parent=37162"}],"wp:term":[{"taxonomy":"category","embeddable":true,"href":"https:\/\/historiografija.hr\/index.php?rest_route=%2Fwp%2Fv2%2Fcategories&post=37162"},{"taxonomy":"post_tag","embeddable":true,"href":"https:\/\/historiografija.hr\/index.php?rest_route=%2Fwp%2Fv2%2Ftags&post=37162"}],"curies":[{"name":"wp","href":"https:\/\/api.w.org\/{rel}","templated":true}]}}