{"id":37138,"date":"2023-09-15T21:39:34","date_gmt":"2023-09-15T21:39:34","guid":{"rendered":"http:\/\/historiografija.hr\/?p=37138"},"modified":"2023-09-15T21:42:27","modified_gmt":"2023-09-15T21:42:27","slug":"thomas-obruca-ahmici-osam-dana-trinaestogodisnjeg-adnana","status":"publish","type":"post","link":"https:\/\/historiografija.hr\/?p=37138","title":{"rendered":"Thomas Obru\u010da, \u201eAhmi\u0107i. Osam dana trinaestogodi\u0161njeg Adnana\u201c"},"content":{"rendered":"\n<p>Ovo je pri\u010da o trinaestogodi\u0161njem Adnanu. U vihoru rata u Bosni i Hercegovini svjedo\u010dio je brutalnom ubistvu svojih roditelja i sestre, a i sam je te\u0161ko ranjen vatrenim oru\u017ejem. Ovaj trenutak ozna\u010dava po\u010detak njegove borbe za pre\u017eivljavanje. Potpuno sam, posljednjim atomima snage, uspijeva se sakriti u ku\u0107u o\u0161te\u0107enu u podmetnutim po\u017earima, nadaju\u0107i se da \u0107e izbje\u0107i bitke koje jo\u0161 uvijek bjesne, pre\u017eivjeti i kona\u010dno biti spa\u0161en. Ali i u skrovi\u0161tu nastavlja se njegovo mu\u010deni\u0161tvo.<\/p>\n\n\n\n<hr class=\"wp-block-separator\"\/>\n\n\n\n<p>\u201cPsiholo\u0161ko remek-djelo historijskog zna\u010daja \u2013 tragedija malog bosanskog sela u 20. stolje\u0107u. \u0160okantan primjer kako su etni\u010dki razli\u010dite grupe koje su generacijama \u017eivjele zajedno i prihvatale tu\u0111u vjeru, obi\u010daje i navike, uvu\u010dene u ponore ljudskosti. Dje\u010dak, koji je i sam bio te\u0161ko ozlije\u0111en, svjedo\u010dio je ubistvu svoje porodice. Samo njegova neuni\u0161tiva volja omogu\u0107ila mu je da pre\u017eivi ovih osam dana.\u201c<\/p>\n\n\n\n<p>Thomas M\u00fcller, kriminalisti\u010dki psiholog i biv\u0161i \u0161ef Kriminalisti\u010dke psiholo\u0161ke slu\u017ebe Ministarstva unutra\u0161njih poslova Austrije<\/p>\n\n\n\n<hr class=\"wp-block-separator\"\/>\n\n\n\n<p>\u201cNeophodno \u0161tivo za svakoga ko se \u017eeli uhvati u ko\u0161tac s ludilom ratnih zlo\u010dina.\u201c<\/p>\n\n\n\n<p>Manfred Nowak, univerzitetski profesor iz oblasti ljudskih prava (Be\u010d) i glavni sekretar Globalnog kampusa ljudskih prava (Venecija)<\/p>\n\n\n\n<hr class=\"wp-block-separator\"\/>\n\n\n\n<p>S njema\u010dkog prevela Amela Sejmenovi\u0107<\/p>\n\n\n\n<hr class=\"wp-block-separator\"\/>\n\n\n\n<p>Izdava\u010d: Buybook<\/p>\n\n\n\n<p>Godina izdanja: 2023<\/p>\n\n\n\n<p>Broj stranica: 100<\/p>\n\n\n\n<hr class=\"wp-block-separator\"\/>\n\n\n\n<p><strong>Thomas Obru\u010da<\/strong> (St. P\u00f6lten, Donja Austrija, 1969) posvetio je trideset \u010detiri godine profesionalnoj karijeri dr\u017eavnog slu\u017ebenika u austrijskom Saveznom ministarstvu unutra\u0161njih poslova. Znati\u017eelja, spremnost da skrene s utabanih staza i otvorenost za izazove, omogu\u0107ili su mu da u svojim ranim godinama, uz klasi\u010dne, uniformisane i kriminalisti\u010dke policijske poslove, radi i me\u0111unarodno, preko granice. Na profesionalnom polju ta \u201cinternacionalnost\u201c prati ga ve\u0107 devetnaest godina. Osam godina proveo je u Bosni i Hercegovini, gdje je radio u dvije strane misije Ministarstva pri UN-u i kao specijalni istra\u017eitelj Me\u0111unarodnog krivi\u010dnog suda za biv\u0161u Jugoslaviju. Boravak na licu mjesta, poznavanje zemlje i njene novije historije omogu\u0107ili su mu da oslika nezaboravnu i realisti\u010dnu sliku ovog dijela Evrope. \u017divi s porodicom u H\u00fcrmu (Donja Austrija) i otac je troje djece.<\/p>\n\n\n\n<p>Vi\u0161e o autoru i njegovom radu na: <a href=\"http:\/\/www.ahmici.com\">www.ahmici.com<\/a>.<\/p>\n\n\n\n<hr class=\"wp-block-separator\"\/>\n\n\n\n<p>Izvori i dodatne obavijesti:<\/p>\n\n\n\n<p><a href=\"https:\/\/buybook.ba\/proizvod\/ahmici-osam-dana-trinaestogodisnjeg-adnana-5621\">https:\/\/buybook.ba\/proizvod\/ahmici-osam-dana-trinaestogodisnjeg-adnana-5621<\/a><\/p>\n\n\n\n<p><a href=\"https:\/\/historiografija.ba\/article.php?id=1737\">https:\/\/historiografija.ba\/article.php?id=1737<\/a><\/p>\n\n\n\n<p><a href=\"https:\/\/historiografija.ba\/article.php?id=1917\">https:\/\/historiografija.ba\/article.php?id=1917<\/a><\/p>\n\n\n\n<hr class=\"wp-block-separator\"\/>\n","protected":false},"excerpt":{"rendered":"","protected":false},"author":2,"featured_media":37139,"comment_status":"open","ping_status":"open","sticky":false,"template":"","format":"standard","meta":{"_acf_changed":false,"jetpack_post_was_ever_published":false,"_jetpack_newsletter_access":"","_jetpack_dont_email_post_to_subs":false,"_jetpack_newsletter_tier_id":0,"_jetpack_memberships_contains_paywalled_content":false,"_jetpack_memberships_contains_paid_content":false,"footnotes":"","jetpack_publicize_message":"","jetpack_publicize_feature_enabled":true,"jetpack_social_post_already_shared":true,"jetpack_social_options":{"image_generator_settings":{"template":"highway","default_image_id":0,"font":"","enabled":false},"version":2}},"categories":[3,12],"tags":[],"class_list":["post-37138","post","type-post","status-publish","format-standard","has-post-thumbnail","hentry","category-novosti","category-knjizevnost"],"acf":{"facebook_opis":""},"jetpack_publicize_connections":[],"jetpack_featured_media_url":"https:\/\/i0.wp.com\/historiografija.hr\/wp-content\/uploads\/2023\/09\/Ahmici-scaled.jpg?fit=1829%2C2560&ssl=1","jetpack_sharing_enabled":true,"jetpack-related-posts":[],"_links":{"self":[{"href":"https:\/\/historiografija.hr\/index.php?rest_route=\/wp\/v2\/posts\/37138","targetHints":{"allow":["GET"]}}],"collection":[{"href":"https:\/\/historiografija.hr\/index.php?rest_route=\/wp\/v2\/posts"}],"about":[{"href":"https:\/\/historiografija.hr\/index.php?rest_route=\/wp\/v2\/types\/post"}],"author":[{"embeddable":true,"href":"https:\/\/historiografija.hr\/index.php?rest_route=\/wp\/v2\/users\/2"}],"replies":[{"embeddable":true,"href":"https:\/\/historiografija.hr\/index.php?rest_route=%2Fwp%2Fv2%2Fcomments&post=37138"}],"version-history":[{"count":1,"href":"https:\/\/historiografija.hr\/index.php?rest_route=\/wp\/v2\/posts\/37138\/revisions"}],"predecessor-version":[{"id":37140,"href":"https:\/\/historiografija.hr\/index.php?rest_route=\/wp\/v2\/posts\/37138\/revisions\/37140"}],"wp:featuredmedia":[{"embeddable":true,"href":"https:\/\/historiografija.hr\/index.php?rest_route=\/wp\/v2\/media\/37139"}],"wp:attachment":[{"href":"https:\/\/historiografija.hr\/index.php?rest_route=%2Fwp%2Fv2%2Fmedia&parent=37138"}],"wp:term":[{"taxonomy":"category","embeddable":true,"href":"https:\/\/historiografija.hr\/index.php?rest_route=%2Fwp%2Fv2%2Fcategories&post=37138"},{"taxonomy":"post_tag","embeddable":true,"href":"https:\/\/historiografija.hr\/index.php?rest_route=%2Fwp%2Fv2%2Ftags&post=37138"}],"curies":[{"name":"wp","href":"https:\/\/api.w.org\/{rel}","templated":true}]}}