{"id":37135,"date":"2023-09-15T21:27:04","date_gmt":"2023-09-15T21:27:04","guid":{"rendered":"http:\/\/historiografija.hr\/?p=37135"},"modified":"2023-09-15T21:27:04","modified_gmt":"2023-09-15T21:27:04","slug":"nirha-efendic-kopca","status":"publish","type":"post","link":"https:\/\/historiografija.hr\/?p=37135","title":{"rendered":"Nirha Efendi\u0107, \u201eKop\u010da\u201c"},"content":{"rendered":"\n<p>Knjiga <em>Kop\u010da <\/em>Nirhe Efendi\u0107 je dokumentaristi\u010dka, autobiografska proza sa elementima fikcije, koja se bavi nestankom oca i brata autorice u genocidu u Srebrenici. Ispri\u010dana je toplim i iskrenim glasom nekoga koga je ova tragedija obilje\u017eila do\u017eivotno. Ovo je jedna od onih knjiga koje su potrebne i \u017ertvama i pre\u017eivjelima Srebrenice kao i nama koji to nismo do\u017eivjeli. Ona posjeduje prijeko potreban uvid u patnju ljudi u i oko ovog isto\u010dnobosanskog gradi\u0107a tokom ratnih godina. Posjeduje spontanu blagost i mudrost, koja je nagla\u0161ena citatima iz usmene knji\u017eevnosti. Cijela ova nevelika knjiga (jer knjige o ovako duboko li\u010dnoj tragediji ni ne mogu biti obimne) obiluje pitominom i ljekovito\u0161\u0107u kao priroda u maju.<\/p>\n\n\n\n<p>Faruk \u0160ehi\u0107<\/p>\n\n\n\n<hr class=\"wp-block-separator\"\/>\n\n\n\n<p>Izdava\u010d: Buybook<\/p>\n\n\n\n<p>Godina izdanja: 2023<\/p>\n\n\n\n<p>Broj stranica: 168<\/p>\n\n\n\n<hr class=\"wp-block-separator\"\/>\n\n\n\n<p>Dr. Nirha Efendi\u0107 (Zvornik, 1979) kustos je za usmenu poeziju Etnolo\u0161kog odjeljenja Zemaljskog muzeja BiH. Diplomirala je na Odsjeku za orijentalnu filologiju Filozofskog fakulteta Univerziteta u Sarajevu a zatim i doktorirala iz oblasti knji\u017eevno-historijskih nauka. Autorica je vi\u0161e desetina stru\u010dnih i nau\u010dnih \u010dlanaka u doma\u0107im i me\u0111unarodnim \u010dasopisima, poglavlja o sevdalinci: \u201cThe <em>Sevdalinka,<\/em> as Traditional Bosnian Love Song\u201d koje je priredila za <em>Oxford Handbook of Slavic and East European Folklore<\/em>, kao i dvije istra\u017eiva\u010dke studije: <em>Bo\u0161nja\u010dka usmena lirika \u2013 kulturnohistorijski okviri geneze i poeti\u010dka obilje\u017eja<\/em> i <em>Sevdalinka \u2013 od prve vijesti do savremenih pjeva\u010da<\/em>, te prire\u0111iva\u010dica zbirke usmenih lirskih i lirskonarativnih pjesama \u2013 <em>Narodne umotvorine iz Dervente i okolice<\/em>. \u010clanica je nekoliko me\u0111unarodnih udru\u017eenja iz oblasti etnologije, antropologije, folkloristike, te etnomuzikologije. Radovi su joj objavljivani na bosanskom, engleskom, hrvatskom, poljskom i slovenskom jeziku.<\/p>\n\n\n\n<hr class=\"wp-block-separator\"\/>\n\n\n\n<p>Izvori:<\/p>\n\n\n\n<p><a href=\"https:\/\/historiografija.ba\/article.php?id=1846\">https:\/\/historiografija.ba\/article.php?id=1846<\/a><\/p>\n\n\n\n<p><a href=\"https:\/\/buybook.ba\/proizvod\/kopca-5689\">https:\/\/buybook.ba\/proizvod\/kopca-5689<\/a><\/p>\n\n\n\n<hr class=\"wp-block-separator\"\/>\n","protected":false},"excerpt":{"rendered":"","protected":false},"author":2,"featured_media":37136,"comment_status":"open","ping_status":"open","sticky":false,"template":"","format":"standard","meta":{"_acf_changed":false,"jetpack_post_was_ever_published":false,"_jetpack_newsletter_access":"","_jetpack_dont_email_post_to_subs":false,"_jetpack_newsletter_tier_id":0,"_jetpack_memberships_contains_paywalled_content":false,"_jetpack_memberships_contains_paid_content":false,"footnotes":"","jetpack_publicize_message":"","jetpack_publicize_feature_enabled":true,"jetpack_social_post_already_shared":true,"jetpack_social_options":{"image_generator_settings":{"template":"highway","default_image_id":0,"font":"","enabled":false},"version":2}},"categories":[3,12],"tags":[],"class_list":["post-37135","post","type-post","status-publish","format-standard","has-post-thumbnail","hentry","category-novosti","category-knjizevnost"],"acf":{"facebook_opis":""},"jetpack_publicize_connections":[],"jetpack_featured_media_url":"https:\/\/i0.wp.com\/historiografija.hr\/wp-content\/uploads\/2023\/09\/Kopca.jpg?fit=809%2C1219&ssl=1","jetpack_sharing_enabled":true,"jetpack-related-posts":[],"_links":{"self":[{"href":"https:\/\/historiografija.hr\/index.php?rest_route=\/wp\/v2\/posts\/37135","targetHints":{"allow":["GET"]}}],"collection":[{"href":"https:\/\/historiografija.hr\/index.php?rest_route=\/wp\/v2\/posts"}],"about":[{"href":"https:\/\/historiografija.hr\/index.php?rest_route=\/wp\/v2\/types\/post"}],"author":[{"embeddable":true,"href":"https:\/\/historiografija.hr\/index.php?rest_route=\/wp\/v2\/users\/2"}],"replies":[{"embeddable":true,"href":"https:\/\/historiografija.hr\/index.php?rest_route=%2Fwp%2Fv2%2Fcomments&post=37135"}],"version-history":[{"count":1,"href":"https:\/\/historiografija.hr\/index.php?rest_route=\/wp\/v2\/posts\/37135\/revisions"}],"predecessor-version":[{"id":37137,"href":"https:\/\/historiografija.hr\/index.php?rest_route=\/wp\/v2\/posts\/37135\/revisions\/37137"}],"wp:featuredmedia":[{"embeddable":true,"href":"https:\/\/historiografija.hr\/index.php?rest_route=\/wp\/v2\/media\/37136"}],"wp:attachment":[{"href":"https:\/\/historiografija.hr\/index.php?rest_route=%2Fwp%2Fv2%2Fmedia&parent=37135"}],"wp:term":[{"taxonomy":"category","embeddable":true,"href":"https:\/\/historiografija.hr\/index.php?rest_route=%2Fwp%2Fv2%2Fcategories&post=37135"},{"taxonomy":"post_tag","embeddable":true,"href":"https:\/\/historiografija.hr\/index.php?rest_route=%2Fwp%2Fv2%2Ftags&post=37135"}],"curies":[{"name":"wp","href":"https:\/\/api.w.org\/{rel}","templated":true}]}}