{"id":37126,"date":"2023-09-14T21:14:29","date_gmt":"2023-09-14T21:14:29","guid":{"rendered":"http:\/\/historiografija.hr\/?p=37126"},"modified":"2023-09-14T21:14:29","modified_gmt":"2023-09-14T21:14:29","slug":"marc-ferro-le-film-dune-vie-entretiens-avec-benjamin-stora","status":"publish","type":"post","link":"https:\/\/historiografija.hr\/?p=37126","title":{"rendered":"Marc Ferro, Le film d&#8217;une vie: Entretiens avec Benjamin Stora"},"content":{"rendered":"\n<p>Objavljena je 2023. knjiga razgovora s francuskim povjesni\u010darom Marcom Ferrom (1924-2021) \u2013 koji ima zna\u010dajnu recepciju u hrvatskoj historiografiji \u2013 \u0161to ih je 2006. vodio Benjamin Stora. Teme razgovora u ovoj knjizi o \u201efilmu jednog \u017eivota\u201c kretale su se oko tema za koje je Ferro bio specijalist: zanat povjesni\u010dara, film, pokret otpora, Al\u017eir, kolonijalizam.<\/p>\n\n\n\n<hr class=\"wp-block-separator\"\/>\n\n\n\n<p>Acteur majeur de l\u2019historiographie fran\u00e7aise de la seconde moiti\u00e9 du XX<sup>e\u00a0<\/sup>si\u00e8cle, Marc Ferro \u00e9tait aussi l\u2019un des historiens les plus populaires au sein du grand public. Sp\u00e9cialiste du monde russe, il fut un pionnier dans l\u2018utilisation des images comme sources et co-dirigea les\u00a0<em>Annales.\u00a0<\/em>R\u00e9sistant et enseignant en Alg\u00e9rie, il s\u2019est int\u00e9ress\u00e9 tr\u00e8s t\u00f4t \u00e0 l\u2019histoire coloniale. En retra\u00e7ant son parcours, ce livre donne \u00e0 voir le travail de l\u2019historien en prise avec le pass\u00e9 et le pr\u00e9sent, soucieux de l\u2019avenir, et attentifs aux allers-retours entre la grande et les petites histoires.\u00a0<\/p>\n\n\n\n<hr class=\"wp-block-separator\"\/>\n\n\n\n<p>Dans ces cinq entretiens recueillis en d\u00e9cembre 2006 dans l\u2019\u00e9mission de radio \u00c0 voix nue, sur France Culture, Marc Ferro se raconte face \u00e0 l\u2019historien Benjamin Stora : cin\u00e9ma, r\u00e9sistance, Alg\u00e9rie, m\u00e9tier d\u2019historien, colonialisme.<\/p>\n\n\n\n<hr class=\"wp-block-separator\"\/>\n\n\n\n<p><a href=\"https:\/\/www.ehess.fr\/fr\/ouvrage\/film-dune-vie\">https:\/\/www.ehess.fr\/fr\/ouvrage\/film-dune-vie<\/a><\/p>\n\n\n\n<p><a href=\"http:\/\/editions.ehess.fr\/ouvrages\/ouvrage\/le-film-dune-vie\/\">http:\/\/editions.ehess.fr\/ouvrages\/ouvrage\/le-film-dune-vie\/<\/a><\/p>\n\n\n\n<hr class=\"wp-block-separator\"\/>\n","protected":false},"excerpt":{"rendered":"","protected":false},"author":2,"featured_media":37127,"comment_status":"open","ping_status":"open","sticky":false,"template":"","format":"standard","meta":{"_acf_changed":false,"jetpack_post_was_ever_published":false,"_jetpack_newsletter_access":"","_jetpack_dont_email_post_to_subs":false,"_jetpack_newsletter_tier_id":0,"_jetpack_memberships_contains_paywalled_content":false,"_jetpack_memberships_contains_paid_content":false,"footnotes":"","jetpack_publicize_message":"","jetpack_publicize_feature_enabled":true,"jetpack_social_post_already_shared":true,"jetpack_social_options":{"image_generator_settings":{"template":"highway","default_image_id":0,"font":"","enabled":false},"version":2}},"categories":[8,3],"tags":[],"class_list":["post-37126","post","type-post","status-publish","format-standard","has-post-thumbnail","hentry","category-knjige","category-novosti"],"acf":{"facebook_opis":""},"jetpack_publicize_connections":[],"jetpack_featured_media_url":"https:\/\/i0.wp.com\/historiografija.hr\/wp-content\/uploads\/2023\/09\/Ferro-2023.jpg?fit=867%2C1300&ssl=1","jetpack_sharing_enabled":true,"jetpack-related-posts":[],"_links":{"self":[{"href":"https:\/\/historiografija.hr\/index.php?rest_route=\/wp\/v2\/posts\/37126","targetHints":{"allow":["GET"]}}],"collection":[{"href":"https:\/\/historiografija.hr\/index.php?rest_route=\/wp\/v2\/posts"}],"about":[{"href":"https:\/\/historiografija.hr\/index.php?rest_route=\/wp\/v2\/types\/post"}],"author":[{"embeddable":true,"href":"https:\/\/historiografija.hr\/index.php?rest_route=\/wp\/v2\/users\/2"}],"replies":[{"embeddable":true,"href":"https:\/\/historiografija.hr\/index.php?rest_route=%2Fwp%2Fv2%2Fcomments&post=37126"}],"version-history":[{"count":1,"href":"https:\/\/historiografija.hr\/index.php?rest_route=\/wp\/v2\/posts\/37126\/revisions"}],"predecessor-version":[{"id":37128,"href":"https:\/\/historiografija.hr\/index.php?rest_route=\/wp\/v2\/posts\/37126\/revisions\/37128"}],"wp:featuredmedia":[{"embeddable":true,"href":"https:\/\/historiografija.hr\/index.php?rest_route=\/wp\/v2\/media\/37127"}],"wp:attachment":[{"href":"https:\/\/historiografija.hr\/index.php?rest_route=%2Fwp%2Fv2%2Fmedia&parent=37126"}],"wp:term":[{"taxonomy":"category","embeddable":true,"href":"https:\/\/historiografija.hr\/index.php?rest_route=%2Fwp%2Fv2%2Fcategories&post=37126"},{"taxonomy":"post_tag","embeddable":true,"href":"https:\/\/historiografija.hr\/index.php?rest_route=%2Fwp%2Fv2%2Ftags&post=37126"}],"curies":[{"name":"wp","href":"https:\/\/api.w.org\/{rel}","templated":true}]}}