{"id":37115,"date":"2023-09-13T21:06:41","date_gmt":"2023-09-13T21:06:41","guid":{"rendered":"http:\/\/historiografija.hr\/?p=37115"},"modified":"2023-09-13T21:06:41","modified_gmt":"2023-09-13T21:06:41","slug":"6-korcula-after-party","status":"publish","type":"post","link":"https:\/\/historiografija.hr\/?p=37115","title":{"rendered":"6. Kor\u010dula after Party"},"content":{"rendered":"\n<p>Ovogodi\u0161nji 6. Kor\u010dula after Party bit \u0107e s jedne strane posve\u0107en velikim godi\u0161njicama, a s druge aktualnim dru\u0161tvenim i ekonomskim odnosima, stanovanja, zdravstva, urbanizma i turizma. 130. je godi\u0161njica ro\u0111enja Miroslava Krle\u017ee i idealna je prilika za razgovor o odnosu izme\u0111u njega i Tita. 80. je godi\u0161njica bitaka na Neretvi i Sutjesci te 1943. u cjelini, koja je promijenila tok Drugog svjetskog rata i u kojoj je stvorena socijalisti\u010dka Jugoslavija.<\/p>\n\n\n\n<hr class=\"wp-block-separator\"\/>\n\n\n\n<p><strong>Petak, 15. rujna 2023.<\/strong><\/p>\n\n\n\n<p>18.00: \u201c80. godi\u0161njica velikih i presudnih bitaka na Neretvi i Sutjesci\u201d. Ivo Goldstein<\/p>\n\n\n\n<p>19.00: 80. godi\u0161njica 1943.: godine: Neretva, Sutjeska, Vis, AVNOJ, partizanke u NOB-u\u2019: Dubravka Stojanovi\u0107, Ivo Goldstein, Ivan \u010colovi\u0107, Ivana Panteli\u0107, Boris Buden, Dragan Markovina<\/p>\n\n\n\n<p>20.00: \u201cRazgovor s Lordanom Zafranovi\u0107em: trilogija o Drugom svjetskom ratu: Okupacija u 26 slika, Pad Italije i Ve\u010dernja zvona. Testament, Tito u Zagrebu i Krv i pepeo Jasenovca, uz projekciju filma \u2018Okupacija u 26 slika\u2019.<\/p>\n\n\n\n<hr class=\"wp-block-separator\"\/>\n\n\n\n<p><strong>Subota, 16. rujna 2023.<\/strong><\/p>\n\n\n\n<p>18.00: Urbano planiranje: javni i privatni interes: Tea Truta<\/p>\n\n\n\n<p>19.00: Lokalna i zelena javna nabava hrane u Zagrebu: Branko An\u010di\u0107<\/p>\n\n\n\n<p>20.00: Sudbina javnog zdravstva u Hrvatskoj: razgovor Toni Prug i Nata\u0161a \u0160kari\u010di\u0107<\/p>\n\n\n\n<p>21:00: Kor\u010dula Bernarda Bernardija i Berislava Kalogjere: Sonja Lebo\u0161<\/p>\n\n\n\n<p>22:00: Tribina: \u201cJavna, op\u0107a i privatna bogatstva: sukobi i su\u017eivot\u201d: Toni Prug, Nata\u0161a \u0160kari\u010di\u0107, Branko An\u010di\u0107, Tea Truta, Sonja Lebo\u0161<\/p>\n\n\n\n<hr class=\"wp-block-separator\"\/>\n\n\n\n<p><strong>Nedjelja, 17. rujna 2023. <\/strong><\/p>\n\n\n\n<p>18.00: Hamlet: Hamlet, uvek ono \u0161to bi mogao biti, a ne tek ono \u015dto jeste: Zlatko Pakovi\u0107<\/p>\n\n\n\n<p>19.00: \u2018Antikomunisti\u010dki revizionizam\u2019: Boris Buden<\/p>\n\n\n\n<p>20.00 : \u2018Tito i Krle\u017ea: odnos koji je odredio na\u0161u modernost\u2019: Zlatko Pakovi\u0107, Damir Pili\u0107, Vuk Peri\u0161i\u0107, Dragan Markovina.<\/p>\n\n\n\n<p>21.00: \u2018KaP: Prva petoljetka, dokumentarna reporta\u017ea: Brankica Dra\u0161kovi\u0107<\/p>\n\n\n\n<hr class=\"wp-block-separator\"\/>\n\n\n\n<p>Izvor:<\/p>\n\n\n\n<p><a href=\"https:\/\/www.facebook.com\/events\/10090881474285499\/\">https:\/\/www.facebook.com\/events\/10090881474285499\/<\/a><\/p>\n\n\n\n<hr class=\"wp-block-separator\"\/>\n","protected":false},"excerpt":{"rendered":"","protected":false},"author":2,"featured_media":37116,"comment_status":"open","ping_status":"open","sticky":false,"template":"","format":"standard","meta":{"_acf_changed":false,"_jetpack_newsletter_access":"","_jetpack_dont_email_post_to_subs":false,"_jetpack_newsletter_tier_id":0,"_jetpack_memberships_contains_paywalled_content":false,"_jetpack_memberships_contains_paid_content":false,"footnotes":"","jetpack_publicize_message":"","jetpack_publicize_feature_enabled":true,"jetpack_social_post_already_shared":true,"jetpack_social_options":{"image_generator_settings":{"template":"highway","default_image_id":0,"font":"","enabled":false},"version":2},"jetpack_post_was_ever_published":false},"categories":[3],"tags":[],"class_list":["post-37115","post","type-post","status-publish","format-standard","has-post-thumbnail","hentry","category-novosti"],"acf":{"facebook_opis":""},"jetpack_publicize_connections":[],"jetpack_featured_media_url":"https:\/\/i0.wp.com\/historiografija.hr\/wp-content\/uploads\/2023\/09\/Korcula.jpg?fit=1640%2C856&ssl=1","jetpack_sharing_enabled":true,"jetpack-related-posts":[{"id":54809,"url":"https:\/\/historiografija.hr\/?p=54809","url_meta":{"origin":37115,"position":0},"title":"Tribina o doga\u0111anjima prije, tokom i nakon ustanka u Srbu","author":"Branimir Jankovi\u0107","date":"27. srpnja 2026.","format":false,"excerpt":"U ponedjeljak, 27. srpnja 2026. u 19.15 sati u Srbu \u0107e - povodom obilje\u017eavanja Dana ustanka naroda Hrvatske - biti odr\u017eana tribina o doga\u0111anjima prije, tokom i nakon ustanka u Srbu. Sudjeluju: Milan Radanovi\u0107 (moderator) te Igor Mrkalj i Ivo Goldstein. Tribina \u0107e biti u\u017eivo preno\u0161ena putem Facebook profila SNV-a.\u2026","rel":"","context":"U &quot;Novosti&quot;","block_context":{"text":"Novosti","link":"https:\/\/historiografija.hr\/?cat=3"},"img":{"alt_text":"","src":"https:\/\/i0.wp.com\/historiografija.hr\/wp-content\/uploads\/2026\/07\/SNV_Srb_2026.jpg?fit=1200%2C720&ssl=1&resize=350%2C200","width":350,"height":200,"srcset":"https:\/\/i0.wp.com\/historiografija.hr\/wp-content\/uploads\/2026\/07\/SNV_Srb_2026.jpg?fit=1200%2C720&ssl=1&resize=350%2C200 1x, https:\/\/i0.wp.com\/historiografija.hr\/wp-content\/uploads\/2026\/07\/SNV_Srb_2026.jpg?fit=1200%2C720&ssl=1&resize=525%2C300 1.5x, https:\/\/i0.wp.com\/historiografija.hr\/wp-content\/uploads\/2026\/07\/SNV_Srb_2026.jpg?fit=1200%2C720&ssl=1&resize=700%2C400 2x, https:\/\/i0.wp.com\/historiografija.hr\/wp-content\/uploads\/2026\/07\/SNV_Srb_2026.jpg?fit=1200%2C720&ssl=1&resize=1050%2C600 3x"},"classes":[]},{"id":54297,"url":"https:\/\/historiografija.hr\/?p=54297","url_meta":{"origin":37115,"position":1},"title":"Bo\u017eena Glavan, \u201eDefter za Carigrad\u201d","author":"Filip \u0160imunjak","date":"25. lipnja 2026.","format":false,"excerpt":"U romanu Defter za Carigrad prikazuje se diplomatska aktivnost Osmanskog Carstva u 17. st. na hrvatskom prostoru pod vla\u0161\u0107u sultana. Opisuje se su\u017eivot islamsko \u2013 kr\u0161\u0107anske kulture na toj najzapadnijoj osmanskoj granici. Pri\u010da se temelji na istra\u017eenim arhivskim povijesnim dokumentima koje je autorica koristila. Carigrad, ljeto 1671. godina. Sultan je\u2026","rel":"","context":"U &quot;Novosti&quot;","block_context":{"text":"Novosti","link":"https:\/\/historiografija.hr\/?cat=3"},"img":{"alt_text":"","src":"https:\/\/i0.wp.com\/historiografija.hr\/wp-content\/uploads\/2026\/06\/Defter-za-Carigrad.jpg?fit=300%2C419&ssl=1&resize=350%2C200","width":350,"height":200},"classes":[]},{"id":55028,"url":"https:\/\/historiografija.hr\/?p=55028","url_meta":{"origin":37115,"position":2},"title":"Drago Roksandi\u0107\u00a0i\u00a0\u0160ime Pili\u0107,\u00a0\u201eKulturni front na Hvaru 1943.\u201c","author":"Branimir Jankovi\u0107","date":"20. kolovoza 2026.","format":false,"excerpt":"Nedavno je predstavljena knjiga Drage Roksandi\u0107a\u00a0i\u00a0\u0160ime Pili\u0107a\u00a0\u201eKulturni front na Hvaru 1943.\u201c o Hvarskoj konferenciji kulturnih radnika Dalmacije 18. i 19. prosinca 1943. godine, objavljena u izdanju Biblioteke VeDRA u Splitu. Op\u0161irnije: https:\/\/dalmatinskiportal.hr\/cetvrtak-predstavlja-se-knjiga-kulturni-front-na-hvaru-1943 https:\/\/slobodnadalmacija.hr\/split-i-zupanija\/split\/bila-je-to-intelektualna-reprezentacija-dalmacije-u-splitu-predstavljena-knjiga-o-hvarskoj-konferenciji-iz-1943-1563178 https:\/\/www.vecernji.hr\/vijesti\/u-kojoj-biste-politickoj-stranci-danas-nasli-ljude-koji-bi-zivot-bili-spremni-dati-za-svoja-uvjerenja-1973514","rel":"","context":"U &quot;Knjige&quot;","block_context":{"text":"Knjige","link":"https:\/\/historiografija.hr\/?cat=8"},"img":{"alt_text":"","src":"https:\/\/historiografija.hr\/wp-content\/uploads\/2026\/08\/Kulturni-front.avif","width":350,"height":200,"srcset":"https:\/\/historiografija.hr\/wp-content\/uploads\/2026\/08\/Kulturni-front.avif 1x, https:\/\/historiografija.hr\/wp-content\/uploads\/2026\/08\/Kulturni-front.avif 1.5x, https:\/\/historiografija.hr\/wp-content\/uploads\/2026\/08\/Kulturni-front.avif 2x, https:\/\/historiografija.hr\/wp-content\/uploads\/2026\/08\/Kulturni-front.avif 3x"},"classes":[]},{"id":53092,"url":"https:\/\/historiografija.hr\/?p=53092","url_meta":{"origin":37115,"position":3},"title":"Promocija knjige Igora Mrkalja, \u201cUsta\u0161ki teror i genocid \u2013 primjer Gline i glinskoga kotara 1941.-1942. godine\u201d u Glini","author":"Branimir Jankovi\u0107","date":"11. svibnja 2026.","format":false,"excerpt":"U srijedu 13. maja 2026. u 18 sati u Srpskom kulturnom centru \u201cJosif Runjanin\u201d u Glini odr\u017eava se promocija znanstvene monografije Igora Mrkalja, \u201cUsta\u0161ki teror i genocid \u2013 primjer Gline i glinskoga kotara 1941.-1942. godine\u201d. Knjigu \u0107e predstaviti prof. dr. Ivo Goldstein, povjesni\u010dar Milan Radanovi\u0107, politolog Ilija Rani\u0107 i autor.\u2026","rel":"","context":"U &quot;Novosti&quot;","block_context":{"text":"Novosti","link":"https:\/\/historiografija.hr\/?cat=3"},"img":{"alt_text":"","src":"https:\/\/i0.wp.com\/historiografija.hr\/wp-content\/uploads\/2026\/05\/Knjiga-korice-naslovnica.jpg?fit=774%2C744&ssl=1&resize=350%2C200","width":350,"height":200,"srcset":"https:\/\/i0.wp.com\/historiografija.hr\/wp-content\/uploads\/2026\/05\/Knjiga-korice-naslovnica.jpg?fit=774%2C744&ssl=1&resize=350%2C200 1x, https:\/\/i0.wp.com\/historiografija.hr\/wp-content\/uploads\/2026\/05\/Knjiga-korice-naslovnica.jpg?fit=774%2C744&ssl=1&resize=525%2C300 1.5x, https:\/\/i0.wp.com\/historiografija.hr\/wp-content\/uploads\/2026\/05\/Knjiga-korice-naslovnica.jpg?fit=774%2C744&ssl=1&resize=700%2C400 2x"},"classes":[]},{"id":53850,"url":"https:\/\/historiografija.hr\/?p=53850","url_meta":{"origin":37115,"position":4},"title":"Novi broj \u010dasopisa \u201ePilar\u201c (35\/2025)","author":"Filip \u0160imunjak","date":"3. lipnja 2026.","format":false,"excerpt":"Institut dru\u0161tvenih znanosti Ivo Pilar izdao je 35. broj \u010dasopisa \u201ePilar: \u010dasopis za dru\u0161tvene i humanisti\u010dke studije\u201c, u cijelosti je dostupan na portalu hrvatskih znanstvenih i stru\u010dnih \u010dasopisa Hr\u010dak. Op\u0161irnije: https:\/\/hrcak.srce.hr\/broj\/26719 https:\/\/www.pilar.hr\/2026\/04\/objavljen-35-broj-casopisa-pilar\/","rel":"","context":"U &quot;\u010casopisi&quot;","block_context":{"text":"\u010casopisi","link":"https:\/\/historiografija.hr\/?cat=21"},"img":{"alt_text":"","src":"https:\/\/i0.wp.com\/historiografija.hr\/wp-content\/uploads\/2026\/06\/Pilar-2025.webp?fit=549%2C784&ssl=1&resize=350%2C200","width":350,"height":200,"srcset":"https:\/\/i0.wp.com\/historiografija.hr\/wp-content\/uploads\/2026\/06\/Pilar-2025.webp?fit=549%2C784&ssl=1&resize=350%2C200 1x, https:\/\/i0.wp.com\/historiografija.hr\/wp-content\/uploads\/2026\/06\/Pilar-2025.webp?fit=549%2C784&ssl=1&resize=525%2C300 1.5x"},"classes":[]},{"id":53197,"url":"https:\/\/historiografija.hr\/?p=53197","url_meta":{"origin":37115,"position":5},"title":"Predstavljanje knjige Tvrtka Bo\u017ei\u0107a \u201eKr\u010dani u fa\u0161isti\u010dkim, nacisti\u010dkim i usta\u0161kim zatvorima i logorima 1941. \u2013 1945.\u201c","author":"Filip \u0160imunjak","date":"13. svibnja 2026.","format":false,"excerpt":"Predstavljanje knjige Kr\u010dani u fa\u0161isti\u010dkim, nacisti\u010dkim i usta\u0161kim zatvorima i logorima 1941. - 1945., autora Tvrtka Bo\u017ei\u0107a, odr\u017eat \u0107e se 15. svibnja 2026. godine u prostorijama Saveza antifa\u0161isti\u010dkih boraca i antifa\u0161ista Republike Hrvatske u Zagrebu (Pavla Hatza 16). Knjiga\u00a0Kr\u010dani u fa\u0161isti\u010dkim, nacisti\u010dkim i usta\u0161kim zatvorima i logorima 1941. \u2013 1945.\u2026","rel":"","context":"U &quot;Novosti&quot;","block_context":{"text":"Novosti","link":"https:\/\/historiografija.hr\/?cat=3"},"img":{"alt_text":"","src":"https:\/\/i0.wp.com\/historiografija.hr\/wp-content\/uploads\/2026\/05\/Krcani-u-fasistickim-Featured-scaled.webp?fit=933%2C1200&ssl=1&resize=350%2C200","width":350,"height":200,"srcset":"https:\/\/i0.wp.com\/historiografija.hr\/wp-content\/uploads\/2026\/05\/Krcani-u-fasistickim-Featured-scaled.webp?fit=933%2C1200&ssl=1&resize=350%2C200 1x, https:\/\/i0.wp.com\/historiografija.hr\/wp-content\/uploads\/2026\/05\/Krcani-u-fasistickim-Featured-scaled.webp?fit=933%2C1200&ssl=1&resize=525%2C300 1.5x, https:\/\/i0.wp.com\/historiografija.hr\/wp-content\/uploads\/2026\/05\/Krcani-u-fasistickim-Featured-scaled.webp?fit=933%2C1200&ssl=1&resize=700%2C400 2x"},"classes":[]}],"_links":{"self":[{"href":"https:\/\/historiografija.hr\/index.php?rest_route=\/wp\/v2\/posts\/37115","targetHints":{"allow":["GET"]}}],"collection":[{"href":"https:\/\/historiografija.hr\/index.php?rest_route=\/wp\/v2\/posts"}],"about":[{"href":"https:\/\/historiografija.hr\/index.php?rest_route=\/wp\/v2\/types\/post"}],"author":[{"embeddable":true,"href":"https:\/\/historiografija.hr\/index.php?rest_route=\/wp\/v2\/users\/2"}],"replies":[{"embeddable":true,"href":"https:\/\/historiografija.hr\/index.php?rest_route=%2Fwp%2Fv2%2Fcomments&post=37115"}],"version-history":[{"count":1,"href":"https:\/\/historiografija.hr\/index.php?rest_route=\/wp\/v2\/posts\/37115\/revisions"}],"predecessor-version":[{"id":37117,"href":"https:\/\/historiografija.hr\/index.php?rest_route=\/wp\/v2\/posts\/37115\/revisions\/37117"}],"wp:featuredmedia":[{"embeddable":true,"href":"https:\/\/historiografija.hr\/index.php?rest_route=\/wp\/v2\/media\/37116"}],"wp:attachment":[{"href":"https:\/\/historiografija.hr\/index.php?rest_route=%2Fwp%2Fv2%2Fmedia&parent=37115"}],"wp:term":[{"taxonomy":"category","embeddable":true,"href":"https:\/\/historiografija.hr\/index.php?rest_route=%2Fwp%2Fv2%2Fcategories&post=37115"},{"taxonomy":"post_tag","embeddable":true,"href":"https:\/\/historiografija.hr\/index.php?rest_route=%2Fwp%2Fv2%2Ftags&post=37115"}],"curies":[{"name":"wp","href":"https:\/\/api.w.org\/{rel}","templated":true}]}}