{"id":37102,"date":"2023-09-12T22:01:14","date_gmt":"2023-09-12T22:01:14","guid":{"rendered":"http:\/\/historiografija.hr\/?p=37102"},"modified":"2023-09-12T22:02:31","modified_gmt":"2023-09-12T22:02:31","slug":"student-na-bojistu","status":"publish","type":"post","link":"https:\/\/historiografija.hr\/?p=37102","title":{"rendered":"\u201eStudent na boji\u0161tu\u201c"},"content":{"rendered":"\n<p>Pred vama je jo\u0161 jedna knjiga dnevni\u010dkih zapisa u izdanju Hrvatskoga dr\u017eavnog arhiva.<\/p>\n\n\n\n<p>Nakon fotomonografije \u201eU predasima Velikoga rata. Postkarte Stjepana Serti\u0107a 1915. \u2013 1918.\u201d, od \u010dije su objave pro\u0161le ve\u0107 \u010detiri godine, donosimo svojevrsni nastavak te publikacije, ne samo po povijesnome razdoblju ve\u0107 i po sadr\u017eaju i metolodo\u0161kim obrascima primjenjivanima u pisanju. Za razliku od Poskarata, na kojima je zabilje\u017eeno dopisivanje supru\u017enika, izdanje \u201eStudent na boji\u0161tu\u201d sadr\u017ei prijepis i komentare ratnoga dnevnika Radovana \u0160vrljuge (svr\u0161enoga gimnazijalca iznenada priklju\u010dena carskomu i kraljevskomu ratnom stroju upotpunjene njegovim fotografijama nastalima na boji\u0161nici i izvan nje). Protagonist ratnoga dnevnika potomak je ugledne karlova\u010dke lije\u010dni\u010dke obitelji koji se Prvom svjetskom ratu priklju\u010dio jo\u0161 kao gimnazijalac. Najprije je napredovao u \u010din vodnika, potom biva promaknut u zastavnika da bi 1918. postao poru\u010dnikom. Radi se o objavi arhivskih vrela i historiografskoj studiji, a ovdje prikazano i komentirano arhivsko gradivo jedno je od ponajboljih izvornih prikaza Velikoga rata s posve osobne razine.<\/p>\n\n\n\n<p>Knjiga se mo\u017ee kupiti u Hrvatskom dr\u017eavnom arhivu ili putem elektroni\u010dke po\u0161te izdavastvo@arhiv.hr\u00a0 po cijeni od 12 eura.<\/p>\n\n\n\n<hr class=\"wp-block-separator\"\/>\n\n\n\n<p>Izvor:<\/p>\n\n\n\n<p><a href=\"http:\/\/www.arhiv.hr\/hr-hr\/Kulturno-prosvjetne-aktivnosti\/ArticleId\/1730\/oamid\/1633\">http:\/\/www.arhiv.hr\/hr-hr\/Kulturno-prosvjetne-aktivnosti\/ArticleId\/1730\/oamid\/1633<\/a><\/p>\n\n\n\n<hr class=\"wp-block-separator\"\/>\n\n\n\n<p>Obavijest je objavljena i na portalu <strong>Historiografija.ba<\/strong>:<\/p>\n\n\n\n<p><a href=\"https:\/\/historiografija.ba\/article.php?id=1907\">https:\/\/historiografija.ba\/article.php?id=1907<\/a><\/p>\n\n\n\n<hr class=\"wp-block-separator\"\/>\n","protected":false},"excerpt":{"rendered":"","protected":false},"author":2,"featured_media":37103,"comment_status":"open","ping_status":"open","sticky":false,"template":"","format":"standard","meta":{"_acf_changed":false,"jetpack_post_was_ever_published":false,"_jetpack_newsletter_access":"","_jetpack_dont_email_post_to_subs":false,"_jetpack_newsletter_tier_id":0,"_jetpack_memberships_contains_paywalled_content":false,"_jetpack_memberships_contains_paid_content":false,"footnotes":"","jetpack_publicize_message":"","jetpack_publicize_feature_enabled":true,"jetpack_social_post_already_shared":true,"jetpack_social_options":{"image_generator_settings":{"template":"highway","default_image_id":0,"font":"","enabled":false},"version":2}},"categories":[8,3],"tags":[],"class_list":["post-37102","post","type-post","status-publish","format-standard","has-post-thumbnail","hentry","category-knjige","category-novosti"],"acf":{"facebook_opis":""},"jetpack_publicize_connections":[],"jetpack_featured_media_url":"https:\/\/i0.wp.com\/historiografija.hr\/wp-content\/uploads\/2023\/09\/Student-na-bojistu.jpg?fit=450%2C661&ssl=1","jetpack_sharing_enabled":true,"jetpack-related-posts":[],"_links":{"self":[{"href":"https:\/\/historiografija.hr\/index.php?rest_route=\/wp\/v2\/posts\/37102","targetHints":{"allow":["GET"]}}],"collection":[{"href":"https:\/\/historiografija.hr\/index.php?rest_route=\/wp\/v2\/posts"}],"about":[{"href":"https:\/\/historiografija.hr\/index.php?rest_route=\/wp\/v2\/types\/post"}],"author":[{"embeddable":true,"href":"https:\/\/historiografija.hr\/index.php?rest_route=\/wp\/v2\/users\/2"}],"replies":[{"embeddable":true,"href":"https:\/\/historiografija.hr\/index.php?rest_route=%2Fwp%2Fv2%2Fcomments&post=37102"}],"version-history":[{"count":2,"href":"https:\/\/historiografija.hr\/index.php?rest_route=\/wp\/v2\/posts\/37102\/revisions"}],"predecessor-version":[{"id":37105,"href":"https:\/\/historiografija.hr\/index.php?rest_route=\/wp\/v2\/posts\/37102\/revisions\/37105"}],"wp:featuredmedia":[{"embeddable":true,"href":"https:\/\/historiografija.hr\/index.php?rest_route=\/wp\/v2\/media\/37103"}],"wp:attachment":[{"href":"https:\/\/historiografija.hr\/index.php?rest_route=%2Fwp%2Fv2%2Fmedia&parent=37102"}],"wp:term":[{"taxonomy":"category","embeddable":true,"href":"https:\/\/historiografija.hr\/index.php?rest_route=%2Fwp%2Fv2%2Fcategories&post=37102"},{"taxonomy":"post_tag","embeddable":true,"href":"https:\/\/historiografija.hr\/index.php?rest_route=%2Fwp%2Fv2%2Ftags&post=37102"}],"curies":[{"name":"wp","href":"https:\/\/api.w.org\/{rel}","templated":true}]}}