{"id":37099,"date":"2023-09-12T21:52:59","date_gmt":"2023-09-12T21:52:59","guid":{"rendered":"http:\/\/historiografija.hr\/?p=37099"},"modified":"2023-09-12T21:52:59","modified_gmt":"2023-09-12T21:52:59","slug":"ivana-sojat-rogus","status":"publish","type":"post","link":"https:\/\/historiografija.hr\/?p=37099","title":{"rendered":"Ivana \u0160ojat, \u201eRogus\u201c"},"content":{"rendered":"\n<p>Mlada osje\u010dka arheologinja Angelina Pavkovi\u0107 na \u017eivotnoj je prekretnici: obo\u017eava svoj posao, ali sve drugo postalo je kolote\u010dina. Svjesna je da dalje ovako ne ide. \u017darko \u017eeli upisati doktorat, a sa svojim partnerom, perspektivnim fizi\u010darem Jakovom, nikako da prona\u0111e zajedni\u010dki jezik. Kada na jednom osje\u010dkom lokalitetu otkrije mjesto gdje su spaljivali vje\u0161tice, \u017eivot joj se okrene naglavce. Zainteresira je slu\u010daj prezimenjakinje joj Anice Pavkovi\u0107, posljednje spaljene vje\u0161tice u Osijeku 1738. Odjednom sve postaje jasnije i njezini snovi i ono \u0161to se doga\u0111a oko nje. Po\u010dinje se pitati je li ona njezina reinkarnacija, tko je Jakov, a tko njezini prijatelji, gimnazijska profesorica Jasna, s kojom se dru\u017ei od malih nogu, kolega arheolog Igor i drugi oko nje&#8230;Ivana \u0160ojat u Rogusu fascinantno spaja dva svijeta, dva Osijeka, suvremeni i barokni, te pripovijeda o \u017eenama koje se i danas kao i prije gotovo tristo godina jednako bore za svoje pozicije u mu\u0161kom svijetu. Junakinje Rogusa stvarne su u svojim strahovima, kao i u svojoj snazi da izdr\u017ee najokrutnija mu\u010denja i pobijede smrt, kao posljednja \u201cvje\u0161tica\u201d, te da se izbore za sebe, svoje snove, ljubav i strast poput Angeline.<\/p>\n\n\n\n<p>\u201c\u017dene su podlo\u017enije grijehu, takav je stav, pronalazim. \u017dene su sumnjive u svim svojim stanjima. Udovice, neudane, siroma\u0161ne, ali i one bogate koje se mogu same skrbiti za sebe, mr\u0161ave, \u017eene \u010dudnih frizura, buntovne, one koje su rodile previ\u0161e, ali i one koje imaju premalo djece, koje nisu ra\u0111ale, one koje su se usudile zasijati polje razli\u010ditim sjemenkama, koje su dodirnule mrtvu svinju, koje nose odje\u0107u \u0161ivanu od vi\u0161e vrsta tkanine, \u017eene koje imaju made\u017e ili bradavicu, silovane \u017eene. Sve mogu biti vje\u0161tice. Dovoljno je uprijeti prst u jednu od njih. Jer svaka \u0107e naposljetku priznati. Mora priznati.\u201d<\/p>\n\n\n\n<hr class=\"wp-block-separator\"\/>\n\n\n\n<p>Broj stranica: 216<\/p>\n\n\n\n<p>Datum izdanja: kolovoz 2023.<\/p>\n\n\n\n<hr class=\"wp-block-separator\"\/>\n\n\n\n<p>Izvor:<\/p>\n\n\n\n<p><a href=\"https:\/\/fraktura.hr\/rogus.html\">https:\/\/fraktura.hr\/rogus.html<\/a><\/p>\n\n\n\n<hr class=\"wp-block-separator\"\/>\n","protected":false},"excerpt":{"rendered":"","protected":false},"author":2,"featured_media":37100,"comment_status":"open","ping_status":"open","sticky":false,"template":"","format":"standard","meta":{"_acf_changed":false,"jetpack_post_was_ever_published":false,"_jetpack_newsletter_access":"","_jetpack_dont_email_post_to_subs":false,"_jetpack_newsletter_tier_id":0,"_jetpack_memberships_contains_paywalled_content":false,"_jetpack_memberships_contains_paid_content":false,"footnotes":"","jetpack_publicize_message":"","jetpack_publicize_feature_enabled":true,"jetpack_social_post_already_shared":true,"jetpack_social_options":{"image_generator_settings":{"template":"highway","default_image_id":0,"font":"","enabled":false},"version":2}},"categories":[3,12],"tags":[],"class_list":["post-37099","post","type-post","status-publish","format-standard","has-post-thumbnail","hentry","category-novosti","category-knjizevnost"],"acf":{"facebook_opis":""},"jetpack_publicize_connections":[],"jetpack_featured_media_url":"https:\/\/i0.wp.com\/historiografija.hr\/wp-content\/uploads\/2023\/09\/Rogus.jpg?fit=409%2C610&ssl=1","jetpack_sharing_enabled":true,"jetpack-related-posts":[],"_links":{"self":[{"href":"https:\/\/historiografija.hr\/index.php?rest_route=\/wp\/v2\/posts\/37099","targetHints":{"allow":["GET"]}}],"collection":[{"href":"https:\/\/historiografija.hr\/index.php?rest_route=\/wp\/v2\/posts"}],"about":[{"href":"https:\/\/historiografija.hr\/index.php?rest_route=\/wp\/v2\/types\/post"}],"author":[{"embeddable":true,"href":"https:\/\/historiografija.hr\/index.php?rest_route=\/wp\/v2\/users\/2"}],"replies":[{"embeddable":true,"href":"https:\/\/historiografija.hr\/index.php?rest_route=%2Fwp%2Fv2%2Fcomments&post=37099"}],"version-history":[{"count":1,"href":"https:\/\/historiografija.hr\/index.php?rest_route=\/wp\/v2\/posts\/37099\/revisions"}],"predecessor-version":[{"id":37101,"href":"https:\/\/historiografija.hr\/index.php?rest_route=\/wp\/v2\/posts\/37099\/revisions\/37101"}],"wp:featuredmedia":[{"embeddable":true,"href":"https:\/\/historiografija.hr\/index.php?rest_route=\/wp\/v2\/media\/37100"}],"wp:attachment":[{"href":"https:\/\/historiografija.hr\/index.php?rest_route=%2Fwp%2Fv2%2Fmedia&parent=37099"}],"wp:term":[{"taxonomy":"category","embeddable":true,"href":"https:\/\/historiografija.hr\/index.php?rest_route=%2Fwp%2Fv2%2Fcategories&post=37099"},{"taxonomy":"post_tag","embeddable":true,"href":"https:\/\/historiografija.hr\/index.php?rest_route=%2Fwp%2Fv2%2Ftags&post=37099"}],"curies":[{"name":"wp","href":"https:\/\/api.w.org\/{rel}","templated":true}]}}