{"id":37077,"date":"2023-09-11T19:28:35","date_gmt":"2023-09-11T19:28:35","guid":{"rendered":"http:\/\/historiografija.hr\/?p=37077"},"modified":"2023-09-11T19:28:35","modified_gmt":"2023-09-11T19:28:35","slug":"razgovor-povodom-30-obljetnice-vro-medacki-dzep-s-tihomirom-ponosem","status":"publish","type":"post","link":"https:\/\/historiografija.hr\/?p=37077","title":{"rendered":"Razgovor povodom 30. obljetnice VRO Meda\u010dki d\u017eep s Tihomirom Pono\u0161em"},"content":{"rendered":"\n<p>U rujnu ove godine navr\u0161ava se 30. obljetnica od vojno-redarstvene operacije D\u017eep-93, poznatije i kao Meda\u010dki d\u017eep. Operacija je provedena od 9. do 17. rujna 1993., tijekom i nakon koje su ubijani civili, uglavnom Srbi, uni\u0161tavana je imovina i zaga\u0111ivan je okoli\u0161, \u0161to je rezultiralo de facto onemogu\u0107avanjem normalnih uvjeta \u017eivota na tom podru\u010dju, \u010demu mo\u017eemo svjedo\u010diti i danas.<\/p>\n\n\n\n<p>Cjelovite informacije o svemu \u0161to se u tom periodu doga\u0111alo, a \u0161to uklju\u010duje i po\u010dinjenje ratnih zlo\u010dina prema civilima o kojima precizno govore i presude doma\u0107ih sudova, u javnosti uglavnom nisu poznate. Ono \u0161to jest poznato prete\u017eno se odnosi na vojne aspekte operacije pa tako slu\u017ebene komemoracije \u010duvaju sje\u0107anje isklju\u010divo na pripadnike oru\u017eanih snaga poginule u operaciji te na pitanja povrata okupiranog teritorija.<\/p>\n\n\n\n<p><strong>Kako bismo javnosti u\u010dinili dostupnima informacije vezane za stradanja na\u0161ih sugra\u0111ana, pripadnika srpskog naroda, Inicijativa mladih za ljudska prava i Srpsko narodno vije\u0107e organiziraju predavanje i razgovor koje \u0107e voditi povjesni\u010dar i novinar Tihomir Pono\u0161 u \u010detvrtak, 14. rujna 2023. u 18 sati u prostoru Srpskog narodnog vije\u0107a na adresi Gajeva ulica 7.<\/strong><\/p>\n\n\n\n<p>Na predavanju i diskusiji nakon razgovarat \u0107emo o detaljima spomenute operacije, sudskim procesima i pravnim posljedicama te na\u010dinu na koji se oni danas u javnom prostoru razumiju i interpretiraju, (ne)vidljivosti civilnih \u017ertava pripadnika srpskog naroda tijekom i nakon ove operacije te prate\u0107im memorijalizacijskim praksama. Stoga vas pozivamo da nam se pridru\u017eite kako bismo zajedni\u010dki nau\u010dili vi\u0161e i oduprli selektivnom tuma\u010denju pro\u0161losti koje negativno utje\u010de na izgradnju procesa povjerenja.<\/p>\n\n\n\n<p>Razgovor s Tihomirom Pono\u0161em predstavlja prvu od aktivnosti koju \u0107emo provesti u sklopu studijske posjete \u201cMladi se sje\u0107aju zaboravljenih\u201d kako bismo glas dali i onima koje slu\u017ebene komemorativne prakse isklju\u010duju i zaboravljaju.<\/p>\n\n\n\n<hr class=\"wp-block-separator\"\/>\n\n\n\n<p>Izvor:<\/p>\n\n\n\n<p><a href=\"https:\/\/www.yihr.hr\/hr\/poziv-razgovor-povodom-30-obljetnice-vro-medacki-dzep-s-tihomirom-ponosem\">https:\/\/www.yihr.hr\/hr\/poziv-razgovor-povodom-30-obljetnice-vro-medacki-dzep-s-tihomirom-ponosem<\/a><\/p>\n\n\n\n<p><a href=\"https:\/\/www.facebook.com\/events\/1271604230192331\/\">https:\/\/www.facebook.com\/events\/1271604230192331\/<\/a><\/p>\n\n\n\n<hr class=\"wp-block-separator\"\/>\n","protected":false},"excerpt":{"rendered":"","protected":false},"author":2,"featured_media":37078,"comment_status":"open","ping_status":"open","sticky":false,"template":"","format":"standard","meta":{"_acf_changed":false,"_jetpack_newsletter_access":"","_jetpack_dont_email_post_to_subs":false,"_jetpack_newsletter_tier_id":0,"_jetpack_memberships_contains_paywalled_content":false,"_jetpack_memberships_contains_paid_content":false,"footnotes":"","jetpack_publicize_message":"","jetpack_publicize_feature_enabled":true,"jetpack_social_post_already_shared":true,"jetpack_social_options":{"image_generator_settings":{"template":"highway","default_image_id":0,"font":"","enabled":false},"version":2},"jetpack_post_was_ever_published":false},"categories":[3],"tags":[],"class_list":["post-37077","post","type-post","status-publish","format-standard","has-post-thumbnail","hentry","category-novosti"],"acf":{"facebook_opis":""},"jetpack_publicize_connections":[],"jetpack_featured_media_url":"https:\/\/i0.wp.com\/historiografija.hr\/wp-content\/uploads\/2023\/09\/Razgovor_Ponos.jpg?fit=1707%2C960&ssl=1","jetpack_sharing_enabled":true,"jetpack-related-posts":[{"id":54093,"url":"https:\/\/historiografija.hr\/?p=54093","url_meta":{"origin":37077,"position":0},"title":"Srednja.hr: Razgovor sa Snje\u017eanom Koren o nastavi povijesti i povu\u010denom ud\u017ebeniku povijesti","author":"Branimir Jankovi\u0107","date":"15. lipnja 2026.","format":false,"excerpt":"\"Iz brojnih,\u00a0uglavnom politi\u010dki motiviranih razloga, povijest je predmet koji je oduvijek izazovno podu\u010davati. Potvr\u0111uje to i Snje\u017eana Koren s Odsjeka za povijest pri Filozofskom fakultetu u Zagrebu. (...) U tom kontekstu prisje\u0107a se posljednjeg slu\u010daja povla\u010denja ud\u017ebenika povijesti za 4. razred gimnazije potkraj 2023. i po\u010detkom 2024. godine. Kao formalni\u2026","rel":"","context":"U &quot;Novosti&quot;","block_context":{"text":"Novosti","link":"https:\/\/historiografija.hr\/?cat=3"},"img":{"alt_text":"","src":"https:\/\/i0.wp.com\/historiografija.hr\/wp-content\/uploads\/2026\/06\/snjezana-koren-povijest.webp?fit=1200%2C675&ssl=1&resize=350%2C200","width":350,"height":200,"srcset":"https:\/\/i0.wp.com\/historiografija.hr\/wp-content\/uploads\/2026\/06\/snjezana-koren-povijest.webp?fit=1200%2C675&ssl=1&resize=350%2C200 1x, https:\/\/i0.wp.com\/historiografija.hr\/wp-content\/uploads\/2026\/06\/snjezana-koren-povijest.webp?fit=1200%2C675&ssl=1&resize=525%2C300 1.5x, https:\/\/i0.wp.com\/historiografija.hr\/wp-content\/uploads\/2026\/06\/snjezana-koren-povijest.webp?fit=1200%2C675&ssl=1&resize=700%2C400 2x, https:\/\/i0.wp.com\/historiografija.hr\/wp-content\/uploads\/2026\/06\/snjezana-koren-povijest.webp?fit=1200%2C675&ssl=1&resize=1050%2C600 3x"},"classes":[]},{"id":26186,"url":"https:\/\/historiografija.hr\/?p=26186","url_meta":{"origin":37077,"position":1},"title":"Kliofest 2021: Konferencija \u201cPROTIV historijskog revizionizma, ZA reviziju povijesnih spoznaja\u201d","author":"Branimir Jankovi\u0107","date":"10. svibnja 2021.","format":false,"excerpt":"PROTIV historijskog revizionizma, ZA reviziju povijesnih spoznaja naslov je konferencije planirane ove godine u okviru festivala Kliofest (odr\u017eat \u0107e se 12. svibnja izme\u0111u 11 i 14 sati), u sklopu projekta Histoire pour la libert\u00e9, koji financira Europska komisija iz programa \u201eEuropa za gra\u0111ane\u201c. Njezina je temeljna ideja upravo poticanje rasprave\u2026","rel":"","context":"U &quot;Novosti&quot;","block_context":{"text":"Novosti","link":"https:\/\/historiografija.hr\/?cat=3"},"img":{"alt_text":"","src":"https:\/\/i0.wp.com\/historiografija.hr\/wp-content\/uploads\/2021\/05\/ZG-histoire.jpg?fit=1024%2C1024&ssl=1&resize=350%2C200","width":350,"height":200,"srcset":"https:\/\/i0.wp.com\/historiografija.hr\/wp-content\/uploads\/2021\/05\/ZG-histoire.jpg?fit=1024%2C1024&ssl=1&resize=350%2C200 1x, https:\/\/i0.wp.com\/historiografija.hr\/wp-content\/uploads\/2021\/05\/ZG-histoire.jpg?fit=1024%2C1024&ssl=1&resize=525%2C300 1.5x, https:\/\/i0.wp.com\/historiografija.hr\/wp-content\/uploads\/2021\/05\/ZG-histoire.jpg?fit=1024%2C1024&ssl=1&resize=700%2C400 2x"},"classes":[]},{"id":54570,"url":"https:\/\/historiografija.hr\/?p=54570","url_meta":{"origin":37077,"position":2},"title":"Historiografsko mi\u0161ljenje \u2013 Jay Winter: Potpuna ti\u0161ina o usta\u0161ama je neprihvatljiva","author":"Branimir Jankovi\u0107","date":"13. srpnja 2026.","format":false,"excerpt":"\u201cS godinama suo\u010dio sam se, poput svih nas, s ti\u0161inom dr\u017eava. Sve se dr\u017eave upu\u0161taju u potiskivanje lo\u0161ih narativa. Pri\u010da o usta\u0161ama bila je ne\u0161to \u0161to je Tu\u0111man htio umanjiti, htio je da ne bude toliko zna\u010dajna koliko ju je Tito u\u010dinio zna\u010dajnom. Do odre\u0111ene mjere, razumijem Tu\u0111manove razloge za\u2026","rel":"","context":"U &quot;Novosti&quot;","block_context":{"text":"Novosti","link":"https:\/\/historiografija.hr\/?cat=3"},"img":{"alt_text":"","src":"https:\/\/i0.wp.com\/historiografija.hr\/wp-content\/uploads\/2026\/04\/Winter.jpg?fit=1166%2C720&ssl=1&resize=350%2C200","width":350,"height":200,"srcset":"https:\/\/i0.wp.com\/historiografija.hr\/wp-content\/uploads\/2026\/04\/Winter.jpg?fit=1166%2C720&ssl=1&resize=350%2C200 1x, https:\/\/i0.wp.com\/historiografija.hr\/wp-content\/uploads\/2026\/04\/Winter.jpg?fit=1166%2C720&ssl=1&resize=525%2C300 1.5x, https:\/\/i0.wp.com\/historiografija.hr\/wp-content\/uploads\/2026\/04\/Winter.jpg?fit=1166%2C720&ssl=1&resize=700%2C400 2x, https:\/\/i0.wp.com\/historiografija.hr\/wp-content\/uploads\/2026\/04\/Winter.jpg?fit=1166%2C720&ssl=1&resize=1050%2C600 3x"},"classes":[]},{"id":2068,"url":"https:\/\/historiografija.hr\/?p=2068","url_meta":{"origin":37077,"position":3},"title":"Stjepko Barac &#8211; Prikaz knjige &#8211; Carlo Ginzburg, &#8220;Threads and Traces: True, False, Fictive&#8221;, University of California Press, 2012, 328 str.","author":"admin","date":"7. prosinca 2014.","format":false,"excerpt":"Carlo Ginzburg, Threads and Traces: True, False, Fictive, University of California Press, 2012, 328 str.Ljudi vole pri\u010de. Ima ne\u0161to u pri\u010dama, u uzbudljivosti naracije i i\u0161\u010dekivanju trenutka kada se po\u010detak, sredina i kraj spoje u razumljivu cjelinu iz \u010dega proizlazi osobita mo\u0107 preno\u0161enja znanja i iskustva. Jo\u0161 je 1979. godine\u2026","rel":"","context":"U &quot;Prikazi i osvrti&quot;","block_context":{"text":"Prikazi i osvrti","link":"https:\/\/historiografija.hr\/?cat=4"},"img":{"alt_text":"","src":"","width":0,"height":0},"classes":[]},{"id":54483,"url":"https:\/\/historiografija.hr\/?p=54483","url_meta":{"origin":37077,"position":4},"title":"Izlo\u017eba &#8220;ANDRIJA MAUROVI\u0106: Plakati, reklame, naslovnice 1921 \u2013 1979.&#8221;","author":"Branimir Jankovi\u0107","date":"7. srpnja 2026.","format":false,"excerpt":"U petak 3. srpnja 2026. u 20 sati u HDD galeriji u Zagrebu otvorena je izlo\u017eba ANDRIJA MAUROVI\u0106: PLAKATI, REKLAME, NASLOVNICE 1921 \u2013 1979. Izlo\u017eba, \u010diji je kustos iskusni istra\u017eiva\u010d stripa, izdava\u010d i filmski publicist Veljko Krul\u010di\u0107, po prvi put na jednom mjestu sa\u017eima opus najslavnijeg hrvatskog strip autora u\u2026","rel":"","context":"U &quot;Izlo\u017ebe&quot;","block_context":{"text":"Izlo\u017ebe","link":"https:\/\/historiografija.hr\/?cat=10"},"img":{"alt_text":"","src":"https:\/\/i0.wp.com\/historiografija.hr\/wp-content\/uploads\/2026\/07\/maurovic-naslovnica.jpg?fit=1200%2C800&ssl=1&resize=350%2C200","width":350,"height":200,"srcset":"https:\/\/i0.wp.com\/historiografija.hr\/wp-content\/uploads\/2026\/07\/maurovic-naslovnica.jpg?fit=1200%2C800&ssl=1&resize=350%2C200 1x, https:\/\/i0.wp.com\/historiografija.hr\/wp-content\/uploads\/2026\/07\/maurovic-naslovnica.jpg?fit=1200%2C800&ssl=1&resize=525%2C300 1.5x, https:\/\/i0.wp.com\/historiografija.hr\/wp-content\/uploads\/2026\/07\/maurovic-naslovnica.jpg?fit=1200%2C800&ssl=1&resize=700%2C400 2x, https:\/\/i0.wp.com\/historiografija.hr\/wp-content\/uploads\/2026\/07\/maurovic-naslovnica.jpg?fit=1200%2C800&ssl=1&resize=1050%2C600 3x"},"classes":[]},{"id":54967,"url":"https:\/\/historiografija.hr\/?p=54967","url_meta":{"origin":37077,"position":5},"title":"Milan Ristovi\u0107, \u201eUti\u0161ani glasovi. Iz istorije obi\u010dnih ljudi\u201c","author":"Branimir Jankovi\u0107","date":"14. kolovoza 2026.","format":false,"excerpt":"Devedesetih godina pro\u0161log veka pojavili su se mla\u0111i i hrabriji istori\u010dari pi\u0161u\u0107i eseje o malim sudbinama pojedinaca u vihorima tih ogromnih prevrata sveta. \u017deleli su da makar naknadno ostave trag dostojanstvu nepravedno nazvanom Mali \u010dovek. Pokazali su da istorijska faktografija nudi beskona\u010dno mnogo izuzetnih pri\u010da koje ravnopravno i jednako zanimljivim\u2026","rel":"","context":"U &quot;Knjige&quot;","block_context":{"text":"Knjige","link":"https:\/\/historiografija.hr\/?cat=8"},"img":{"alt_text":"","src":"https:\/\/i0.wp.com\/historiografija.hr\/wp-content\/uploads\/2026\/08\/Utisani-glasovi.jpg?fit=373%2C551&ssl=1&resize=350%2C200","width":350,"height":200},"classes":[]}],"_links":{"self":[{"href":"https:\/\/historiografija.hr\/index.php?rest_route=\/wp\/v2\/posts\/37077","targetHints":{"allow":["GET"]}}],"collection":[{"href":"https:\/\/historiografija.hr\/index.php?rest_route=\/wp\/v2\/posts"}],"about":[{"href":"https:\/\/historiografija.hr\/index.php?rest_route=\/wp\/v2\/types\/post"}],"author":[{"embeddable":true,"href":"https:\/\/historiografija.hr\/index.php?rest_route=\/wp\/v2\/users\/2"}],"replies":[{"embeddable":true,"href":"https:\/\/historiografija.hr\/index.php?rest_route=%2Fwp%2Fv2%2Fcomments&post=37077"}],"version-history":[{"count":1,"href":"https:\/\/historiografija.hr\/index.php?rest_route=\/wp\/v2\/posts\/37077\/revisions"}],"predecessor-version":[{"id":37079,"href":"https:\/\/historiografija.hr\/index.php?rest_route=\/wp\/v2\/posts\/37077\/revisions\/37079"}],"wp:featuredmedia":[{"embeddable":true,"href":"https:\/\/historiografija.hr\/index.php?rest_route=\/wp\/v2\/media\/37078"}],"wp:attachment":[{"href":"https:\/\/historiografija.hr\/index.php?rest_route=%2Fwp%2Fv2%2Fmedia&parent=37077"}],"wp:term":[{"taxonomy":"category","embeddable":true,"href":"https:\/\/historiografija.hr\/index.php?rest_route=%2Fwp%2Fv2%2Fcategories&post=37077"},{"taxonomy":"post_tag","embeddable":true,"href":"https:\/\/historiografija.hr\/index.php?rest_route=%2Fwp%2Fv2%2Ftags&post=37077"}],"curies":[{"name":"wp","href":"https:\/\/api.w.org\/{rel}","templated":true}]}}