{"id":37074,"date":"2023-09-11T19:17:45","date_gmt":"2023-09-11T19:17:45","guid":{"rendered":"http:\/\/historiografija.hr\/?p=37074"},"modified":"2023-09-14T21:24:45","modified_gmt":"2023-09-14T21:24:45","slug":"priopcenje-documente-povodom-30-godisnjice-akcije-medacki-dzep-i-studija-tihomira-ponosa","status":"publish","type":"post","link":"https:\/\/historiografija.hr\/?p=37074","title":{"rendered":"Priop\u0107enje Documente povodom 30. godi\u0161njice akcije \u201eMeda\u010dki d\u017eep\u201c i studija Tihomira Pono\u0161a"},"content":{"rendered":"\n<p>Povodom 30. godi\u0161njice akcije \u201eMeda\u010dki d\u017eep\u201c (1993-2023), Documenta \u2013 Centar za suo\u010davanje s pro\u0161lo\u0161\u0107u objavila je priop\u0107enje \u201ePamtimo ubijene u Meda\u010dkom d\u017eepu\u201c i studiju slu\u010daja novinara i publiciste Tihomira Pono\u0161a, koji su dostupni na sljede\u0107oj poveznici:<\/p>\n\n\n\n<figure class=\"wp-block-embed-wordpress wp-block-embed is-type-wp-embed is-provider-documenta\"><div class=\"wp-block-embed__wrapper\">\n<blockquote class=\"wp-embedded-content\" data-secret=\"sjWUIeuTMD\"><a href=\"https:\/\/documenta.hr\/novosti\/pamtimo-ubijene-u-medackom-dzepu\/\">Pamtimo ubijene u Meda\u010dkom d\u017eepu<\/a><\/blockquote><iframe loading=\"lazy\" class=\"wp-embedded-content\" sandbox=\"allow-scripts\" security=\"restricted\" style=\"position: absolute; clip: rect(1px, 1px, 1px, 1px);\" title=\"&#8220;Pamtimo ubijene u Meda\u010dkom d\u017eepu&#8221; &#8212; Documenta\" src=\"https:\/\/documenta.hr\/novosti\/pamtimo-ubijene-u-medackom-dzepu\/embed\/#?secret=sjWUIeuTMD\" data-secret=\"sjWUIeuTMD\" width=\"600\" height=\"338\" frameborder=\"0\" marginwidth=\"0\" marginheight=\"0\" scrolling=\"no\"><\/iframe>\n<\/div><\/figure>\n\n\n\n<hr class=\"wp-block-separator\"\/>\n\n\n\n<p>Iz medija:<\/p>\n\n\n\n<p><a href=\"https:\/\/www.hina.hr\/vijest\/11409672\">https:\/\/www.hina.hr\/vijest\/11409672<\/a><\/p>\n\n\n\n<p><a href=\"https:\/\/www.index.hr\/vijesti\/clanak\/documenta-vlada-je-umjesto-zrtava-u-medackom-dzepu-spomenula-samo-stradale-vojnike\/2494046.aspx\">https:\/\/www.index.hr\/vijesti\/clanak\/documenta-vlada-je-umjesto-zrtava-u-medackom-dzepu-spomenula-samo-stradale-vojnike\/2494046.aspx<\/a><\/p>\n\n\n\n<figure class=\"wp-block-embed-wordpress wp-block-embed is-type-wp-embed is-provider-autonomija\"><div class=\"wp-block-embed__wrapper\">\n<blockquote class=\"wp-embedded-content\" data-secret=\"UqLJBHNFxn\"><a href=\"https:\/\/autonomija.info\/centar-dokumentapredstavnici-vlade-hrvatske-opet-bez-zaljenja-zbog-zrtava-u-medackom-dzepu\/\">Centar Dokumenta:Predstavnici vlade Hrvatske opet bez \u017ealjenja zbog \u017ertava u Meda\u010dkom d\u017eepu<\/a><\/blockquote><iframe loading=\"lazy\" class=\"wp-embedded-content\" sandbox=\"allow-scripts\" security=\"restricted\" style=\"position: absolute; clip: rect(1px, 1px, 1px, 1px);\" title=\"&#132;Centar Dokumenta:Predstavnici vlade Hrvatske opet bez \u017ealjenja zbog \u017ertava u Meda\u010dkom d\u017eepu&#147; &#8212; Autonomija\" src=\"https:\/\/autonomija.info\/centar-dokumentapredstavnici-vlade-hrvatske-opet-bez-zaljenja-zbog-zrtava-u-medackom-dzepu\/embed\/#?secret=Nu4PBbV7LN#?secret=UqLJBHNFxn\" data-secret=\"UqLJBHNFxn\" width=\"600\" height=\"338\" frameborder=\"0\" marginwidth=\"0\" marginheight=\"0\" scrolling=\"no\"><\/iframe>\n<\/div><\/figure>\n\n\n\n<hr class=\"wp-block-separator\"\/>\n\n\n\n<p><a href=\"https:\/\/www.portalnovosti.com\/spaljena-zemlja-medackog-dzepa\">https:\/\/www.portalnovosti.com\/spaljena-zemlja-medackog-dzepa<\/a><\/p>\n\n\n\n<hr class=\"wp-block-separator\"\/>\n","protected":false},"excerpt":{"rendered":"","protected":false},"author":2,"featured_media":37075,"comment_status":"open","ping_status":"open","sticky":false,"template":"","format":"standard","meta":{"_acf_changed":false,"_jetpack_newsletter_access":"","_jetpack_dont_email_post_to_subs":false,"_jetpack_newsletter_tier_id":0,"_jetpack_memberships_contains_paywalled_content":false,"_jetpack_memberships_contains_paid_content":false,"footnotes":"","jetpack_publicize_message":"","jetpack_publicize_feature_enabled":true,"jetpack_social_post_already_shared":true,"jetpack_social_options":{"image_generator_settings":{"template":"highway","default_image_id":0,"font":"","enabled":false},"version":2},"jetpack_post_was_ever_published":false},"categories":[3],"tags":[],"class_list":["post-37074","post","type-post","status-publish","format-standard","has-post-thumbnail","hentry","category-novosti"],"acf":{"facebook_opis":""},"jetpack_publicize_connections":[],"jetpack_featured_media_url":"https:\/\/i0.wp.com\/historiografija.hr\/wp-content\/uploads\/2023\/09\/Studija-slucaja-Ponos.jpg?fit=1275%2C667&ssl=1","jetpack_sharing_enabled":true,"jetpack-related-posts":[{"id":54809,"url":"https:\/\/historiografija.hr\/?p=54809","url_meta":{"origin":37074,"position":0},"title":"Tribina o doga\u0111anjima prije, tokom i nakon ustanka u Srbu","author":"Branimir Jankovi\u0107","date":"27. srpnja 2026.","format":false,"excerpt":"U ponedjeljak, 27. srpnja 2026. u 19.15 sati u Srbu \u0107e - povodom obilje\u017eavanja Dana ustanka naroda Hrvatske - biti odr\u017eana tribina o doga\u0111anjima prije, tokom i nakon ustanka u Srbu. Sudjeluju: Milan Radanovi\u0107 (moderator) te Igor Mrkalj i Ivo Goldstein. Tribina \u0107e biti u\u017eivo preno\u0161ena putem Facebook profila SNV-a.\u2026","rel":"","context":"U &quot;Novosti&quot;","block_context":{"text":"Novosti","link":"https:\/\/historiografija.hr\/?cat=3"},"img":{"alt_text":"","src":"https:\/\/i0.wp.com\/historiografija.hr\/wp-content\/uploads\/2026\/07\/SNV_Srb_2026.jpg?fit=1200%2C720&ssl=1&resize=350%2C200","width":350,"height":200,"srcset":"https:\/\/i0.wp.com\/historiografija.hr\/wp-content\/uploads\/2026\/07\/SNV_Srb_2026.jpg?fit=1200%2C720&ssl=1&resize=350%2C200 1x, https:\/\/i0.wp.com\/historiografija.hr\/wp-content\/uploads\/2026\/07\/SNV_Srb_2026.jpg?fit=1200%2C720&ssl=1&resize=525%2C300 1.5x, https:\/\/i0.wp.com\/historiografija.hr\/wp-content\/uploads\/2026\/07\/SNV_Srb_2026.jpg?fit=1200%2C720&ssl=1&resize=700%2C400 2x, https:\/\/i0.wp.com\/historiografija.hr\/wp-content\/uploads\/2026\/07\/SNV_Srb_2026.jpg?fit=1200%2C720&ssl=1&resize=1050%2C600 3x"},"classes":[]},{"id":54649,"url":"https:\/\/historiografija.hr\/?p=54649","url_meta":{"origin":37074,"position":1},"title":"Objavljen je 24. broj \u010dasopisa &#8220;Historijska traganja&#8221; (2025)","author":"Branimir Jankovi\u0107","date":"17. srpnja 2026.","format":false,"excerpt":"Institut za \u00a0historiju Univerziteta u Sarajevu objavio je 24. broj \u010dasopisa Historijska traganja. U ovom broju je objavljeno ukupno deset \u010dlanaka (od toga sedam u tematskom bloku Znanje pod nadzorom: ideologije, dru\u0161tvo i mo\u0107). Tu je i rubrika Gra\u0111a u kojoj su objavljena pisma \u0161to ih je Vejsil \u0106ur\u010di\u0107 pisao\u2026","rel":"","context":"U &quot;\u010casopisi&quot;","block_context":{"text":"\u010casopisi","link":"https:\/\/historiografija.hr\/?cat=21"},"img":{"alt_text":"","src":"https:\/\/i0.wp.com\/historiografija.hr\/wp-content\/uploads\/2026\/07\/historijska-traganja-24-2025.jpg?fit=450%2C650&ssl=1&resize=350%2C200","width":350,"height":200},"classes":[]},{"id":54009,"url":"https:\/\/historiografija.hr\/?p=54009","url_meta":{"origin":37074,"position":2},"title":"Znanstveni skup \u201ePro\u0161lost Crkve na prostoru Rije\u010dke nadbiskupije\u201c","author":"Filip \u0160imunjak","date":"10. lipnja 2026.","format":false,"excerpt":"Rije\u010dka nadbiskupija i Zavod za povijesne i dru\u0161tvene znanosti HAZU 10. lipnja organiziraju Znanstveni skup povodom 100. godi\u0161njice uspostave biskupijskoga sjedi\u0161ta u Rijeci. Skup pod naslovom \u201ePro\u0161lost Crkve na prostoru Rije\u010dke nadbiskupije\u201c bit \u0107e odr\u017ean u nadbiskupskom domu u Rijeci (ul. Slavi\u0161e Vajnera \u010ci\u010de 2) i po\u010dinje u 9 sati.\u2026","rel":"","context":"U &quot;Novosti&quot;","block_context":{"text":"Novosti","link":"https:\/\/historiografija.hr\/?cat=3"},"img":{"alt_text":"","src":"https:\/\/i0.wp.com\/historiografija.hr\/wp-content\/uploads\/2026\/06\/Proslost-crkve-Rijeka-Skup.webp?fit=1200%2C800&ssl=1&resize=350%2C200","width":350,"height":200,"srcset":"https:\/\/i0.wp.com\/historiografija.hr\/wp-content\/uploads\/2026\/06\/Proslost-crkve-Rijeka-Skup.webp?fit=1200%2C800&ssl=1&resize=350%2C200 1x, https:\/\/i0.wp.com\/historiografija.hr\/wp-content\/uploads\/2026\/06\/Proslost-crkve-Rijeka-Skup.webp?fit=1200%2C800&ssl=1&resize=525%2C300 1.5x, https:\/\/i0.wp.com\/historiografija.hr\/wp-content\/uploads\/2026\/06\/Proslost-crkve-Rijeka-Skup.webp?fit=1200%2C800&ssl=1&resize=700%2C400 2x, https:\/\/i0.wp.com\/historiografija.hr\/wp-content\/uploads\/2026\/06\/Proslost-crkve-Rijeka-Skup.webp?fit=1200%2C800&ssl=1&resize=1050%2C600 3x"},"classes":[]},{"id":53078,"url":"https:\/\/historiografija.hr\/?p=53078","url_meta":{"origin":37074,"position":3},"title":"Filmski \u010detvrtak u Hrvatskom dr\u017eavnom arhivu &#8211; Vladimir Nazor: pjesnik \u017eivota i smrti","author":"Branimir Jankovi\u0107","date":"11. svibnja 2026.","format":false,"excerpt":"Novo izdanje Filmskog \u010detvrtka 14. svibnja 2026. u 18 h u Hrvatskom dr\u017eavnom arhivu (dvorana Katalozi) odaje po\u010dast velikom hrvatskom knji\u017eevniku Vladimiru Nazoru povodom 150. godi\u0161njice njegova ro\u0111enja (Postira na Bra\u010du, 30. svibnja 1876.). Reporta\u017ee \u017eurnala svjedo\u010de o njegovu politi\u010dkom radu i dru\u0161tvenom ugledu, a dokumentarni filmovi \u201ePjesnik \u017eivota\u201d (Obrad\u2026","rel":"","context":"U &quot;Filmovi i serije&quot;","block_context":{"text":"Filmovi i serije","link":"https:\/\/historiografija.hr\/?cat=13"},"img":{"alt_text":"","src":"https:\/\/i0.wp.com\/historiografija.hr\/wp-content\/uploads\/2026\/05\/Nazor.jpg?fit=700%2C511&ssl=1&resize=350%2C200","width":350,"height":200,"srcset":"https:\/\/i0.wp.com\/historiografija.hr\/wp-content\/uploads\/2026\/05\/Nazor.jpg?fit=700%2C511&ssl=1&resize=350%2C200 1x, https:\/\/i0.wp.com\/historiografija.hr\/wp-content\/uploads\/2026\/05\/Nazor.jpg?fit=700%2C511&ssl=1&resize=525%2C300 1.5x, https:\/\/i0.wp.com\/historiografija.hr\/wp-content\/uploads\/2026\/05\/Nazor.jpg?fit=700%2C511&ssl=1&resize=700%2C400 2x"},"classes":[]},{"id":52920,"url":"https:\/\/historiografija.hr\/?p=52920","url_meta":{"origin":37074,"position":4},"title":"Memorijalna intervencija Marka Tadi\u0107a u Rakovom Potoku","author":"Branimir Jankovi\u0107","date":"6. svibnja 2026.","format":false,"excerpt":"Privremena memorijalna umjetni\u010dka intervencija u \u010dast \u017ertava fa\u0161izma Vidi, vrata su otvorena\u00a0autora Marka Tadi\u0107a otvara se 8. svibnja, povodom Dana oslobo\u0111enja Grada Zagreba u Drugom svjetskom ratu, u spomen-parku Rakov Potok. Rakov Potok drugo je najve\u0107e mjesto masovnog stradanja tijekom Drugog svjetskog rata u Zagrebu. Mjesto gdje se danas nalazi\u2026","rel":"","context":"U &quot;Novosti&quot;","block_context":{"text":"Novosti","link":"https:\/\/historiografija.hr\/?cat=3"},"img":{"alt_text":"","src":"https:\/\/i0.wp.com\/historiografija.hr\/wp-content\/uploads\/2026\/05\/marko-tadic.jpeg?fit=600%2C600&ssl=1&resize=350%2C200","width":350,"height":200,"srcset":"https:\/\/i0.wp.com\/historiografija.hr\/wp-content\/uploads\/2026\/05\/marko-tadic.jpeg?fit=600%2C600&ssl=1&resize=350%2C200 1x, https:\/\/i0.wp.com\/historiografija.hr\/wp-content\/uploads\/2026\/05\/marko-tadic.jpeg?fit=600%2C600&ssl=1&resize=525%2C300 1.5x"},"classes":[]},{"id":54206,"url":"https:\/\/historiografija.hr\/?p=54206","url_meta":{"origin":37074,"position":5},"title":"Objavljen zbornik radova: \u201eMiko Tripalo: povodom 100. godi\u0161njice ro\u0111enja\u201c","author":"Filip \u0160imunjak","date":"19. lipnja 2026.","format":false,"excerpt":"Zbornik na gotovo 800 stranica donosi 37 priloga \u2013 od Tripalove kronologije \u017eivota do razli\u010ditih segmenata kojima se Tripalo bavio u \u017eivotu: prava, ekonomije, socijalne pravednosti, nacionalnog identiteta, kulture, a prije svega Tripalovog inzistiranja ulaska Hrvatske u europsku uniju i njegovanja europskih vrijednosti, demokracije i otvorenog dru\u0161tva. O vrijednostima hrvatskog\u2026","rel":"","context":"U &quot;Knjige&quot;","block_context":{"text":"Knjige","link":"https:\/\/historiografija.hr\/?cat=8"},"img":{"alt_text":"","src":"https:\/\/i0.wp.com\/historiografija.hr\/wp-content\/uploads\/2026\/06\/Tripalo-zbornik.png?fit=1200%2C630&ssl=1&resize=350%2C200","width":350,"height":200,"srcset":"https:\/\/i0.wp.com\/historiografija.hr\/wp-content\/uploads\/2026\/06\/Tripalo-zbornik.png?fit=1200%2C630&ssl=1&resize=350%2C200 1x, https:\/\/i0.wp.com\/historiografija.hr\/wp-content\/uploads\/2026\/06\/Tripalo-zbornik.png?fit=1200%2C630&ssl=1&resize=525%2C300 1.5x, https:\/\/i0.wp.com\/historiografija.hr\/wp-content\/uploads\/2026\/06\/Tripalo-zbornik.png?fit=1200%2C630&ssl=1&resize=700%2C400 2x, https:\/\/i0.wp.com\/historiografija.hr\/wp-content\/uploads\/2026\/06\/Tripalo-zbornik.png?fit=1200%2C630&ssl=1&resize=1050%2C600 3x"},"classes":[]}],"_links":{"self":[{"href":"https:\/\/historiografija.hr\/index.php?rest_route=\/wp\/v2\/posts\/37074","targetHints":{"allow":["GET"]}}],"collection":[{"href":"https:\/\/historiografija.hr\/index.php?rest_route=\/wp\/v2\/posts"}],"about":[{"href":"https:\/\/historiografija.hr\/index.php?rest_route=\/wp\/v2\/types\/post"}],"author":[{"embeddable":true,"href":"https:\/\/historiografija.hr\/index.php?rest_route=\/wp\/v2\/users\/2"}],"replies":[{"embeddable":true,"href":"https:\/\/historiografija.hr\/index.php?rest_route=%2Fwp%2Fv2%2Fcomments&post=37074"}],"version-history":[{"count":2,"href":"https:\/\/historiografija.hr\/index.php?rest_route=\/wp\/v2\/posts\/37074\/revisions"}],"predecessor-version":[{"id":37134,"href":"https:\/\/historiografija.hr\/index.php?rest_route=\/wp\/v2\/posts\/37074\/revisions\/37134"}],"wp:featuredmedia":[{"embeddable":true,"href":"https:\/\/historiografija.hr\/index.php?rest_route=\/wp\/v2\/media\/37075"}],"wp:attachment":[{"href":"https:\/\/historiografija.hr\/index.php?rest_route=%2Fwp%2Fv2%2Fmedia&parent=37074"}],"wp:term":[{"taxonomy":"category","embeddable":true,"href":"https:\/\/historiografija.hr\/index.php?rest_route=%2Fwp%2Fv2%2Fcategories&post=37074"},{"taxonomy":"post_tag","embeddable":true,"href":"https:\/\/historiografija.hr\/index.php?rest_route=%2Fwp%2Fv2%2Ftags&post=37074"}],"curies":[{"name":"wp","href":"https:\/\/api.w.org\/{rel}","templated":true}]}}